{"id":2969,"date":"2024-12-26T11:36:24","date_gmt":"2024-12-26T14:36:24","guid":{"rendered":"https:\/\/memoriadaculturaesportebsb.com.br\/?p=2969"},"modified":"2024-12-26T14:06:40","modified_gmt":"2024-12-26T17:06:40","slug":"solange-cordeiro-de-souza-fendel","status":"publish","type":"post","link":"https:\/\/memoriadaculturaesportebsb.com.br\/index.php\/2024\/12\/26\/solange-cordeiro-de-souza-fendel\/","title":{"rendered":"Solange Cordeiro de Souza Fendel"},"content":{"rendered":"<p><a href=\"https:\/\/memoriadaculturaesportebsb.com.br\/wp-content\/uploads\/2024\/12\/WhatsApp-Image-2024-12-26-at-10.01.14.jpeg\"><img loading=\"lazy\" decoding=\"async\" class=\"alignleft size-medium wp-image-2970\" src=\"https:\/\/memoriadaculturaesportebsb.com.br\/wp-content\/uploads\/2024\/12\/WhatsApp-Image-2024-12-26-at-10.01.14-221x300.jpeg\" alt=\"\" width=\"221\" height=\"300\" srcset=\"https:\/\/memoriadaculturaesportebsb.com.br\/wp-content\/uploads\/2024\/12\/WhatsApp-Image-2024-12-26-at-10.01.14-221x300.jpeg 221w, https:\/\/memoriadaculturaesportebsb.com.br\/wp-content\/uploads\/2024\/12\/WhatsApp-Image-2024-12-26-at-10.01.14.jpeg 708w\" sizes=\"auto, (max-width: 221px) 100vw, 221px\" \/><\/a>Solange Cordeiro de Souza Fendel, nasceu em Bras\u00edlia em 05 de fevereiro de 1969. Come\u00e7ou a praticar atletismo aos 14 anos, no col\u00e9gio em Sobradinho-DF, quando conheceu o professor Jo\u00e3o Sena, que a convidou para treinar. Sua inspira\u00e7\u00e3o no atletismo era Joaquim Cruz.<\/p>\n<p>Em 1985, disputou os JEBs e foi campe\u00e3 na prova dos 3.000 metros. Ap\u00f3s essa competi\u00e7\u00e3o, passou a ser patrocinada pela Ultracred. Em 1992, transferiu-se para Santo Andr\u00e9 e conquistou o \u00cdndice ol\u00edmpico da prova dos 10.000 metros, mas, 13 dias antes do embarque, foi cortada pela confedera\u00e7\u00e3o sob a alega\u00e7\u00e3o de que o incide B era insuficiente para aquela competi\u00e7\u00e3o. Solange representou o Brasil v\u00e1rias vezes em competi\u00e7\u00f5es internacionais.<\/p>\n<p><a href=\"https:\/\/memoriadaculturaesportebsb.com.br\/wp-content\/uploads\/2024\/12\/WhatsApp-Image-2024-12-26-at-10.01.41.jpeg\"><img loading=\"lazy\" decoding=\"async\" class=\"alignright size-medium wp-image-2973\" src=\"https:\/\/memoriadaculturaesportebsb.com.br\/wp-content\/uploads\/2024\/12\/WhatsApp-Image-2024-12-26-at-10.01.41-191x300.jpeg\" alt=\"\" width=\"191\" height=\"300\" srcset=\"https:\/\/memoriadaculturaesportebsb.com.br\/wp-content\/uploads\/2024\/12\/WhatsApp-Image-2024-12-26-at-10.01.41-191x300.jpeg 191w, https:\/\/memoriadaculturaesportebsb.com.br\/wp-content\/uploads\/2024\/12\/WhatsApp-Image-2024-12-26-at-10.01.41.jpeg 611w\" sizes=\"auto, (max-width: 191px) 100vw, 191px\" \/><\/a>No final de 1995, foi treinar em San Diego, nos EUA, e conseguiu o \u00edndice para os Jogos Ol\u00edmpicos de Atlanta, em 1996. Voltou a San Diego para treinar com Joaquim Cruz e sagrar-se campe\u00e3 do Trof\u00e9u Brasil, em 1997, nos 10.000 metros. No final de 1998, em competi\u00e7\u00e3o na cidade de Illinois, conheceu seu marido. Em 1999, mudou-se para Indian\u00e1polis, onde, ap\u00f3s uma competi\u00e7\u00e3o, descobriu uma artrite que a tirou das pistas por quatro anos. Em meados de 2.000, encerrou a carreira de atleta.<\/p>\n<p>Atualmente mora com a fam\u00edlia em Indianapolis. Solange foi vencedora de v\u00e1rias corridas de rua no Brasil e destacamos 5 vitorias nas Corridas de Reis de Bras\u00edlia, em 1987, 1990, 1994, 1997, 1999.<\/p>\n<p>Solange, mais uma joia do nosso esporte e um orgulho para Bras\u00edlia.<\/p>\n<p>Texto do Por prof. Francisco Xavier<\/p>\n","protected":false},"excerpt":{"rendered":"<p>Solange Cordeiro de Souza Fendel, nasceu em Bras\u00edlia em 05 de fevereiro de 1969. Come\u00e7ou a praticar atletismo aos 14 anos, no col\u00e9gio em Sobradinho-DF, quando conheceu o professor Jo\u00e3o Sena, que a convidou para treinar. Sua inspira\u00e7\u00e3o no atletismo era Joaquim Cruz. Em 1985, disputou os JEBs e foi campe\u00e3 na prova dos 3.000 &hellip;<\/p>\n","protected":false},"author":2,"featured_media":0,"comment_status":"closed","ping_status":"closed","sticky":false,"template":"","format":"standard","meta":{"footnotes":""},"categories":[13,4,16],"tags":[],"class_list":["post-2969","post","type-post","status-publish","format-standard","","category-colunistas","category-esporte","category-helio-tremendani"],"_links":{"self":[{"href":"https:\/\/memoriadaculturaesportebsb.com.br\/index.php\/wp-json\/wp\/v2\/posts\/2969","targetHints":{"allow":["GET"]}}],"collection":[{"href":"https:\/\/memoriadaculturaesportebsb.com.br\/index.php\/wp-json\/wp\/v2\/posts"}],"about":[{"href":"https:\/\/memoriadaculturaesportebsb.com.br\/index.php\/wp-json\/wp\/v2\/types\/post"}],"author":[{"embeddable":true,"href":"https:\/\/memoriadaculturaesportebsb.com.br\/index.php\/wp-json\/wp\/v2\/users\/2"}],"replies":[{"embeddable":true,"href":"https:\/\/memoriadaculturaesportebsb.com.br\/index.php\/wp-json\/wp\/v2\/comments?post=2969"}],"version-history":[{"count":3,"href":"https:\/\/memoriadaculturaesportebsb.com.br\/index.php\/wp-json\/wp\/v2\/posts\/2969\/revisions"}],"predecessor-version":[{"id":2983,"href":"https:\/\/memoriadaculturaesportebsb.com.br\/index.php\/wp-json\/wp\/v2\/posts\/2969\/revisions\/2983"}],"wp:attachment":[{"href":"https:\/\/memoriadaculturaesportebsb.com.br\/index.php\/wp-json\/wp\/v2\/media?parent=2969"}],"wp:term":[{"taxonomy":"category","embeddable":true,"href":"https:\/\/memoriadaculturaesportebsb.com.br\/index.php\/wp-json\/wp\/v2\/categories?post=2969"},{"taxonomy":"post_tag","embeddable":true,"href":"https:\/\/memoriadaculturaesportebsb.com.br\/index.php\/wp-json\/wp\/v2\/tags?post=2969"}],"curies":[{"name":"wp","href":"https:\/\/api.w.org\/{rel}","templated":true}]}}