{"id":2961,"date":"2024-12-23T16:56:11","date_gmt":"2024-12-23T19:56:11","guid":{"rendered":"https:\/\/memoriadaculturaesportebsb.com.br\/?p=2961"},"modified":"2024-12-23T17:06:07","modified_gmt":"2024-12-23T20:06:07","slug":"basquetebol-oficial-de-brasilia","status":"publish","type":"post","link":"https:\/\/memoriadaculturaesportebsb.com.br\/index.php\/2024\/12\/23\/basquetebol-oficial-de-brasilia\/","title":{"rendered":"Basquetebol Oficial de Bras\u00edlia"},"content":{"rendered":"<figure id=\"attachment_2962\" aria-describedby=\"caption-attachment-2962\" style=\"width: 300px\" class=\"wp-caption alignleft\"><a href=\"https:\/\/memoriadaculturaesportebsb.com.br\/wp-content\/uploads\/2024\/12\/WhatsApp-Image-2024-12-18-at-18.21.26.jpeg\"><img loading=\"lazy\" decoding=\"async\" class=\"wp-image-2962 size-medium\" src=\"https:\/\/memoriadaculturaesportebsb.com.br\/wp-content\/uploads\/2024\/12\/WhatsApp-Image-2024-12-18-at-18.21.26-300x225.jpeg\" alt=\"\" width=\"300\" height=\"225\" srcset=\"https:\/\/memoriadaculturaesportebsb.com.br\/wp-content\/uploads\/2024\/12\/WhatsApp-Image-2024-12-18-at-18.21.26-300x225.jpeg 300w, https:\/\/memoriadaculturaesportebsb.com.br\/wp-content\/uploads\/2024\/12\/WhatsApp-Image-2024-12-18-at-18.21.26-1024x768.jpeg 1024w, https:\/\/memoriadaculturaesportebsb.com.br\/wp-content\/uploads\/2024\/12\/WhatsApp-Image-2024-12-18-at-18.21.26-768x576.jpeg 768w, https:\/\/memoriadaculturaesportebsb.com.br\/wp-content\/uploads\/2024\/12\/WhatsApp-Image-2024-12-18-at-18.21.26-1536x1152.jpeg 1536w, https:\/\/memoriadaculturaesportebsb.com.br\/wp-content\/uploads\/2024\/12\/WhatsApp-Image-2024-12-18-at-18.21.26.jpeg 1600w\" sizes=\"auto, (max-width: 300px) 100vw, 300px\" \/><\/a><figcaption id=\"caption-attachment-2962\" class=\"wp-caption-text\">Professor Pedro Rodrigues<\/figcaption><\/figure>\n<p>Basquetebol Oficial de Bras\u00edlia (Parte l): O Basquetebol de Bras\u00edlia nasceu em 1960 entre os pioneiros que vieram para Capital Federal: Alu\u00edsio Carvalho, C\u00e9lio Menicuci e outros. Eles encontraram apoio do professor Ruth\u00e9nio Aguiar, ex-atleta do Fluminense e da Sele\u00e7\u00e3o Brasileira.<\/p>\n<p>A necessidade de lazer nos alojamentos motivou as constru\u00e7\u00f5es das primeiras quadras, sendo a da construtora Pederneiras, na Vila Planalto, a primeira. Em seguida surgiu outra na SQS 303, na \u00e9poca, alojamento dos banc\u00e1rios.<\/p>\n<p><a href=\"https:\/\/memoriadaculturaesportebsb.com.br\/wp-content\/uploads\/2024\/12\/WhatsApp-Image-2024-12-18-at-18.15.28.jpeg\"><img loading=\"lazy\" decoding=\"async\" class=\"alignright size-medium wp-image-2963\" src=\"https:\/\/memoriadaculturaesportebsb.com.br\/wp-content\/uploads\/2024\/12\/WhatsApp-Image-2024-12-18-at-18.15.28-263x300.jpeg\" alt=\"\" width=\"263\" height=\"300\" srcset=\"https:\/\/memoriadaculturaesportebsb.com.br\/wp-content\/uploads\/2024\/12\/WhatsApp-Image-2024-12-18-at-18.15.28-263x300.jpeg 263w, https:\/\/memoriadaculturaesportebsb.com.br\/wp-content\/uploads\/2024\/12\/WhatsApp-Image-2024-12-18-at-18.15.28.jpeg 746w\" sizes=\"auto, (max-width: 263px) 100vw, 263px\" \/><\/a>Entre 60\/61 tudo era recrea\u00e7\u00e3o de finais de semana e, aos poucos, foi aumentando o n\u00famero de praticantes. Quatro pessoas foram importantes: na Novacap, Orlando Gaglione, Chefe dos Transportes; Rosevelt Nader, do departamento Astron\u00f4mico; Ant\u00f4nio Bernardino S\u00e1, alto funcion\u00e1rio e pai de 3 basquetebolistas e o Prefeito Paulo de Tarso, que em 1960 mandou construir quadra polivalente no CASEB, que p\u00f4s a modalidade como mat\u00e9ria obrigat\u00f3ria no curr\u00edculo de Educa\u00e7\u00e3o F\u00edsica.<\/p>\n<p>Fonte: Hist\u00f3rias do Esporte de Bras\u00edlia.<br \/>\nAutor do Livro: Gustavo Mariani.<br \/>\nFoto: Acervo do CASEB.<br \/>\nPesquisa: H\u00e9lio Tremendani.<\/p>\n","protected":false},"excerpt":{"rendered":"<p>Basquetebol Oficial de Bras\u00edlia (Parte l): O Basquetebol de Bras\u00edlia nasceu em 1960 entre os pioneiros que vieram para Capital Federal: Alu\u00edsio Carvalho, C\u00e9lio Menicuci e outros. Eles encontraram apoio do professor Ruth\u00e9nio Aguiar, ex-atleta do Fluminense e da Sele\u00e7\u00e3o Brasileira. A necessidade de lazer nos alojamentos motivou as constru\u00e7\u00f5es das primeiras quadras, sendo a &hellip;<\/p>\n","protected":false},"author":2,"featured_media":0,"comment_status":"closed","ping_status":"closed","sticky":false,"template":"","format":"standard","meta":{"footnotes":""},"categories":[13,4,16],"tags":[],"class_list":["post-2961","post","type-post","status-publish","format-standard","","category-colunistas","category-esporte","category-helio-tremendani"],"_links":{"self":[{"href":"https:\/\/memoriadaculturaesportebsb.com.br\/index.php\/wp-json\/wp\/v2\/posts\/2961","targetHints":{"allow":["GET"]}}],"collection":[{"href":"https:\/\/memoriadaculturaesportebsb.com.br\/index.php\/wp-json\/wp\/v2\/posts"}],"about":[{"href":"https:\/\/memoriadaculturaesportebsb.com.br\/index.php\/wp-json\/wp\/v2\/types\/post"}],"author":[{"embeddable":true,"href":"https:\/\/memoriadaculturaesportebsb.com.br\/index.php\/wp-json\/wp\/v2\/users\/2"}],"replies":[{"embeddable":true,"href":"https:\/\/memoriadaculturaesportebsb.com.br\/index.php\/wp-json\/wp\/v2\/comments?post=2961"}],"version-history":[{"count":5,"href":"https:\/\/memoriadaculturaesportebsb.com.br\/index.php\/wp-json\/wp\/v2\/posts\/2961\/revisions"}],"predecessor-version":[{"id":2968,"href":"https:\/\/memoriadaculturaesportebsb.com.br\/index.php\/wp-json\/wp\/v2\/posts\/2961\/revisions\/2968"}],"wp:attachment":[{"href":"https:\/\/memoriadaculturaesportebsb.com.br\/index.php\/wp-json\/wp\/v2\/media?parent=2961"}],"wp:term":[{"taxonomy":"category","embeddable":true,"href":"https:\/\/memoriadaculturaesportebsb.com.br\/index.php\/wp-json\/wp\/v2\/categories?post=2961"},{"taxonomy":"post_tag","embeddable":true,"href":"https:\/\/memoriadaculturaesportebsb.com.br\/index.php\/wp-json\/wp\/v2\/tags?post=2961"}],"curies":[{"name":"wp","href":"https:\/\/api.w.org\/{rel}","templated":true}]}}