{"id":2954,"date":"2024-12-16T12:52:50","date_gmt":"2024-12-16T15:52:50","guid":{"rendered":"https:\/\/memoriadaculturaesportebsb.com.br\/?p=2954"},"modified":"2024-12-16T12:52:50","modified_gmt":"2024-12-16T15:52:50","slug":"time-teve-vida-curta-mas-entrou-para-a-historia-do-df","status":"publish","type":"post","link":"https:\/\/memoriadaculturaesportebsb.com.br\/index.php\/2024\/12\/16\/time-teve-vida-curta-mas-entrou-para-a-historia-do-df\/","title":{"rendered":"Time teve vida curta, mas\u00a0entrou para a hist\u00f3ria do DF"},"content":{"rendered":"<p><strong>H\u00e9lio Tremandani<\/strong><\/p>\n<p><a href=\"https:\/\/memoriadaculturaesportebsb.com.br\/wp-content\/uploads\/2024\/12\/ceub1.png\"><img loading=\"lazy\" decoding=\"async\" class=\"alignleft size-full wp-image-2955\" src=\"https:\/\/memoriadaculturaesportebsb.com.br\/wp-content\/uploads\/2024\/12\/ceub1.png\" alt=\"\" width=\"74\" height=\"101\" \/><\/a>Bras\u00edlia era jovem, tinha apenas oito anos quando aqui surgiu o primeiro clube de futebol que representaria a cidade em campeonatos nacionais oficiais. Foi o CEUB (Centro Esportivo Universit\u00e1rio de Bras\u00edlia), fundado por Adilson Peres (<em>foto abaixo<\/em>) e outros desportistas. Eles formaram um time para disputar a primeira divis\u00e3o do futebol nacional, hoje conhecido por S\u00e9rie A. \u00a0A equipe brasiliense disputou os campeonatos brasileiros de 1973, 1974 e 1975 e marcou \u00e9poca, tornando-se refer\u00eancia na hist\u00f3ria do futebol brasiliense.<\/p>\n<p><a href=\"https:\/\/memoriadaculturaesportebsb.com.br\/wp-content\/uploads\/2024\/12\/ceub2.jpg\"><img loading=\"lazy\" decoding=\"async\" class=\"aligncenter size-full wp-image-2956\" src=\"https:\/\/memoriadaculturaesportebsb.com.br\/wp-content\/uploads\/2024\/12\/ceub2.jpg\" alt=\"\" width=\"319\" height=\"276\" srcset=\"https:\/\/memoriadaculturaesportebsb.com.br\/wp-content\/uploads\/2024\/12\/ceub2.jpg 319w, https:\/\/memoriadaculturaesportebsb.com.br\/wp-content\/uploads\/2024\/12\/ceub2-300x260.jpg 300w\" sizes=\"auto, (max-width: 319px) 100vw, 319px\" \/><\/a><\/p>\n<p><strong>O in\u00edcio<\/strong><\/p>\n<p>Conforme o \u201cAlmanaque do Esporte\u201d e o livro \u201cHist\u00f3ria do Esporte\u201d em Bras\u00edlia, do jornalista Gustavo Mariani, onde busquei dados para rememorar o esporte na Capital da Rep\u00fablica, o futebol de campo com representatividade em eventos da CBF teve o CEUB o grande estreante.<\/p>\n<p>Esse clube surgiu, conforme Mariani, de uma reuni\u00e3o no distante 1968, da qual participaram Adilson Peres, Huberto Gomes, Hezir Esp\u00edndola, Lu\u00eds Roberto de Souza, Jos\u00e9 Walter, entre outros desportistas. Eles se reuniram no Col\u00e9gio Sacra Coer para formar um time de futebol que usaria a estrutura institucional do Ceub (Centro de Estudos Universit\u00e1rios de Bras\u00edlia).<\/p>\n<figure id=\"attachment_2957\" aria-describedby=\"caption-attachment-2957\" style=\"width: 296px\" class=\"wp-caption alignleft\"><a href=\"https:\/\/memoriadaculturaesportebsb.com.br\/wp-content\/uploads\/2024\/12\/ceub3.jpg\"><img loading=\"lazy\" decoding=\"async\" class=\"wp-image-2957 size-full\" src=\"https:\/\/memoriadaculturaesportebsb.com.br\/wp-content\/uploads\/2024\/12\/ceub3.jpg\" alt=\"\" width=\"296\" height=\"197\" \/><\/a><figcaption id=\"caption-attachment-2957\" class=\"wp-caption-text\">Est\u00e1dio Pelez\u00e3o, destru\u00eddo pela gan\u00e2ncia da constru\u00e7\u00e3o civil<\/figcaption><\/figure>\n<p>Inicialmente, o time seria apenas para disputar \u201cpeladas\u201d locais, nos ainda esvaziados fins de semana de Bras\u00edlia. E assim foi. Por\u00e9m, em 25 de fevereiro de 1971, o time se filiava ao Departamento Amador da Federa\u00e7\u00e3o Metropolitana de Futebol e come\u00e7ava jornada profissional, utilizando-se do Pelez\u00e3o, est\u00e1dio na sa\u00edda Sul da cidade que recebeu melhorias e capacidade aumentada para 40 mil pessoas. A nova entidade esportiva foi registrada como Ceub Esporte Clube, para disputar o Campeonato Nacional de 1973. A iniciativa vingou e o Ceub permaneceu na competi\u00e7\u00e3o pelos pr\u00f3ximos tr\u00eas anos.<\/p>\n<p><strong><em>\u00a0<\/em><\/strong><strong>Veteranos<\/strong><\/p>\n<p>O interessante \u00e9 que o clube utilizava jogadores mais velhos, \u201cveteranos\u201d, como se diz. Entre eles, Rildo, Oldair, Cl\u00e1udio Garcia, Fio Maravilha, Valdir, que foi goleiro do Vasco e sofreu o \u00faltimo gol de Pel\u00e9 em jogo realizado em Bras\u00edlia, em 1973.<\/p>\n<p>Por\u00e9m, o Ceub tamb\u00e9m revelou express\u00f5es no futebol, como Deo, o goleiro Paulo Vitor, que serviria \u00e0 Sele\u00e7\u00e3o Brasileira, Nonoca, Nen\u00ea, J\u00faior Bsras\u00edlia, Marco Ant\u00f4nio, P\u00e9ricles, Gilbertinho, Alencar, Moreirinha, Emerson, Rog\u00e9rio Bayer e, de fora, trouxe Xist\u00e9.<\/p>\n<p><strong>Estreia<\/strong><\/p>\n<p>Usando em seu uniforme as cores amarela e azul, o Ceub estreou em eventos nacionais num torneio universit\u00e1rio realizado em Porto Alegre, onde terminou em quarto lugar. Pouco tempo depois, venceu um torneio realizado em Goi\u00e2nia.<\/p>\n<p>J\u00e1 em jogos profissionais, a estreia foi no Campeonato Nacional de 1973, empatando com o Botafogo por 0x0 no jogo de estreia, no hoje demolido Est\u00e1dio Pelez\u00e3o, o primeiro da Capital que acabou destru\u00eddo pela especula\u00e7\u00e3o imobili\u00e1ria. Uma tristeza!<\/p>\n<p>Naquela campanha de 1973, o Ceub alcan\u00e7ou expressivos resultados, como vit\u00f3rias sobre o Cruzeiro e o Corinthians, ambas por 2&#215;0. Em excurs\u00e3o \u00e0 Europa, jogou na It\u00e1lia, Espanha, Iugosl\u00e1via e deu uma esticada \u00e0 \u00c1sia. Venceu cinco jogos, perdeu outro tanto e empatou em tr\u00eas partidas.<\/p>\n<p>Abaixo, a escala\u00e7\u00e3o principal do Ceub, em 1975<\/p>\n<figure id=\"attachment_2958\" aria-describedby=\"caption-attachment-2958\" style=\"width: 556px\" class=\"wp-caption aligncenter\"><a href=\"https:\/\/memoriadaculturaesportebsb.com.br\/wp-content\/uploads\/2024\/12\/ceub4.jpg\"><img loading=\"lazy\" decoding=\"async\" class=\"size-full wp-image-2958\" src=\"https:\/\/memoriadaculturaesportebsb.com.br\/wp-content\/uploads\/2024\/12\/ceub4.jpg\" alt=\"\" width=\"556\" height=\"373\" srcset=\"https:\/\/memoriadaculturaesportebsb.com.br\/wp-content\/uploads\/2024\/12\/ceub4.jpg 556w, https:\/\/memoriadaculturaesportebsb.com.br\/wp-content\/uploads\/2024\/12\/ceub4-300x201.jpg 300w, https:\/\/memoriadaculturaesportebsb.com.br\/wp-content\/uploads\/2024\/12\/ceub4-110x75.jpg 110w\" sizes=\"auto, (max-width: 556px) 100vw, 556px\" \/><\/a><figcaption id=\"caption-attachment-2958\" class=\"wp-caption-text\">Em p\u00e9: Nen\u00ea; Alencar, Cl\u00e1udio Oliveira, Emerson, Souza e Paulo Vitor<br \/>Agachados: J\u00fanior Bras\u00edlia, P\u00e9ricles, Fio, Marco Ant\u00f4nio e Moreira<\/figcaption><\/figure>\n<p><strong>Campanhas<\/strong><\/p>\n<p>O Ceub terminou o Nacional de 1973 em 33\u00ba lugar, entre 40 times. Registrou oito vit\u00f3rias, seis empates e 14 derrotas. Na temporada seguinte 1974, o Ceub ficou em 37\u00ba lugar entre 40 times, com tr\u00eas vit\u00f3rias, seis empates e dez derrotas. Uma dessas derrotas foi para o Santos, por 3&#215;1, sendo que um dos gols do time da Vila Belmiro foi marcado por Pel\u00e9. A terceira participa\u00e7\u00e3o do Ceub em Campeonatos da CBF foi em 1975, quando obteve a melhor coloca\u00e7\u00e3o, 32\u00ba lugar entre 42 times, registrando quatro vit\u00f3rias, <u>seis empates e seis<\/u> derrotas. No \u00faltimo jogo em Campeonatos Nacionais, o Ceub perdeu para o N\u00e1utico, em Recife, por 3&#215;0, em 8 de novembro de 1975.<\/p>\n<p>No ano seguinte, o Ceub declinou. No Campeonato Brasiliense de1976, o time universit\u00e1rio ganhou os do is primeiros turnos e liderava o terceiro e \u00faltimo quando a Federa\u00e7\u00e3o Metropolitana de Futebol virou a mesa, conforme relato de Gustavo Mariani.<\/p>\n<p><strong>O fim<\/strong><\/p>\n<p>Nessa mudan\u00e7a do regulamento, a Federa\u00e7\u00e3o incluiu um quadrangular final para apontar o campe\u00e3o, m\u00e9todo que n\u00e3o estava previsto na norma original. A medida irritou os dirigentes do Ceub, que n\u00e3o aceitaram se submeter a mudan\u00e7as de regras no final da competi\u00e7\u00e3o. Irritado com a posi\u00e7\u00e3o do clube brasiliense, o ent\u00e3o presidente da CBD (hoje CBF), determinou que o Distrito Federal n\u00e3o teria representante no Campeonato Brasileiro daquele ano, sendo que o campeonato local sequer chegou ao seu final.<\/p>\n<p>Com essa manobra, o Ceub saiu de campo e teve fim melanc\u00f3lico, por\u00e9m entrando para a hist\u00f3ria do futebol local e brasileiro, pois ainda hoje \u00e9 lembrado como \u201co clube de Bras\u00edlia\u201d. Seu \u00fanico t\u00edtulo de import\u00e2ncia foi a conquista do Campeonato Metropolitano de 1973.<\/p>\n","protected":false},"excerpt":{"rendered":"<p>H\u00e9lio Tremandani Bras\u00edlia era jovem, tinha apenas oito anos quando aqui surgiu o primeiro clube de futebol que representaria a cidade em campeonatos nacionais oficiais. Foi o CEUB (Centro Esportivo Universit\u00e1rio de Bras\u00edlia), fundado por Adilson Peres (foto abaixo) e outros desportistas. Eles formaram um time para disputar a primeira divis\u00e3o do futebol nacional, hoje &hellip;<\/p>\n","protected":false},"author":2,"featured_media":0,"comment_status":"closed","ping_status":"closed","sticky":false,"template":"","format":"standard","meta":{"footnotes":""},"categories":[13,4,16],"tags":[],"class_list":["post-2954","post","type-post","status-publish","format-standard","","category-colunistas","category-esporte","category-helio-tremendani"],"_links":{"self":[{"href":"https:\/\/memoriadaculturaesportebsb.com.br\/index.php\/wp-json\/wp\/v2\/posts\/2954","targetHints":{"allow":["GET"]}}],"collection":[{"href":"https:\/\/memoriadaculturaesportebsb.com.br\/index.php\/wp-json\/wp\/v2\/posts"}],"about":[{"href":"https:\/\/memoriadaculturaesportebsb.com.br\/index.php\/wp-json\/wp\/v2\/types\/post"}],"author":[{"embeddable":true,"href":"https:\/\/memoriadaculturaesportebsb.com.br\/index.php\/wp-json\/wp\/v2\/users\/2"}],"replies":[{"embeddable":true,"href":"https:\/\/memoriadaculturaesportebsb.com.br\/index.php\/wp-json\/wp\/v2\/comments?post=2954"}],"version-history":[{"count":1,"href":"https:\/\/memoriadaculturaesportebsb.com.br\/index.php\/wp-json\/wp\/v2\/posts\/2954\/revisions"}],"predecessor-version":[{"id":2959,"href":"https:\/\/memoriadaculturaesportebsb.com.br\/index.php\/wp-json\/wp\/v2\/posts\/2954\/revisions\/2959"}],"wp:attachment":[{"href":"https:\/\/memoriadaculturaesportebsb.com.br\/index.php\/wp-json\/wp\/v2\/media?parent=2954"}],"wp:term":[{"taxonomy":"category","embeddable":true,"href":"https:\/\/memoriadaculturaesportebsb.com.br\/index.php\/wp-json\/wp\/v2\/categories?post=2954"},{"taxonomy":"post_tag","embeddable":true,"href":"https:\/\/memoriadaculturaesportebsb.com.br\/index.php\/wp-json\/wp\/v2\/tags?post=2954"}],"curies":[{"name":"wp","href":"https:\/\/api.w.org\/{rel}","templated":true}]}}