{"id":2949,"date":"2024-12-09T18:16:33","date_gmt":"2024-12-09T21:16:33","guid":{"rendered":"https:\/\/memoriadaculturaesportebsb.com.br\/?p=2949"},"modified":"2024-12-09T18:16:33","modified_gmt":"2024-12-09T21:16:33","slug":"ha-coisas-que-so-acontecem-ao-botafogo","status":"publish","type":"post","link":"https:\/\/memoriadaculturaesportebsb.com.br\/index.php\/2024\/12\/09\/ha-coisas-que-so-acontecem-ao-botafogo\/","title":{"rendered":"H\u00e1 coisas que s\u00f3 acontecem ao Botafogo"},"content":{"rendered":"<p><strong>Por\u00a0Jos\u00e9 Cruz<\/strong><\/p>\n<p><strong><a href=\"https:\/\/memoriadaculturaesportebsb.com.br\/wp-content\/uploads\/2024\/12\/fogo1.jpg\"><img loading=\"lazy\" decoding=\"async\" class=\"alignleft size-medium wp-image-2950\" src=\"https:\/\/memoriadaculturaesportebsb.com.br\/wp-content\/uploads\/2024\/12\/fogo1-300x168.jpg\" alt=\"\" width=\"300\" height=\"168\" srcset=\"https:\/\/memoriadaculturaesportebsb.com.br\/wp-content\/uploads\/2024\/12\/fogo1-300x168.jpg 300w, https:\/\/memoriadaculturaesportebsb.com.br\/wp-content\/uploads\/2024\/12\/fogo1.jpg 355w\" sizes=\"auto, (max-width: 300px) 100vw, 300px\" \/><\/a>\u201cH\u00e1 coisas que s\u00f3 acontecem ao Botafogo\u201d. Por exemplo, conquistar dois t\u00edtulos na temporada \u2013 Libertadores e Brasileir\u00e3o \u2013 em apenas oito dias. <\/strong><\/p>\n<p>Que tal? S\u00f3 outros dois times conquistaram essas duas ta\u00e7as: o Santos, em 1962 e em 1963; e o Flamengo, em 2019. O Santos foi al\u00e9m e se tornou bicampe\u00e3o mundial de clubes.<\/p>\n<p>Agora, essa dupla conquista do Botafogo vem com juros valorizados em resposta \u00e0 perda do t\u00edtulo do ano passado. Depois de abrir 13 pontos na lideran\u00e7a, sobre o segundo colocado, o Botafogo permitiu que o Palmeiras se aproximasse e conquistasse o Brasileir\u00e3o de 2023.<\/p>\n<p>Daquela vez, o torcedor advers\u00e1rio n\u00e3o perdoou e recuperou a tradicional frase: \u201cH\u00e1 coisas que s\u00f3 acontecem com o Botafogo\u201d. Em outras palavras, morrer na praia&#8230;<\/p>\n<p>Essa frase de dupla ironia saiu da cabe\u00e7a do jornalista botafoguense, Paulo Mendes Campos (1922 \u2013 1991), quando era rep\u00f3rter da revista Manchete, onde assinava coluna semanal.<\/p>\n<p><a href=\"https:\/\/memoriadaculturaesportebsb.com.br\/wp-content\/uploads\/2024\/12\/fogo2.png\"><img loading=\"lazy\" decoding=\"async\" class=\"alignleft size-full wp-image-2951\" src=\"https:\/\/memoriadaculturaesportebsb.com.br\/wp-content\/uploads\/2024\/12\/fogo2.png\" alt=\"\" width=\"204\" height=\"272\" \/><\/a>Na verdade, a frase completa \u00e9 \u201cH\u00e1 coisas que s\u00f3 acontecem ao Botafogo e a mim\u201d, como est\u00e1 na cr\u00f4nica que Paulo Mendes Campos escreveu, em 25 de agosto de 1962 (\u201cO Botafogo e eu\u201d), relatando coincid\u00eancias e iniciativas malsucedidas dele e do seu time da estrela solit\u00e1ria.<\/p>\n<p>O tempo passou e a frase ficou como que a punir a torcida pelos fracassos do hist\u00f3rico time carioca.<\/p>\n<p>E agora? N\u00e3o \u00e9 ir\u00f4nico usar essa frase para tamb\u00e9m festejar feitos nunca alcan\u00e7ados? Parab\u00e9ns, Botafoguenses, parab\u00e9ns. Que vit\u00f3rias, no m\u00e9rito! Que conquistas, no jogo limpo e bonito de se ver. Na Libertadores, em campo com apenas dez jogadores! Ontem, nova vit\u00f3ria, dessa vez sobre o S\u00e3o Paulo, 2&#215;1, no est\u00e1dio Nilton Santos, justa homenagem do time de hoje ao grande bicampe\u00e3o de todos os tempos.<\/p>\n<p>&nbsp;<\/p>\n","protected":false},"excerpt":{"rendered":"<p>Por\u00a0Jos\u00e9 Cruz \u201cH\u00e1 coisas que s\u00f3 acontecem ao Botafogo\u201d. Por exemplo, conquistar dois t\u00edtulos na temporada \u2013 Libertadores e Brasileir\u00e3o \u2013 em apenas oito dias. Que tal? S\u00f3 outros dois times conquistaram essas duas ta\u00e7as: o Santos, em 1962 e em 1963; e o Flamengo, em 2019. O Santos foi al\u00e9m e se tornou bicampe\u00e3o &hellip;<\/p>\n","protected":false},"author":2,"featured_media":0,"comment_status":"closed","ping_status":"closed","sticky":false,"template":"","format":"standard","meta":{"footnotes":""},"categories":[13,4,14],"tags":[],"class_list":["post-2949","post","type-post","status-publish","format-standard","","category-colunistas","category-esporte","category-jose-cruz"],"_links":{"self":[{"href":"https:\/\/memoriadaculturaesportebsb.com.br\/index.php\/wp-json\/wp\/v2\/posts\/2949","targetHints":{"allow":["GET"]}}],"collection":[{"href":"https:\/\/memoriadaculturaesportebsb.com.br\/index.php\/wp-json\/wp\/v2\/posts"}],"about":[{"href":"https:\/\/memoriadaculturaesportebsb.com.br\/index.php\/wp-json\/wp\/v2\/types\/post"}],"author":[{"embeddable":true,"href":"https:\/\/memoriadaculturaesportebsb.com.br\/index.php\/wp-json\/wp\/v2\/users\/2"}],"replies":[{"embeddable":true,"href":"https:\/\/memoriadaculturaesportebsb.com.br\/index.php\/wp-json\/wp\/v2\/comments?post=2949"}],"version-history":[{"count":1,"href":"https:\/\/memoriadaculturaesportebsb.com.br\/index.php\/wp-json\/wp\/v2\/posts\/2949\/revisions"}],"predecessor-version":[{"id":2952,"href":"https:\/\/memoriadaculturaesportebsb.com.br\/index.php\/wp-json\/wp\/v2\/posts\/2949\/revisions\/2952"}],"wp:attachment":[{"href":"https:\/\/memoriadaculturaesportebsb.com.br\/index.php\/wp-json\/wp\/v2\/media?parent=2949"}],"wp:term":[{"taxonomy":"category","embeddable":true,"href":"https:\/\/memoriadaculturaesportebsb.com.br\/index.php\/wp-json\/wp\/v2\/categories?post=2949"},{"taxonomy":"post_tag","embeddable":true,"href":"https:\/\/memoriadaculturaesportebsb.com.br\/index.php\/wp-json\/wp\/v2\/tags?post=2949"}],"curies":[{"name":"wp","href":"https:\/\/api.w.org\/{rel}","templated":true}]}}