{"id":2944,"date":"2024-12-01T21:46:21","date_gmt":"2024-12-02T00:46:21","guid":{"rendered":"https:\/\/memoriadaculturaesportebsb.com.br\/?p=2944"},"modified":"2024-12-13T12:13:40","modified_gmt":"2024-12-13T15:13:40","slug":"eu-e-nilton-santos-eternos-botafogo","status":"publish","type":"post","link":"https:\/\/memoriadaculturaesportebsb.com.br\/index.php\/2024\/12\/01\/eu-e-nilton-santos-eternos-botafogo\/","title":{"rendered":"Eu e Nilton Santos,\u00a0eternos Botafogo"},"content":{"rendered":"<p style=\"font-weight: 400;\"><strong>Por<\/strong>\u00a0<strong>H\u00e9lio Tremendani<\/strong><\/p>\n<p style=\"font-weight: 400;\"><a href=\"https:\/\/memoriadaculturaesportebsb.com.br\/wp-content\/uploads\/2024\/12\/helio1.jpg\"><img loading=\"lazy\" decoding=\"async\" class=\"alignleft size-medium wp-image-2945\" src=\"https:\/\/memoriadaculturaesportebsb.com.br\/wp-content\/uploads\/2024\/12\/helio1-300x169.jpg\" alt=\"\" width=\"300\" height=\"169\" srcset=\"https:\/\/memoriadaculturaesportebsb.com.br\/wp-content\/uploads\/2024\/12\/helio1-300x169.jpg 300w, https:\/\/memoriadaculturaesportebsb.com.br\/wp-content\/uploads\/2024\/12\/helio1.jpg 498w\" sizes=\"auto, (max-width: 300px) 100vw, 300px\" \/><\/a><\/p>\n<p>O in\u00e9dito t\u00edtulo conquistado pelo Botafogo contra o Atl\u00e9tico-MG, com incontest\u00e1vel vit\u00f3ria de 3\u00d71, no s\u00e1bado, me remete aos tempos de crian\u00e7a, quando nosso time tinha v\u00e1rios craques, mas dois se destacavam, Garrincha e Nilton Santos.<\/p>\n<p>Eu ainda era crian\u00e7a e o meu pai fazia de tudo para eu torcer pelo Fluminense, seu time. Fan\u00e1tico, ele me dava camisas do clube e insistia. Em determinado dia, avisei que eu n\u00e3o era torcedor do Fluminense, mas botafoguense, pois era f\u00e3 do Nilton Santos e do Garrincha. Claro que ele n\u00e3o gostou, mas acabou aceitando.<\/p>\n<p style=\"font-weight: 400;\">O tempo passou, cresci e comecei a trabalhar. Em 2001, eu estava lotado na Secretaria de Esportes do Distrito Federal, e propus ao ent\u00e3o secret\u00e1rio, Agr\u00edcio Braga, uma homenagem ao Nilton Santos. Morando em Bras\u00edlia, Nilton era um dos professores da Escolinha de Futebol do extingo Departamento de Educa\u00e7\u00e3o F\u00edsica e Desporto \u2013 Defer.<\/p>\n<p style=\"font-weight: 400;\">\u00a0A ideia foi aceita e organizamos um torneio de futebol na AABB, quando trouxemos a equipe de base do Botafogo. E foi nessa competi\u00e7\u00e3o que prestamos homenagem ao Nilton, a Enciclop\u00e9dia do Futebol.<\/p>\n<p style=\"font-weight: 400;\"><a href=\"https:\/\/memoriadaculturaesportebsb.com.br\/wp-content\/uploads\/2024\/12\/helio2.jpg\"><img loading=\"lazy\" decoding=\"async\" class=\"alignleft size-medium wp-image-2946\" src=\"https:\/\/memoriadaculturaesportebsb.com.br\/wp-content\/uploads\/2024\/12\/helio2-300x213.jpg\" alt=\"\" width=\"300\" height=\"213\" srcset=\"https:\/\/memoriadaculturaesportebsb.com.br\/wp-content\/uploads\/2024\/12\/helio2-300x213.jpg 300w, https:\/\/memoriadaculturaesportebsb.com.br\/wp-content\/uploads\/2024\/12\/helio2.jpg 576w\" sizes=\"auto, (max-width: 300px) 100vw, 300px\" \/><\/a>Coube a mim entregar uma placa para Nilton Santos (foto), com quem eu conversava quase que diariamente e ouvia atento as hist\u00f3rias do tempo em que jogou com outros craques, como Didi, Quarentinha, Garrincha, Amarildo, Zagallo, o goleiro Manga, enfim.<\/p>\n<p style=\"font-weight: 400;\">Ficou muita saudade daquela \u00e9poca de de um futebol em que o outro protagonista nacional era o Santos, com ataque formado por Meng\u00e1lvio, Coutinho Pel\u00e9 e Pepe. Nilton viveu esses tempos dentro de campo. E, com meus colegas de trabalho, ouv\u00edamos os seus relatos em sil\u00eancio.<\/p>\n<p style=\"font-weight: 400;\">Agora, vendo o Botafogo conquistar o seu primeiro t\u00edtulo sul-americano \u00e9 preciso reconhecer que \u00e9 o resultado de uma epopeia que come\u00e7ou l\u00e1 atr\u00e1s e, assim, fa\u00e7o mais uma homenagem \u00e0quele grande craque, bicampe\u00e3o mundial. Grande Nilton Santos.<\/p>\n","protected":false},"excerpt":{"rendered":"<p>Por\u00a0H\u00e9lio Tremendani O in\u00e9dito t\u00edtulo conquistado pelo Botafogo contra o Atl\u00e9tico-MG, com incontest\u00e1vel vit\u00f3ria de 3\u00d71, no s\u00e1bado, me remete aos tempos de crian\u00e7a, quando nosso time tinha v\u00e1rios craques, mas dois se destacavam, Garrincha e Nilton Santos. Eu ainda era crian\u00e7a e o meu pai fazia de tudo para eu torcer pelo Fluminense, seu &hellip;<\/p>\n","protected":false},"author":2,"featured_media":0,"comment_status":"closed","ping_status":"closed","sticky":false,"template":"","format":"standard","meta":{"footnotes":""},"categories":[13,4,16],"tags":[],"class_list":["post-2944","post","type-post","status-publish","format-standard","","category-colunistas","category-esporte","category-helio-tremendani"],"_links":{"self":[{"href":"https:\/\/memoriadaculturaesportebsb.com.br\/index.php\/wp-json\/wp\/v2\/posts\/2944","targetHints":{"allow":["GET"]}}],"collection":[{"href":"https:\/\/memoriadaculturaesportebsb.com.br\/index.php\/wp-json\/wp\/v2\/posts"}],"about":[{"href":"https:\/\/memoriadaculturaesportebsb.com.br\/index.php\/wp-json\/wp\/v2\/types\/post"}],"author":[{"embeddable":true,"href":"https:\/\/memoriadaculturaesportebsb.com.br\/index.php\/wp-json\/wp\/v2\/users\/2"}],"replies":[{"embeddable":true,"href":"https:\/\/memoriadaculturaesportebsb.com.br\/index.php\/wp-json\/wp\/v2\/comments?post=2944"}],"version-history":[{"count":2,"href":"https:\/\/memoriadaculturaesportebsb.com.br\/index.php\/wp-json\/wp\/v2\/posts\/2944\/revisions"}],"predecessor-version":[{"id":2953,"href":"https:\/\/memoriadaculturaesportebsb.com.br\/index.php\/wp-json\/wp\/v2\/posts\/2944\/revisions\/2953"}],"wp:attachment":[{"href":"https:\/\/memoriadaculturaesportebsb.com.br\/index.php\/wp-json\/wp\/v2\/media?parent=2944"}],"wp:term":[{"taxonomy":"category","embeddable":true,"href":"https:\/\/memoriadaculturaesportebsb.com.br\/index.php\/wp-json\/wp\/v2\/categories?post=2944"},{"taxonomy":"post_tag","embeddable":true,"href":"https:\/\/memoriadaculturaesportebsb.com.br\/index.php\/wp-json\/wp\/v2\/tags?post=2944"}],"curies":[{"name":"wp","href":"https:\/\/api.w.org\/{rel}","templated":true}]}}