{"id":2926,"date":"2024-11-28T11:53:47","date_gmt":"2024-11-28T14:53:47","guid":{"rendered":"https:\/\/memoriadaculturaesportebsb.com.br\/?p=2926"},"modified":"2024-11-29T15:46:03","modified_gmt":"2024-11-29T18:46:03","slug":"marcia-tauil-de-todas-as-bossas-e-todos-os-sambas-2","status":"publish","type":"post","link":"https:\/\/memoriadaculturaesportebsb.com.br\/index.php\/2024\/11\/28\/marcia-tauil-de-todas-as-bossas-e-todos-os-sambas-2\/","title":{"rendered":"M\u00c1RCIA TAUIL:\u00a0De todas as Bossas e todos os Sambas"},"content":{"rendered":"<p style=\"text-align: center;\"><em><strong>\u00a0Por\u00a0<\/strong><\/em><strong><em>H\u00e9lio Tremendani e Jos\u00e9 Cruz<\/em><\/strong><\/p>\n<p style=\"text-align: center;\"><strong>A mineira M\u00e1rcia Soraia Tauil Braga Zamarian, cantora, compositora, produtora e professora de canto, nasceu no Dia do Samba, 2 de dezembro. Sem d\u00favida, \u00e9 um privil\u00e9gio vir ao mundo com a marca registrada da nossa mais envolvente manifesta\u00e7\u00e3o art\u00edstica-musical.<\/strong><\/p>\n<p><a href=\"https:\/\/memoriadaculturaesportebsb.com.br\/wp-content\/uploads\/2024\/11\/marcia1.jpg\"><img loading=\"lazy\" decoding=\"async\" class=\"alignright size-medium wp-image-2869\" src=\"https:\/\/memoriadaculturaesportebsb.com.br\/wp-content\/uploads\/2024\/11\/marcia1-169x300.jpg\" alt=\"\" width=\"169\" height=\"300\" srcset=\"https:\/\/memoriadaculturaesportebsb.com.br\/wp-content\/uploads\/2024\/11\/marcia1-169x300.jpg 169w, https:\/\/memoriadaculturaesportebsb.com.br\/wp-content\/uploads\/2024\/11\/marcia1.jpg 415w\" sizes=\"auto, (max-width: 169px) 100vw, 169px\" \/><\/a>S\u00e3o coincid\u00eancias do calend\u00e1rio materno, mas, a bem da verdade, M\u00e1rcia conviveu desde crian\u00e7a com duas escolas musicais que a colocaram na rota do estrelato, revelando-se uma int\u00e9rprete de primeira, na Bossa Nova e no Samba, principalmente.<\/p>\n<p>A voz e entona\u00e7\u00f5es que trabalha s\u00e3o de tal qualidade que ela se tornou parceira de ningu\u00e9m mais que Roberto Menescal, com quem canta, grava e comp\u00f5e.<\/p>\n<p>Menescal, um dos precursores da Bossa Nova, ao lado de Carlinhos Lyra, Tom Jobim, Ronaldo B\u00f4scoli, Vin\u00edcius de Moraes, Nara Le\u00e3o\u2026 N\u00e3o \u00e9 uma riqueza musical? Em 2003, quando conheceu Menescal, ela j\u00e1 se apresentava como M\u00e1rcia Tauil, seu nome art\u00edstico. Ao ouvi-la, Menescal sacramentou: \u201c\u00c9 um doce que canta\u201d.<\/p>\n<p>M\u00e1rcia est\u00e1 entre as vozes femininas mais destacadas do pa\u00eds. Ao longo de sua carreira art\u00edstica, tamb\u00e9m gravou singles com Jane Duboc, Juliana Caymmi, V\u00e2nia Bastos, Rildo Hora, Cristov\u00e3o Bastos, Tico de Moraes entre outros artistas de sua linha musical.<\/p>\n<p><strong>M\u00fasica, uma paix\u00e3o<\/strong><\/p>\n<p><a href=\"https:\/\/memoriadaculturaesportebsb.com.br\/wp-content\/uploads\/2024\/11\/marcia2.jpg\"><img loading=\"lazy\" decoding=\"async\" class=\"alignleft size-medium wp-image-2870\" src=\"https:\/\/memoriadaculturaesportebsb.com.br\/wp-content\/uploads\/2024\/11\/marcia2-169x300.jpg\" alt=\"\" width=\"169\" height=\"300\" srcset=\"https:\/\/memoriadaculturaesportebsb.com.br\/wp-content\/uploads\/2024\/11\/marcia2-169x300.jpg 169w, https:\/\/memoriadaculturaesportebsb.com.br\/wp-content\/uploads\/2024\/11\/marcia2.jpg 391w\" sizes=\"auto, (max-width: 169px) 100vw, 169px\" \/><\/a>M\u00e1rcia conversa sem esconder o tamanho de seu amor pela m\u00fasica. \u201cGosto de cantar\u2026 cantar\u201d, resume. E mostra um sorriso musicalmente bonito, como se estivesse entoando um ensaio ou uma apresenta\u00e7\u00e3o. Essa paix\u00e3o ela expressa, tamb\u00e9m, no visual, com dois brincos dourados, um na forma de clave de sol \u2013 s\u00edmbolo\u00a0que indica a posi\u00e7\u00e3o da nota\u00a0<a href=\"https:\/\/pt.wikipedia.org\/wiki\/Sol_(nota)\">sol<\/a>\u00a0em uma\u00a0<a href=\"https:\/\/pt.wikipedia.org\/wiki\/Pauta_(m%C3%BAsica)\">pauta<\/a>\u00a0\u2013 e outro na forma de uma colcheia, igualmente figura musical que indica a dura\u00e7\u00e3o da metade de uma sem\u00ednima, ou 1\/8 de uma semibreve.<\/p>\n<p><strong><em>\u00a0<\/em><\/strong><strong><em>Os profissionais sabem o que esses s\u00edmbolos indicam na pauta musical, mas n\u00e3o imaginam como eles, em arte, se destacam no visual de uma mulher bonita.<\/em><\/strong><\/p>\n<p><strong>Escolas<\/strong><\/p>\n<p>O despertar para a m\u00fasica de M\u00e1rcia come\u00e7ou bem cedo, dentro do lar, onde conviveu com duas escolas, a de seu pai Abdalla e a da sua m\u00e3e Terezinha. Mas, com estilos bem distintos e forma\u00e7\u00f5es de extremos, sem exageros. M\u00e1rcia explica:<\/p>\n<p>\u201cMinha m\u00e3e Terezinha recebeu educa\u00e7\u00e3o formal e musical cl\u00e1ssicas num semi-internato, onde estudou franc\u00eas e aprendeu a tocar piano e violino. E o meu pai Abdalla Tauil, j\u00e1 vi\u00favo e com dois filhos, era m\u00fasico, tocava sambas e chorinhos num viol\u00e3o de seis cordas. E, veja bem, na juventude, ele chegou a tocar num bordel\u201d. Abdalla faleceu em 2021.<\/p>\n<blockquote><p><strong><em>A\u00ed est\u00e3o os extremos das escolas de M\u00e1rcia: a mam\u00e3e tendo forma\u00e7\u00e3o musical cl\u00e1ssica num col\u00e9gio de freiras e o papai tocando em descontra\u00eddo ambiente de bordel\u2026<\/em><\/strong><\/p><\/blockquote>\n<p>O av\u00f4 materno de M\u00e1rcia preocupava-se com essa realidade ao ver o namoro de Terezinha e Abdalla evoluir. \u201cMas, no fim das contas, o amor venceu e o casal teve seis filhos e quatro filhas\u201d, resume M\u00e1rcia.<\/p>\n<p>M\u00e1rcia nasceu em Guaxup\u00e9, interior de Minas Gerais. Mesmo influenciada pela forma\u00e7\u00e3o dos pais, ela n\u00e3o fez escola de canto, viol\u00e3o ou piano. Mulher cantando profissionalmente, naqueles tempos, n\u00e3o era atividade recomend\u00e1vel.\u00a0 Sua av\u00f3, vendo que ela se encaminhava para a m\u00fasica, dizia que ser cantora n\u00e3o era profiss\u00e3o para a neta. Al\u00e9m disso, defendia um trabalho onde tivesse carteira assinada.<\/p>\n<p>Mas, M\u00e1rcia insistia: \u201cPor que o meu irm\u00e3o pode ser m\u00fasico e eu n\u00e3o? Ocorre que mundo da m\u00fasica era, tamb\u00e9m, o mundo das drogas e das bebidas, pelo qual j\u00e1 tinha passado um de seus tios, irm\u00e3o do pai e cantor na mesma \u00e9poca de Nelson Gon\u00e7alves. Seu pai conhecera bem o ambiente, da\u00ed as limita\u00e7\u00f5es impostas \u00e0 filha, ainda crian\u00e7a.<\/p>\n<p><strong>Profissional<\/strong><\/p>\n<p>O tempo passou, a certeza de que queria cantar se fortalecia e a seguran\u00e7a para conviver com \u201co mundo art\u00edstico\u201d tamb\u00e9m. Ao final, s\u00f3 ela, entre os irm\u00e3os, se profissionalizou no canto, tornou-se compositora e sambista de lotar bares e audit\u00f3rios. \u201cE, quando preciso, me acerto com o viol\u00e3o\u201d, garante.<\/p>\n<p>Na adolesc\u00eancia, M\u00e1rcia mudou-se para Mococa, no interior paulista, para estudar e morar com o irm\u00e3o mais velho Ivan, m\u00fasico e professor na cidade. Ali cresceu, se formou no curso de Secretariado e trabalhou em r\u00e1dio onde ficava mais pr\u00f3xima do que gostava, a m\u00fasica.<\/p>\n<p><strong>Carreira<\/strong><\/p>\n<figure id=\"attachment_2871\" aria-describedby=\"caption-attachment-2871\" style=\"width: 300px\" class=\"wp-caption alignleft\"><a href=\"https:\/\/memoriadaculturaesportebsb.com.br\/wp-content\/uploads\/2024\/11\/marcia3.jpg\"><img loading=\"lazy\" decoding=\"async\" class=\"size-medium wp-image-2871\" src=\"https:\/\/memoriadaculturaesportebsb.com.br\/wp-content\/uploads\/2024\/11\/marcia3-300x213.jpg\" alt=\"\" width=\"300\" height=\"213\" srcset=\"https:\/\/memoriadaculturaesportebsb.com.br\/wp-content\/uploads\/2024\/11\/marcia3-300x213.jpg 300w, https:\/\/memoriadaculturaesportebsb.com.br\/wp-content\/uploads\/2024\/11\/marcia3-768x544.jpg 768w, https:\/\/memoriadaculturaesportebsb.com.br\/wp-content\/uploads\/2024\/11\/marcia3.jpg 793w\" sizes=\"auto, (max-width: 300px) 100vw, 300px\" \/><\/a><figcaption id=\"caption-attachment-2871\" class=\"wp-caption-text\">M\u00e1rcia com o pai, Abdalla, ao viol\u00e3o,\u00a0 no Clube Guaxup\u00e9<\/figcaption><\/figure>\n<p>Oficialmente, a carreira de M\u00e1rcia Tauil come\u00e7ou em 1998, quando tinha 30 anos. J\u00e1 no ano seguinte lan\u00e7ou o seu primeiro CD. Quatro anos depois, veio o seu segundo produto musical, \u201cSementes no Vento\u201d, com obras de Eduardo Gudin e Costa Netto. E ganhou o t\u00edtulo de \u201cCidad\u00e3 Mocoquense\u201d, homenagem da cidade em reconhecimento \u00e0 sua arte musical e a\u00e7\u00e3o em prol da comunidade.<\/p>\n<p>\u201cMe criei em meio \u00e0 cultura musical. Ouvia m\u00fasica cl\u00e1ssica, chorinho e samba, como o hist\u00f3rico \u201cPelo Telefone\u201d, de Ernesto dos Santos, o Donga (1890-1974)\u201d \u2013 o primeiro samba gravado no Brasil, em 1916.<strong><em>\u00a0<\/em><\/strong><\/p>\n<p><strong><em>\u201cMinha voz \u00e9 uma mistura do chorinho, do samba, da Bossa Nova, das can\u00e7\u00f5es lentas entoadas por minha m\u00e3e. A cr\u00edtica diz que canto bem, com embalo \u00e0 brasileira, e os m\u00fasicos me dizem que gostam do balan\u00e7o que dou aos ritmos. Tenho um show chamado Roda do Bem Querer, que come\u00e7a l\u00e1 na raiz do samba\u201d.<\/em><\/strong><\/p>\n<figure id=\"attachment_2872\" aria-describedby=\"caption-attachment-2872\" style=\"width: 685px\" class=\"wp-caption aligncenter\"><a href=\"https:\/\/memoriadaculturaesportebsb.com.br\/wp-content\/uploads\/2024\/11\/marcia4.jpg\"><img loading=\"lazy\" decoding=\"async\" class=\"wp-image-2872 size-full\" src=\"https:\/\/memoriadaculturaesportebsb.com.br\/wp-content\/uploads\/2024\/11\/marcia4.jpg\" alt=\"\" width=\"685\" height=\"457\" srcset=\"https:\/\/memoriadaculturaesportebsb.com.br\/wp-content\/uploads\/2024\/11\/marcia4.jpg 685w, https:\/\/memoriadaculturaesportebsb.com.br\/wp-content\/uploads\/2024\/11\/marcia4-300x200.jpg 300w\" sizes=\"auto, (max-width: 685px) 100vw, 685px\" \/><\/a><figcaption id=\"caption-attachment-2872\" class=\"wp-caption-text\">Rosa Passos e M\u00e1rcia Tauil, em 2018, numa apresenta\u00e7\u00e3o no Clube da Bossa, em Bras\u00edlia (Foto: Marizan Fontinele)<\/figcaption><\/figure>\n<p><strong>Em Bras\u00edlia<\/strong><\/p>\n<p>M\u00e1rcia est\u00e1 em Bras\u00edlia desde 2010, onde chegou acompanhando o marido, o engenheiro agr\u00f4nomo Carlos Zamarian. J\u00e1 tinha vindo outras vezes, para cantar, como em 2003, quando se apresentou no saudoso Feiti\u00e7o Mineiro. Casa lotada!<\/p>\n<p><a href=\"https:\/\/memoriadaculturaesportebsb.com.br\/wp-content\/uploads\/2024\/11\/marcia5.jpg\"><img loading=\"lazy\" decoding=\"async\" class=\"alignleft wp-image-2873 size-full\" src=\"https:\/\/memoriadaculturaesportebsb.com.br\/wp-content\/uploads\/2024\/11\/marcia5.jpg\" alt=\"\" width=\"268\" height=\"179\" \/><\/a><\/p>\n<p>Dos apoios que recebeu nesses seus 14 anos de conviv\u00eancia com a Capital da Rep\u00fablica, M\u00e1rcia diz que tem \u201cmuita gratid\u00e3o\u201d a tr\u00eas ambientes, principalmente: o Feiti\u00e7o Mineiro, que lhe abriu as portas para o p\u00fablico brasiliense, a Galeteria Beira Lago e o Clube da Bossa. \u201cMuita gratid\u00e3o, mesmo\u201d, repete<strong>.<\/strong><\/p>\n<p><strong><em>Em Bras\u00edlia, M\u00e1rcia frequentava ambientes da MPB, sempre acompanhada por bom p\u00fablico que, aos poucos, foi conquistando, tanto pela voz quanto pelo repert\u00f3rio. Nesse embalo, ela cantou com v\u00e1rios int\u00e9rpretes de destaque nacional, como Mi\u00facha, por exemplo, em 2012, no Teatro do Guar\u00e1, ao lado, com registro da fot\u00f3grafa Marizan Fontinele<\/em><\/strong><a href=\"https:\/\/memoriadaculturaesportebsb.com.br\/wp-content\/uploads\/2024\/11\/marcia6.jpg\"><img loading=\"lazy\" decoding=\"async\" class=\"aligncenter size-full wp-image-2874\" src=\"https:\/\/memoriadaculturaesportebsb.com.br\/wp-content\/uploads\/2024\/11\/marcia6.jpg\" alt=\"\" width=\"680\" height=\"454\" srcset=\"https:\/\/memoriadaculturaesportebsb.com.br\/wp-content\/uploads\/2024\/11\/marcia6.jpg 680w, https:\/\/memoriadaculturaesportebsb.com.br\/wp-content\/uploads\/2024\/11\/marcia6-300x200.jpg 300w\" sizes=\"auto, (max-width: 680px) 100vw, 680px\" \/><\/a><\/p>\n<p><strong><em>Mais recentemente, em agosto de 2023, M\u00e1rcia fez apresenta\u00e7\u00e3o com Jane Duboc, no Clube do Choro. Jane \u00e9 outra consagrada cantora e compositora, que fez forma\u00e7\u00e3o educacional b\u00e1sica nos Estados Unidos, dos 17 aos 23 anos. Em novembro de 2024, a dupla voltou a se apresentar na tradicional casa de shows<\/em><\/strong><\/p>\n<p><strong>Encontro com Menescal <\/strong><\/p>\n<figure id=\"attachment_2875\" aria-describedby=\"caption-attachment-2875\" style=\"width: 300px\" class=\"wp-caption alignleft\"><a href=\"https:\/\/memoriadaculturaesportebsb.com.br\/wp-content\/uploads\/2024\/11\/marcia7.jpg\"><img loading=\"lazy\" decoding=\"async\" class=\"size-medium wp-image-2875\" src=\"https:\/\/memoriadaculturaesportebsb.com.br\/wp-content\/uploads\/2024\/11\/marcia7-300x225.jpg\" alt=\"\" width=\"300\" height=\"225\" srcset=\"https:\/\/memoriadaculturaesportebsb.com.br\/wp-content\/uploads\/2024\/11\/marcia7-300x225.jpg 300w, https:\/\/memoriadaculturaesportebsb.com.br\/wp-content\/uploads\/2024\/11\/marcia7.jpg 647w\" sizes=\"auto, (max-width: 300px) 100vw, 300px\" \/><\/a><figcaption id=\"caption-attachment-2875\" class=\"wp-caption-text\">Apresenta\u00e7\u00e3o de M\u00e1rcia Tauil com Roberto Menescal, em mar\u00e7o de 2024, no Blue Note, Rio de Janeiro<\/figcaption><\/figure>\n<p>Apreciadora da Bossa Nova, ritmo com destaque no seu repert\u00f3rio, M\u00e1rcia n\u00e3o programou um encontro ou uma visita a Roberto Menescal. Nada disso. Os dois se conheceram pessoalmente num compromisso profissional e, tamb\u00e9m, por m\u00e9rito da cantora, pois ela foi lembrada por uma grava\u00e7\u00e3o que havia feito. M\u00e1rcia conta sobre aquele momento:<\/p>\n<p><strong><em>\u201cFui convidada em 2003, quando o saudoso Fernando Faro (1927 \u2013 2016) recebeu Costa Netto para o programa Ensaio (TV Cultura). Costa Netto j\u00e1 conhecia meu trabalho, pois eu havia gravado um CD, por ele produzido, com a m\u00fasica Estrada Delhi-Rio, parceria dele com Menescal. Quando ele foi convidado para o Ensaio, a produ\u00e7\u00e3o do programa chamou cantores e m\u00fasicos ligados \u00e0 sua obra, como Menescal, Leila Pinheiro, V\u00e2nia Bastos, Chico Pinheiro, Vicente Barreto e eu\u201d.<\/em><\/strong><\/p>\n<p><strong>Parceria \u00a0\u00a0<\/strong><\/p>\n<p>Foi assim que come\u00e7ou a amizade que evoluiu para parceria em apresenta\u00e7\u00f5es e projetos, j\u00e1 h\u00e1 20 anos. O primeiro show da dupla foi em 11 de abril de 2003, em Mococa, cidade da juventude de M\u00e1rcia. Dali, seguiu-se uma turn\u00ea patrocinada pelo Sesc, \u201cA Bossa de Menescal na voz de M\u00e1rcia Tauil\u201d.\u00a0 Os shows continuaram pelo interior paulista e, depois, Minas Gerais.<\/p>\n<p>O roteiro dessas apresenta\u00e7\u00f5es incluiu Bras\u00edlia. Foi em 2010, no Clube da Bossa e na Galeteria Beira Lago, dois ambientes que M\u00e1rcia fala com carinho especial pela acolhida que sempre lhe deram, assim como o Feiti\u00e7o Mineiro, reduto hist\u00f3rico da boa m\u00fasica que ficou na saudade\u2026<\/p>\n<p>Em 2011, nova apresenta\u00e7\u00e3o no Distrito Federal, quando aqui j\u00e1 morava. Dessa vez no Terra\u00e7o Shopping e, em 2012, nas comemora\u00e7\u00f5es do anivers\u00e1rio do Guar\u00e1. Nesse mesmo ano, gravou um CD com Cely Curado, Nath\u00e1lia Lima e Sandra Duailibe, com o t\u00edtulo \u201cElas cantam Menescal\u201d, lan\u00e7ado no audit\u00f3rio da Associa\u00e7\u00e3o M\u00e9dica de Bras\u00edlia, com a presen\u00e7a do homenageado.<\/p>\n<p>Os shows se sucederam, mas um, em especial, ficou marcado na lembran\u00e7a, realizado em outubro de 2017. M\u00e1rcia participou do projeto \u201cDia de Luz, Festa de Sol\u201d, que festejou os 80 anos de Menescal, no Centro Cultural Banco do Brasil (CCBB).<\/p>\n<p>A mais recente apresenta\u00e7\u00e3o da dupla foi em 27 de mar\u00e7o deste ano, no Blue Note, no Rio de Janeiro, filial da tradicional casa de shows de Nova Iorque.<\/p>\n<p><strong>Estrela pop<\/strong><\/p>\n<p><strong><em>\u201cAos 87 anos, completados em outubro, Menescal \u00e9 uma estrela pop, um gentleman. Eu jamais imaginei que um dia iria a um programa, conheceria Menescal e nos tornar\u00edamos parceiros\u201d<\/em><\/strong><\/p>\n<p>A narrativa de M\u00e1rcia sobre o grande m\u00fasico e \u00eddolo continua:<\/p>\n<p>\u201cTudo isso aconteceu de forma muito natural. Na passagem de som que eu fazia para o programa da TV Cultura, Menescal me ouviu e simplesmente se ofereceu para tocar guitarra comigo, na m\u00fasica Estrada Delhi-Rio\u201d.<\/p>\n<p>E conclui:<\/p>\n<p>\u201cEle \u00e9 de uma simplicidade espantosa. Eu j\u00e1 vi o porteiro de uma casa de show contando hist\u00f3rias de m\u00fasica e ele tranquilamente ouvindo. Meu marido estava ansioso, para que ele pudesse descansar. Mas ele insistia em ficar ouvindo aquelas passagens. Quando fomos embora, ele me falou: \u201cEu escolhi essa profiss\u00e3o\u201d\u2026 Um ensinamento precioso para mim.<\/p>\n<figure id=\"attachment_2876\" aria-describedby=\"caption-attachment-2876\" style=\"width: 674px\" class=\"wp-caption aligncenter\"><a href=\"https:\/\/memoriadaculturaesportebsb.com.br\/wp-content\/uploads\/2024\/11\/marcia8.jpg\"><img loading=\"lazy\" decoding=\"async\" class=\"size-full wp-image-2876\" src=\"https:\/\/memoriadaculturaesportebsb.com.br\/wp-content\/uploads\/2024\/11\/marcia8.jpg\" alt=\"\" width=\"674\" height=\"449\" srcset=\"https:\/\/memoriadaculturaesportebsb.com.br\/wp-content\/uploads\/2024\/11\/marcia8.jpg 674w, https:\/\/memoriadaculturaesportebsb.com.br\/wp-content\/uploads\/2024\/11\/marcia8-300x200.jpg 300w\" sizes=\"auto, (max-width: 674px) 100vw, 674px\" \/><\/a><figcaption id=\"caption-attachment-2876\" class=\"wp-caption-text\">M\u00e1rcia Tauil e Roberto Menescal, em mar\u00e7o de 2024, por ocasi\u00e3o da grava\u00e7\u00e3o do clip \u201cUm jeito de ficar\u201d<\/figcaption><\/figure>\n<p>Certa vez, M\u00e1rcia e fam\u00edlia almo\u00e7avam com o \u201cPop\u201d da Bossa Nova e a sua filha menor, Ana Carolina, hoje com 14 anos, sacou que as fei\u00e7\u00f5es de Menescal lembravam a figura de um vov\u00f4. Aos afagos do m\u00fasico ela retribuiu: \u201cN\u00e3o se preocupe, vou estudar para ser geriatra e vou cuidar de voc\u00ea\u201d\u2026<\/p>\n<p>Tanto Carol quanto Ana Clara, 18 anos, as duas com excelentes vozes, j\u00e1 tiveram o privil\u00e9gio de gravar com o grande m\u00fasico ao viol\u00e3o. Mas elas dizem que n\u00e3o seguir\u00e3o o roteiro da mam\u00e3e M\u00e1rcia. Quem garante?<\/p>\n<p><strong>Homenagem<\/strong><\/p>\n<p><a href=\"https:\/\/memoriadaculturaesportebsb.com.br\/wp-content\/uploads\/2024\/11\/marcia9.jpg\"><img loading=\"lazy\" decoding=\"async\" class=\"alignleft size-medium wp-image-2877\" src=\"https:\/\/memoriadaculturaesportebsb.com.br\/wp-content\/uploads\/2024\/11\/marcia9-300x230.jpg\" alt=\"\" width=\"300\" height=\"230\" srcset=\"https:\/\/memoriadaculturaesportebsb.com.br\/wp-content\/uploads\/2024\/11\/marcia9-300x230.jpg 300w, https:\/\/memoriadaculturaesportebsb.com.br\/wp-content\/uploads\/2024\/11\/marcia9.jpg 715w\" sizes=\"auto, (max-width: 300px) 100vw, 300px\" \/><\/a>M\u00e1rcia faz homenagem ao pernambucano Rildo Hora, gaitista e produtor com quem ela j\u00e1 cantou e se encantou. Rildo (<em>na foto, ao lado de M\u00e1rcia)\u00a0<\/em>\u00e9 compositor e \u00e9 de sua autoria o cl\u00e1ssico \u201cOs Meninos da Mangueira\u201d, em parceria com o jornalista S\u00e9rgio Cabral (1937-2024). Ele tamb\u00e9m participou de v\u00e1rios projetos, incluindo o show \u201cZeca Pagodinho 40 Anos ao Vivo\u201d e \u201cCasa do Samba\u201d.<\/p>\n<p><em><strong>\u201cRildo, 85 anos, \u00e9 muito requisitado. Um papa da produ\u00e7\u00e3o brasileira, agraciado com sete Grammys. O que ele e Menescal fazem no palco \u00e9 impressionante\u201d<\/strong><\/em><\/p>\n<p>M\u00e1rcia fez parceria com Rildo em \u201cO dia que vi Caymmi\u201d, sobre cr\u00f4nica do jornalista e escritor C\u00e9lio Albuquerque.<\/p>\n<p>O texto falava do dia em que C\u00e9lio viu Dorival Caymmi e com ele andou de carro, um Fusca, no Rio de Janeiro. \u201cIsso d\u00e1 m\u00fasica\u201d, disse Rildo. E deu mesmo, num embalo gostoso de ouvir e dan\u00e7ar. M\u00e1rcia adaptou a cr\u00f4nica de C\u00e9lio, em homenagem ao grande baiano, e a interpretou em 2023 no Blue Note, Rio de Janeiro, com Rildo acompanhando na gaita. A can\u00e7\u00e3o j\u00e1 est\u00e1 em todas as plataformas digitais.<\/p>\n<p style=\"text-align: center;\"><strong>\u201c<em>O dia em que vi Caymmi<\/em><\/strong><\/p>\n<p style=\"text-align: center;\"><strong><em>Sem mantos sorriso de abrolhos<\/em><\/strong><\/p>\n<p style=\"text-align: center;\"><strong><em>Camisa de flor, cheiro bom<\/em><\/strong><\/p>\n<p style=\"text-align: center;\"><strong><em>Caminho de mar nos olhos\u201d<\/em>\u2026<\/strong><\/p>\n<figure id=\"attachment_2878\" aria-describedby=\"caption-attachment-2878\" style=\"width: 631px\" class=\"wp-caption aligncenter\"><a href=\"https:\/\/memoriadaculturaesportebsb.com.br\/wp-content\/uploads\/2024\/11\/marcia10.jpg\"><img loading=\"lazy\" decoding=\"async\" class=\"wp-image-2878 size-full\" src=\"https:\/\/memoriadaculturaesportebsb.com.br\/wp-content\/uploads\/2024\/11\/marcia10.jpg\" alt=\"\" width=\"631\" height=\"419\" srcset=\"https:\/\/memoriadaculturaesportebsb.com.br\/wp-content\/uploads\/2024\/11\/marcia10.jpg 631w, https:\/\/memoriadaculturaesportebsb.com.br\/wp-content\/uploads\/2024\/11\/marcia10-300x199.jpg 300w, https:\/\/memoriadaculturaesportebsb.com.br\/wp-content\/uploads\/2024\/11\/marcia10-310x205.jpg 310w\" sizes=\"auto, (max-width: 631px) 100vw, 631px\" \/><\/a><figcaption id=\"caption-attachment-2878\" class=\"wp-caption-text\">C\u00e9lio Albuquerque, M\u00e1rcia e Rildo Hora<\/figcaption><\/figure>\n<p><strong>Sa\u00fade e limita\u00e7\u00f5es<\/strong><\/p>\n<p>Em 2012, M\u00e1rcia come\u00e7ou a passar por anos dif\u00edceis, quando uma doen\u00e7a, diagnosticada tardiamente, a fez perder peso, o \u00e2nimo e a disposi\u00e7\u00e3o para cantar.\u00a0 \u201cEu tenho a doen\u00e7a cel\u00edaca, devido \u00e0 intoler\u00e2ncia a gl\u00faten\u201d, contou.<\/p>\n<p>O diagn\u00f3stico s\u00f3 foi descoberto aos 45 anos e, nesse tempo, M\u00e1rcia n\u00e3o parou de se apresentar. Por\u00e9m, com limita\u00e7\u00f5es. \u201cQuando eu melhorava, fazia um show, festivais. Passei a compor para participar de festivais de can\u00e7\u00f5es In\u00e9ditas, pois era apenas uma m\u00fasica a ser apresentada. Mas, nos shows, em muitas ocasi\u00f5es, eu dividia o palco, pois eu simplesmente n\u00e3o tinha for\u00e7as para continuar\u201d.<\/p>\n<blockquote><p><strong><em>\u201cQuem identificou a doen\u00e7a foi o m\u00e9dico Iphes Campbell. Ele fez os exames, o diagn\u00f3stico, passou o tratamento e a minha vida come\u00e7ou a voltar ao normal. \u00c9 uma vida nessa luta\u201d&#8230;<\/em><\/strong><\/p><\/blockquote>\n<p>Foi nesse ambiente de recupera\u00e7\u00e3o que M\u00e1rcia falou para Menescal que queria gravar um CD, mas n\u00e3o tinha condi\u00e7\u00f5es de levar sozinha at\u00e9 o fim. \u201cChamei a Cely Curado, a Nath\u00e1lia Lima e a Sandra Duailibe para gravar o\u00a0<em>Elas Cantam Menescal\u201d, recorda<\/em>.<\/p>\n<p>\u201cGravamos, fizemos um show em grupo e tive esse apoio essencial, com a produ\u00e7\u00e3o de Marizan Fontinele, que cuidou muito bem de todas e deu aten\u00e7\u00e3o \u00e0s minhas necessidades\u201d, recorda M\u00e1rcia os tempos dif\u00edceis.<\/p>\n<p>\u201cQuando lan\u00e7amos o CD, observei que a doen\u00e7a estava t\u00e3o consolidada no organismo que eu precisei de anos para recuperar o f\u00f4lego. Por\u00e9m, ao excluir totalmente o trigo da alimenta\u00e7\u00e3o, a voz voltou ao normal. Foi muito esfor\u00e7o para vencer\u201d.<\/p>\n<p><strong>Na pandemia<\/strong><\/p>\n<p>Na pandemia, M\u00e1rcia estava com dificuldades novamente para cantar, mas achou que era devido ter contra\u00eddo covid. Nessa ocasi\u00e3o, o amigo Fred Brasiliense \u2013 fot\u00f3grafo, cantor, compositor, poeta e produtor cultural \u2013 observou que as fotos que fazia da cantora mostravam uma sali\u00eancia no pesco\u00e7o, algo como \u201cum carocinho\u201d.<\/p>\n<p>Artista, ele resolvia aquele \u201cdetalhe\u201d com os recursos da tecnologia digital. Por\u00e9m, alertou \u00e0 amiga que, numa consulta m\u00e9dica, foi diagnosticada com v\u00e1rios \u201cb\u00f3cios mergulhantes\u201d. Eram do tipo que cresce para dentro da traqueia, o que dificultava a respira\u00e7\u00e3o. O tratamento foi cir\u00fargico e a retirada do \u201ccarocinho\u201d se estendeu para um procedimento que deixou sua prega vocal esquerda com paralisia. Foram momentos tensos, pois M\u00e1rcia correu o risco de n\u00e3o cantar mais. Final satisfat\u00f3rio: fonoaudiologia, exerc\u00edcios e nova maneira de acertar os ajustes musculares para o canto. M\u00e1rcia resiste!<\/p>\n<p><strong>Professora musical<\/strong><\/p>\n<p>M\u00e1rcia diz que aprendeu a ser professora de canto. E d\u00e1 aulas particulares para pessoas com dificuldades s\u00e9rias, para cadeirantes, por exemplo, ou com Atrofia Muscular Espinhal (AME); outras que t\u00eam comprometimento de pulm\u00e3o. E tem alunos que cantam com apenas 38% de capacidade pulmonar.<\/p>\n<blockquote><p><strong><em>\u201cCanta-se sabendo usar o que se tem\u201d<\/em><\/strong><\/p><\/blockquote>\n<p>Outro projeto \u00e9 desenvolvido na Casa GOG, no Guar\u00e1 II, em Bras\u00edlia. A proposta \u00e9 o desenvolvimento sociocultural da comunidade, com extens\u00e3o \u00e0s crian\u00e7as, na forma\u00e7\u00e3o do Coral Infantil, na pr\u00e1tica de capoeira, aprendizado de Libras e culin\u00e1ria.<\/p>\n<figure id=\"attachment_2879\" aria-describedby=\"caption-attachment-2879\" style=\"width: 753px\" class=\"wp-caption aligncenter\"><a href=\"https:\/\/memoriadaculturaesportebsb.com.br\/wp-content\/uploads\/2024\/11\/marcia11-e1730927973740.jpg\"><img loading=\"lazy\" decoding=\"async\" class=\"wp-image-2879 size-full\" src=\"https:\/\/memoriadaculturaesportebsb.com.br\/wp-content\/uploads\/2024\/11\/marcia11-e1730927973740.jpg\" alt=\"\" width=\"753\" height=\"332\" srcset=\"https:\/\/memoriadaculturaesportebsb.com.br\/wp-content\/uploads\/2024\/11\/marcia11-e1730927973740.jpg 753w, https:\/\/memoriadaculturaesportebsb.com.br\/wp-content\/uploads\/2024\/11\/marcia11-e1730927973740-300x132.jpg 300w\" sizes=\"auto, (max-width: 753px) 100vw, 753px\" \/><\/a><figcaption id=\"caption-attachment-2879\" class=\"wp-caption-text\">M\u00e1rcia, interpretando uma Fada, no projeto infantil \u201cNovas Cantigas de Roda\u201d, tendo ao fundo Carlos Jansen, pediatra e compositor, e ao lado das filhas Carol, \u00e0 esquerda, e Ana, durante uma live por ocasi\u00e3o da pandemia<\/figcaption><\/figure>\n<p><strong>Projetos sociais<\/strong><\/p>\n<p>M\u00e1rcia conta que j\u00e1 trabalhou com crian\u00e7as com l\u00e1bio leporino e que gravou um LP com seu grupo de alunos, o \u201cNovas Vozes de Bras\u00edlia\u201d, que foi vendido para manter o projeto, desenvolvido em 2016. L\u00e1bio leporino \u00e9 uma malforma\u00e7\u00e3o cong\u00eanita que se caracteriza por uma abertura no l\u00e1bio superior do feto.<\/p>\n<p>\u201cUm m\u00e9dico, ao pedir para uma crian\u00e7a falar ap\u00f3s sua opera\u00e7\u00e3o, teve como resposta, a crian\u00e7a cantando! O que esses profissionais mais desejam \u00e9 ouvir a voz da crian\u00e7a depois da cirurgia para corrigir o l\u00e1bio. Ele ficou emocionado\u201d, conta M\u00e1rcia.<\/p>\n<p>Nesses projetos infantis, M\u00e1rcia trabalha com m\u00fasicas que n\u00e3o tratam do amor rom\u00e2ntico. \u201cMas, can\u00e7\u00f5es para mexer com o cora\u00e7\u00e3ozinho das crian\u00e7as e despertar nelas o amor pr\u00f3prio e o sentimento pela m\u00fasica\u201d.<\/p>\n<p><strong>Quest\u00e3o de dignidade<\/strong><\/p>\n<p>H\u00e9lio Tremendani, que participava da entrevista, quis saber como era a conviv\u00eancia de uma mulher no meio musical de dif\u00edcil acesso, principalmente com a parceria de um mestre da Bossa Nova, Roberto Menescal.<\/p>\n<p>\u201cEsse universo de feras \u00e9 dif\u00edcil no in\u00edcio. A gente tem muita rever\u00eancia pelos grandes nomes de gera\u00e7\u00f5es anteriores \u00e0 sua. Eu tive em Menescal um grande apoiador e incentivador. Ele sempre me alertou: \u2018Cuidado, essa carreira n\u00e3o \u00e9 f\u00e1cil, mas \u00e9 poss\u00edvel\u201d. Eu sou s\u00e9ria demais pelas coisas que j\u00e1 passei, ele tamb\u00e9m. Mas, no meio art\u00edstico eu aprendi a andar l\u00e1 dentro, com ele. Foi Deus que mandou Roberto Menescal na minha vida\u201d, reconhece. E continua: \u201cMas o tipo de m\u00fasica que canto n\u00e3o me d\u00e1 muitas facilidades. N\u00e3o tem muita abertura nas atuais programa\u00e7\u00f5es de r\u00e1dio e TV. Gostava \u2013 e gosto \u2013 de cantar forr\u00f3, como em bailes, l\u00e1 no in\u00edcio da carreira; gosto de cantar samba, m\u00fasica rom\u00e2ntica. Gosto de cantar, \u00e9 isso. Eu era uma mo\u00e7a bonita. Realmente meu pai tinha raz\u00e3o, as propostas nesse ambiente n\u00e3o todas s\u00e3o o que voc\u00ea espera\u2026 Tinha proposta para ser a morena do forr\u00f3, mas eu tinha vergonha, eu queria cantar pela voz, n\u00e3o por um personagem com apelo sensual. Num certo Carnaval, cantei, fantasiada,\u00a0tudo certo! Correu tudo bem. Mas em outro evento, nas trocas de figurino devido ao espet\u00e1culo, a abordagem n\u00e3o foi muito legal. Certa vez, um americano abriu uma mala de d\u00f3lares e ofereceu ao meu irm\u00e3o Ivan para me comprar, que saiu no tapa com ele. Isso me assustava e me retraia. \u00c0s vezes me falavam que beleza abre portas, mas depende da maneira que essa porta \u00e9 aberta\u201d, descreveu M\u00e1rcia. Com a idade me sinto mais \u00e0 vontade e sinto o interesse pela minha voz, pela minha arte. Isso \u00e9 t\u00e3o bom! E concluiu:<\/p>\n<p><strong><em>\u2026 A dignidade precisa ser preservada.<\/em><\/strong><\/p>\n<p><strong>Um assessor especial<\/strong><\/p>\n<p><strong><a href=\"https:\/\/memoriadaculturaesportebsb.com.br\/wp-content\/uploads\/2024\/11\/marcia12.jpg\"><img loading=\"lazy\" decoding=\"async\" class=\"alignleft size-medium wp-image-2880\" src=\"https:\/\/memoriadaculturaesportebsb.com.br\/wp-content\/uploads\/2024\/11\/marcia12-226x300.jpg\" alt=\"\" width=\"226\" height=\"300\" srcset=\"https:\/\/memoriadaculturaesportebsb.com.br\/wp-content\/uploads\/2024\/11\/marcia12-226x300.jpg 226w, https:\/\/memoriadaculturaesportebsb.com.br\/wp-content\/uploads\/2024\/11\/marcia12.jpg 431w\" sizes=\"auto, (max-width: 226px) 100vw, 226px\" \/><\/a>Para<\/strong> <strong><em>desenvolver as suas <\/em><\/strong><strong><em>atividades art\u00edsticas-profissionais <\/em><\/strong><strong><em>M\u00e1rcia tem um \u201cassessor\u201d especial\u00edssimo, <\/em><\/strong><strong><em>o seu marido Carlos Zamarian.<\/em><\/strong><\/p>\n<p><strong><em>A foto do casal foi produzida ao final da <\/em><\/strong><strong><em>entrevista, na sede da Aruc<\/em><\/strong><\/p>\n<p>Al\u00e9m do apoio \u00e0s iniciativas profissionais de M\u00e1rcia, Carlos tamb\u00e9m tem excelente mem\u00f3ria, que socorre a esposa nas entrevistas. S\u00e3o muitas informa\u00e7\u00f5es, muitos cantores, m\u00fasicas, datas, locais, eventos\u2026 Mas \u201cDataCarlos\u201d revela-se o recurso do momento para lembrar da informa\u00e7\u00e3o de forma precisa.<\/p>\n<p><strong><em>M\u00e1rcia est\u00e1 em Bras\u00edlia h\u00e1 14 anos. Integrou-se \u00e0 vida art\u00edstica da cidade. E, por sua express\u00e3o no contexto da m\u00fasica brasileira, n\u00e3o h\u00e1 d\u00favidas de que j\u00e1 faz parte da \u201cmem\u00f3ria da cultura e do esporte de Bras\u00edlia\u201d.<\/em><\/strong><\/p>\n","protected":false},"excerpt":{"rendered":"<p>\u00a0Por\u00a0H\u00e9lio Tremendani e Jos\u00e9 Cruz A mineira M\u00e1rcia Soraia Tauil Braga Zamarian, cantora, compositora, produtora e professora de canto, nasceu no Dia do Samba, 2 de dezembro. Sem d\u00favida, \u00e9 um privil\u00e9gio vir ao mundo com a marca registrada da nossa mais envolvente manifesta\u00e7\u00e3o art\u00edstica-musical. S\u00e3o coincid\u00eancias do calend\u00e1rio materno, mas, a bem da verdade, &hellip;<\/p>\n","protected":false},"author":2,"featured_media":0,"comment_status":"closed","ping_status":"closed","sticky":false,"template":"","format":"standard","meta":{"footnotes":""},"categories":[13,2,6,16,14],"tags":[],"class_list":["post-2926","post","type-post","status-publish","format-standard","","category-colunistas","category-cultura","category-entrevistas","category-helio-tremendani","category-jose-cruz"],"_links":{"self":[{"href":"https:\/\/memoriadaculturaesportebsb.com.br\/index.php\/wp-json\/wp\/v2\/posts\/2926","targetHints":{"allow":["GET"]}}],"collection":[{"href":"https:\/\/memoriadaculturaesportebsb.com.br\/index.php\/wp-json\/wp\/v2\/posts"}],"about":[{"href":"https:\/\/memoriadaculturaesportebsb.com.br\/index.php\/wp-json\/wp\/v2\/types\/post"}],"author":[{"embeddable":true,"href":"https:\/\/memoriadaculturaesportebsb.com.br\/index.php\/wp-json\/wp\/v2\/users\/2"}],"replies":[{"embeddable":true,"href":"https:\/\/memoriadaculturaesportebsb.com.br\/index.php\/wp-json\/wp\/v2\/comments?post=2926"}],"version-history":[{"count":11,"href":"https:\/\/memoriadaculturaesportebsb.com.br\/index.php\/wp-json\/wp\/v2\/posts\/2926\/revisions"}],"predecessor-version":[{"id":2938,"href":"https:\/\/memoriadaculturaesportebsb.com.br\/index.php\/wp-json\/wp\/v2\/posts\/2926\/revisions\/2938"}],"wp:attachment":[{"href":"https:\/\/memoriadaculturaesportebsb.com.br\/index.php\/wp-json\/wp\/v2\/media?parent=2926"}],"wp:term":[{"taxonomy":"category","embeddable":true,"href":"https:\/\/memoriadaculturaesportebsb.com.br\/index.php\/wp-json\/wp\/v2\/categories?post=2926"},{"taxonomy":"post_tag","embeddable":true,"href":"https:\/\/memoriadaculturaesportebsb.com.br\/index.php\/wp-json\/wp\/v2\/tags?post=2926"}],"curies":[{"name":"wp","href":"https:\/\/api.w.org\/{rel}","templated":true}]}}