{"id":2892,"date":"2024-11-10T20:37:50","date_gmt":"2024-11-10T23:37:50","guid":{"rendered":"https:\/\/memoriadaculturaesportebsb.com.br\/?p=2892"},"modified":"2024-11-10T20:37:50","modified_gmt":"2024-11-10T23:37:50","slug":"dois-craques-em-campo","status":"publish","type":"post","link":"https:\/\/memoriadaculturaesportebsb.com.br\/index.php\/2024\/11\/10\/dois-craques-em-campo\/","title":{"rendered":"Dois craques em campo"},"content":{"rendered":"<p>Por H\u00e9lio Tremendani<\/p>\n<p>Boas lembran\u00e7as ganham mais vida com boas imagens. \u00c9 isso o que tenho nos meus arquivos e coloco aqui na rede social como contribui\u00e7\u00e3o \u00e0 hist\u00f3ria do esporte e da arte brasiliense.<\/p>\n<p><a href=\"https:\/\/memoriadaculturaesportebsb.com.br\/wp-content\/uploads\/2024\/11\/orlando1.jpg\"><img loading=\"lazy\" decoding=\"async\" class=\"alignleft size-medium wp-image-2893\" src=\"https:\/\/memoriadaculturaesportebsb.com.br\/wp-content\/uploads\/2024\/11\/orlando1-300x271.jpg\" alt=\"\" width=\"300\" height=\"271\" srcset=\"https:\/\/memoriadaculturaesportebsb.com.br\/wp-content\/uploads\/2024\/11\/orlando1-300x271.jpg 300w, https:\/\/memoriadaculturaesportebsb.com.br\/wp-content\/uploads\/2024\/11\/orlando1.jpg 610w\" sizes=\"auto, (max-width: 300px) 100vw, 300px\" \/><\/a>Essas fotos misturam duas paix\u00f5es, futebol e arte.<\/p>\n<p>Futebol de meu irm\u00e3o, Mel\u00e3o, que vi jogar, e arte de Orlando Brito, o fot\u00f3grafo que nos deixou muito cedo (1950-2022) e nos privou de sua amizade e criatividade. O detalhe \u00e9 que as duas fotos de Mel\u00e3o, mais abaixo s\u00e3o de Orlando Brito, de quem tive o prazer de ser amigo e guardar essas recorda\u00e7\u00f5es, inclusive essa que publico, com ele e sua poderosa m\u00e1quina que registrou fenomenais momentos da hist\u00f3rias de Bras\u00edlia.<\/p>\n<p><strong>Meu irm\u00e3o Mel\u00e3o<\/strong><\/p>\n<p>J\u00e1 contei que acompanhei a carreira de jogador de meu irm\u00e3o, Moacyr Tremendani, o Mel\u00e3o. Pois ele, foi duplamente beneficiado: conversou com Pel\u00e9, em campo, numa foto de Orlando Brito. \u00c9 uma imagem que nos remete a dois craques, um da bola, outro das lentes.<\/p>\n<p><em>\u00a0<\/em><\/p>\n<figure id=\"attachment_2894\" aria-describedby=\"caption-attachment-2894\" style=\"width: 851px\" class=\"wp-caption aligncenter\"><a href=\"https:\/\/memoriadaculturaesportebsb.com.br\/wp-content\/uploads\/2024\/11\/orlando2.jpg\"><img loading=\"lazy\" decoding=\"async\" class=\"size-full wp-image-2894\" src=\"https:\/\/memoriadaculturaesportebsb.com.br\/wp-content\/uploads\/2024\/11\/orlando2.jpg\" alt=\"\" width=\"851\" height=\"451\" srcset=\"https:\/\/memoriadaculturaesportebsb.com.br\/wp-content\/uploads\/2024\/11\/orlando2.jpg 851w, https:\/\/memoriadaculturaesportebsb.com.br\/wp-content\/uploads\/2024\/11\/orlando2-300x159.jpg 300w, https:\/\/memoriadaculturaesportebsb.com.br\/wp-content\/uploads\/2024\/11\/orlando2-768x407.jpg 768w, https:\/\/memoriadaculturaesportebsb.com.br\/wp-content\/uploads\/2024\/11\/orlando2-310x165.jpg 310w\" sizes=\"auto, (max-width: 851px) 100vw, 851px\" \/><\/a><figcaption id=\"caption-attachment-2894\" class=\"wp-caption-text\">Mel\u00e3o e Pel\u00e9 (Foto: Orlando Brito)<\/figcaption><\/figure>\n<p>Foi num jogo em 1967, quando o Santos nos visitou e aplicou 5 x 1 contra a Sele\u00e7\u00e3o de Bras\u00edlia. Pel\u00e9 marcou dois. Eu estava l\u00e1. Era o tempo do famoso time da Vila Belmiro, Dorval, Meng\u00e1lvio Coutinho, Pel\u00e9 e Pepe. Com esse ataque o Santos sagrou-se bicampe\u00e3o mundial.<\/p>\n<p>Pepe contou em recente entrevista que poderia ter vencido mais campeonatos mundiais. Por\u00e9m, naquela \u00e9poca, os mundiais n\u00e3o tinham patroc\u00ednios nem a valoriza\u00e7\u00e3o das imagens de TV, de agora. Logo, os dirigentes preferiam mais jogos amistosos, onde faturavam boa grana para pagar a folha salarial de um time que s\u00f3 tinha estrelas.<\/p>\n<p><strong>As lentes de Brito<\/strong><\/p>\n<p>Mas, voltando \u00e0 nossa realidade: na \u00e9poca, eu estava com 14 anos. Quando ia jogar, Mel\u00e3o me levava junto. Mas tinha uma condi\u00e7\u00e3o, que eu ficasse pr\u00f3ximo das cabines de transmiss\u00e3o de r\u00e1dio ouvindo a narra\u00e7\u00e3o e coment\u00e1rios dos cronistas. Depois, em casa, eu tinha que contar para Mel\u00e3o o que eles disseram sobre a sua atua\u00e7\u00e3o. Em especial, se continuavam comparando o estilo de jogo dele ao do zagueiro Pav\u00e3o, que atuou no Flamengo e no Santos.<\/p>\n<p><a href=\"https:\/\/memoriadaculturaesportebsb.com.br\/wp-content\/uploads\/2024\/11\/orlando3.jpg\"><img loading=\"lazy\" decoding=\"async\" class=\"aligncenter size-full wp-image-2895\" src=\"https:\/\/memoriadaculturaesportebsb.com.br\/wp-content\/uploads\/2024\/11\/orlando3.jpg\" alt=\"\" width=\"420\" height=\"273\" srcset=\"https:\/\/memoriadaculturaesportebsb.com.br\/wp-content\/uploads\/2024\/11\/orlando3.jpg 420w, https:\/\/memoriadaculturaesportebsb.com.br\/wp-content\/uploads\/2024\/11\/orlando3-300x195.jpg 300w\" sizes=\"auto, (max-width: 420px) 100vw, 420px\" \/><\/a><\/p>\n<p>Agora, um detalhe que me emociona: as cabines no pavilh\u00e3o, ao fundo, s\u00e3o as mesmas onde eu ficava pr\u00f3ximo, atento \u00e0s narra\u00e7\u00f5es, conforme Mel\u00e3o me orientava. Essa foto ganha valor inestim\u00e1vel, porque foi feita pelo amigo Orlando Brito.<\/p>\n<p>Quando mor\u00e1vamos no Rio, Mel\u00e3o chegou a treinar no Fluminense. Teria sido profissional, acredito, mas logo veio a transfer\u00eancia de meu pai para Bras\u00edlia e a\u00ed os rumos foram outros.<\/p>\n<p>Aqui, Mel\u00e3o jogou na A.E. Cruzeiro do Sul, em 1963 e por esse time sagrou-se campe\u00e3o do Distrito Federal. No ano seguinte, foi para o time do Rabello, onde tamb\u00e9m ganhou campeonatos locais e participou de todas as Sele\u00e7\u00f5es convocadas, enquanto jogou.<\/p>\n<p>Um dia, ainda vou sentar ao lado dele e pedir pra abrir o seu ba\u00fa \u201cdaqueles tempos\u201d. Mel\u00e3o tem muita hist\u00f3ria pra contar. Com certeza.<\/p>\n","protected":false},"excerpt":{"rendered":"<p>Por H\u00e9lio Tremendani Boas lembran\u00e7as ganham mais vida com boas imagens. \u00c9 isso o que tenho nos meus arquivos e coloco aqui na rede social como contribui\u00e7\u00e3o \u00e0 hist\u00f3ria do esporte e da arte brasiliense. Essas fotos misturam duas paix\u00f5es, futebol e arte. Futebol de meu irm\u00e3o, Mel\u00e3o, que vi jogar, e arte de Orlando &hellip;<\/p>\n","protected":false},"author":2,"featured_media":2894,"comment_status":"closed","ping_status":"closed","sticky":false,"template":"","format":"standard","meta":{"footnotes":""},"categories":[13,3,4,16],"tags":[],"class_list":["post-2892","post","type-post","status-publish","format-standard","has-post-thumbnail","","category-colunistas","category-destaque","category-esporte","category-helio-tremendani"],"_links":{"self":[{"href":"https:\/\/memoriadaculturaesportebsb.com.br\/index.php\/wp-json\/wp\/v2\/posts\/2892","targetHints":{"allow":["GET"]}}],"collection":[{"href":"https:\/\/memoriadaculturaesportebsb.com.br\/index.php\/wp-json\/wp\/v2\/posts"}],"about":[{"href":"https:\/\/memoriadaculturaesportebsb.com.br\/index.php\/wp-json\/wp\/v2\/types\/post"}],"author":[{"embeddable":true,"href":"https:\/\/memoriadaculturaesportebsb.com.br\/index.php\/wp-json\/wp\/v2\/users\/2"}],"replies":[{"embeddable":true,"href":"https:\/\/memoriadaculturaesportebsb.com.br\/index.php\/wp-json\/wp\/v2\/comments?post=2892"}],"version-history":[{"count":1,"href":"https:\/\/memoriadaculturaesportebsb.com.br\/index.php\/wp-json\/wp\/v2\/posts\/2892\/revisions"}],"predecessor-version":[{"id":2896,"href":"https:\/\/memoriadaculturaesportebsb.com.br\/index.php\/wp-json\/wp\/v2\/posts\/2892\/revisions\/2896"}],"wp:featuredmedia":[{"embeddable":true,"href":"https:\/\/memoriadaculturaesportebsb.com.br\/index.php\/wp-json\/wp\/v2\/media\/2894"}],"wp:attachment":[{"href":"https:\/\/memoriadaculturaesportebsb.com.br\/index.php\/wp-json\/wp\/v2\/media?parent=2892"}],"wp:term":[{"taxonomy":"category","embeddable":true,"href":"https:\/\/memoriadaculturaesportebsb.com.br\/index.php\/wp-json\/wp\/v2\/categories?post=2892"},{"taxonomy":"post_tag","embeddable":true,"href":"https:\/\/memoriadaculturaesportebsb.com.br\/index.php\/wp-json\/wp\/v2\/tags?post=2892"}],"curies":[{"name":"wp","href":"https:\/\/api.w.org\/{rel}","templated":true}]}}