{"id":2885,"date":"2024-11-10T20:31:58","date_gmt":"2024-11-10T23:31:58","guid":{"rendered":"https:\/\/memoriadaculturaesportebsb.com.br\/?p=2885"},"modified":"2024-11-10T20:33:13","modified_gmt":"2024-11-10T23:33:13","slug":"o-esporte-no-ponto-de-partida","status":"publish","type":"post","link":"https:\/\/memoriadaculturaesportebsb.com.br\/index.php\/2024\/11\/10\/o-esporte-no-ponto-de-partida\/","title":{"rendered":"O Esporte no\u00a0Ponto de Partida"},"content":{"rendered":"<p><strong>Por\u00a0Jos\u00e9 Cruz<\/strong><\/p>\n<p>Em 2012, quando Bras\u00edlia completou 52 anos, a literatura foi contemplada com um valioso documento sobre o surgimento e o desenvolvimento do esporte na Capital da Rep\u00fablica.<\/p>\n<p><em>\u201cPonto de Partida \u2013 Esportes\u201d,<\/em> foi o \u00faltimo livro da s\u00e9rie lan\u00e7ada pela empresa Vale sobre os primeiros tempos da Cidade, hoje com 64 anos.<\/p>\n<p><a href=\"https:\/\/memoriadaculturaesportebsb.com.br\/wp-content\/uploads\/2024\/11\/livro1.jpg\"><img loading=\"lazy\" decoding=\"async\" class=\"alignleft size-medium wp-image-2886\" src=\"https:\/\/memoriadaculturaesportebsb.com.br\/wp-content\/uploads\/2024\/11\/livro1-252x300.jpg\" alt=\"\" width=\"252\" height=\"300\" srcset=\"https:\/\/memoriadaculturaesportebsb.com.br\/wp-content\/uploads\/2024\/11\/livro1-252x300.jpg 252w, https:\/\/memoriadaculturaesportebsb.com.br\/wp-content\/uploads\/2024\/11\/livro1.jpg 486w\" sizes=\"auto, (max-width: 252px) 100vw, 252px\" \/><\/a>Num projeto de grande import\u00e2ncia, essa empresa mineradora contribui sobremaneira para a recupera\u00e7\u00e3o de dados de cinco d\u00e9cadas da hist\u00f3ria de Bras\u00edlia, nos segmentos de arquitetura, artesanato, artes c\u00eanicas, artes visuais, cinema, fotografia, literatura, manifesta\u00e7\u00f5es populares.<\/p>\n<p>Para os pesquisadores, professores, estudantes, para os que se interessam pelas origens de Bras\u00edlia, enfim, a cole\u00e7\u00e3o \u00e9 de valor enorme, pois os temas foram escritos com base em documentos e depoimentos oficiais, principalmente.<\/p>\n<p><strong>Craques do jornalismo<\/strong><\/p>\n<p>A publica\u00e7\u00e3o que aqui abordados ganha em qualidade porque foi pesquisada e escrita por duas feras do jornalismo \u2013 esportivo, principalmente: Luiz Roberto Magalh\u00e3es e Paulo Rossi, ambos com passagem por longos anos na editoria de Esportes do Correio Braziliense; Luiz Roberto como rep\u00f3rter e Rossi, editor.<\/p>\n<p>O livro que mergulhou nas origens e desenvolvimento do esporte em Bras\u00edlia, fartamente ilustrado com fotos hist\u00f3ricas, abrange cinco modalidades: futebol, automobilismo, v\u00f4lei, basquete, vela, jud\u00f4 e atletismo, todas com atletas que registraram feitos hist\u00f3ricos no cen\u00e1rio nacional e internacional.<\/p>\n<p><strong><em>\u201cO leitor perceber\u00e1 que apenas sete esportes est\u00e3o contemplados. Num universo t\u00e3o grande, apontamos os holofotes para os celeiros dos maiores campe\u00f5es que a cidade j\u00e1 produziu\u201d, escreveram os jornalistas-autores. E conclu\u00edram: \u201cTodos com carreiras que extrapolaram os limites nacionais e foram (ou ainda s\u00e3o) celebradas ao redor do planeta\u201d<\/em><\/strong><\/p>\n<p><strong><em>\u00a0<\/em><\/strong><strong>Expoentes<\/strong><\/p>\n<p><em><a href=\"https:\/\/memoriadaculturaesportebsb.com.br\/wp-content\/uploads\/2024\/11\/livro02.jpg\"><img loading=\"lazy\" decoding=\"async\" class=\"alignleft size-medium wp-image-2887\" src=\"https:\/\/memoriadaculturaesportebsb.com.br\/wp-content\/uploads\/2024\/11\/livro02-225x300.jpg\" alt=\"\" width=\"225\" height=\"300\" srcset=\"https:\/\/memoriadaculturaesportebsb.com.br\/wp-content\/uploads\/2024\/11\/livro02-225x300.jpg 225w, https:\/\/memoriadaculturaesportebsb.com.br\/wp-content\/uploads\/2024\/11\/livro02.jpg 234w\" sizes=\"auto, (max-width: 225px) 100vw, 225px\" \/><\/a>Dois desses expoentes s\u00e3o <\/em><\/p>\n<p><em>Nelson Piquet, nascido no Rio de<\/em><\/p>\n<p><em>\u00a0Janeiro, mas \u201cforjado em Bras\u00edlia\u201d, que<\/em><\/p>\n<p><em>\u00a0se consagrou como tricampe\u00e3o <\/em><\/p>\n<p><em>mundial de F\u00f3rmula 1, e Oscar <\/em><\/p>\n<p><em>Schmidt, o \u201cM\u00e3o Santa\u201d (foto), jogador<\/em><\/p>\n<p><em>de basquete que se transformou no <\/em><\/p>\n<p><em>maior cestinha da hist\u00f3ria dos Jogos<\/em><\/p>\n<p><em>\u00a0Ol\u00edmpicos. <\/em><\/p>\n<p>Destaques no livro merecem leitura atenta e saudosa, como o feito de Joaquim Cruz, leg\u00edtimo filho do Cerrado, o \u201cMagrelo de Taguatinga\u201d, como era conhecido, que chegou ao p\u00f3dio de ouro ol\u00edmpico nos Jogos de Los Angeles, 1984.<\/p>\n<p>No atletismo, destacam-se ainda v\u00e1rios personagens, como Marilson Gomes dos Santos, maratonista da Ceil\u00e2ndia que ganhou o mundo ao conquistar o bicampeonato na hist\u00f3rica e prestigiada Maratona de Nova Iorque.<\/p>\n<p><strong>Novos personagens<\/strong><\/p>\n<p>Se atualizada, a presente publica\u00e7\u00e3o incluiria, com certeza, o recente feito de outro brasiliense, Caio Bonfim com a medalha de prata que ganhou nos Jogos Ol\u00edmpicos de Paris, 2024.<\/p>\n<p><strong>Pioneiro<\/strong><\/p>\n<p><a href=\"https:\/\/memoriadaculturaesportebsb.com.br\/wp-content\/uploads\/2024\/11\/livro03.jpg\"><img loading=\"lazy\" decoding=\"async\" class=\"alignright size-medium wp-image-2889\" src=\"https:\/\/memoriadaculturaesportebsb.com.br\/wp-content\/uploads\/2024\/11\/livro03-229x300.jpg\" alt=\"\" width=\"229\" height=\"300\" srcset=\"https:\/\/memoriadaculturaesportebsb.com.br\/wp-content\/uploads\/2024\/11\/livro03-229x300.jpg 229w, https:\/\/memoriadaculturaesportebsb.com.br\/wp-content\/uploads\/2024\/11\/livro03.jpg 463w\" sizes=\"auto, (max-width: 229px) 100vw, 229px\" \/><\/a>Esses feitos no atletismo t\u00eam um ponto de partida, o professor Jo\u00e3o de Oliveira (1928-2010) que, mais tarde, ganharia o refor\u00e7o do estudioso professor M\u00e1rio Cantarino e, mais recentemente, de Jo\u00e3o Sena, pai de Caio Bonfim, que construiu em Sobradinho-DF uma leg\u00edtima escola nacional de campe\u00f5es na marcha atl\u00e9tica.<\/p>\n<p>O pioneiro Jo\u00e3o de Oliveira (foto), especialista nos 400m, era natural de Sergipe, mas foi criado no Rio de Janeiro, transferindo-se em 1965 para Bras\u00edlia onde, j\u00e1 formado em Educa\u00e7\u00e3o F\u00edsica, foi professor da Escola Dom Bosco e implantou as origens do atletismo candango.<\/p>\n<p>Pois, as informa\u00e7\u00f5es sobre Jo\u00e3o de Oliveira foram recuperadas pelos jornalistas e autores do livro de uma entrevista ao Correio Braziliense, em 2006. \u00a0Jo\u00e3o foi contempor\u00e2neo de competi\u00e7\u00f5es do grande campe\u00e3o ol\u00edmpico e mundial Adhemar Ferreira da Silva.<\/p>\n<p><strong>Medalha ol\u00edmpica<\/strong><\/p>\n<p><strong><em><a href=\"https:\/\/memoriadaculturaesportebsb.com.br\/wp-content\/uploads\/2024\/11\/livro003.jpg\"><img loading=\"lazy\" decoding=\"async\" class=\"alignleft size-full wp-image-2888\" src=\"https:\/\/memoriadaculturaesportebsb.com.br\/wp-content\/uploads\/2024\/11\/livro003.jpg\" alt=\"\" width=\"290\" height=\"193\" \/><\/a>Coube \u00e0 judoca brasiliense, de Ceil\u00e2ndia, ketleyn Quadros se tornar a primeira brasileira a conquistar uma medalha ol\u00edmpica numa competi\u00e7\u00e3o individual, bronze, nos Jogos de Pequim, em 2008, categoria meio-m\u00e9dio<\/em><\/strong><strong>.<\/strong><\/p>\n<p><strong>Futebol<\/strong><\/p>\n<p>Nos tempos do Rabelo e do Defel\u00ea, times de futebol vinculados a empresas construtoras de Brasilia, v\u00eam mais hist\u00f3rias maravilhosas contadas por Luiz Roberto e Paulo Rossi. At\u00e9 chegarem aos tempos atuais, quando o zagueiro filho de Planaltina, L\u00facio retorna a Bras\u00edlia com a medalha de campe\u00e3o mundial de futebol, o pentacampeonato, conquistado em 2002.<\/p>\n<p>Mereceu registro no livro <em>Ponto de Partida<\/em> a passagem por Bras\u00edlia do grande ponta-direita Man\u00e9 Garrincha, tristemente j\u00e1 na reta final de vida. Na foto, que ilustra a reportagem de Luiz Roberto e Paulo Rossi, Garrincha conversa com o ent\u00e3o governador Aim\u00e9 Lamaison.<\/p>\n<p><a href=\"https:\/\/memoriadaculturaesportebsb.com.br\/wp-content\/uploads\/2024\/11\/livro05.jpg\"><img loading=\"lazy\" decoding=\"async\" class=\"aligncenter size-full wp-image-2890\" src=\"https:\/\/memoriadaculturaesportebsb.com.br\/wp-content\/uploads\/2024\/11\/livro05.jpg\" alt=\"\" width=\"407\" height=\"325\" srcset=\"https:\/\/memoriadaculturaesportebsb.com.br\/wp-content\/uploads\/2024\/11\/livro05.jpg 407w, https:\/\/memoriadaculturaesportebsb.com.br\/wp-content\/uploads\/2024\/11\/livro05-300x240.jpg 300w\" sizes=\"auto, (max-width: 407px) 100vw, 407px\" \/><\/a><\/p>\n<p><strong>Patrim\u00f4nio<\/strong><\/p>\n<p>Enfim, fica aqui a sugest\u00f5es para os que apreciam hist\u00f3rias da nossa Bras\u00edlia: leiam esse livro, dispon\u00edvel na Biblioteca da Aruc.<\/p>\n<p>Aos promotores dessa iniciativa ficam os nossos parab\u00e9ns pela contribui\u00e7\u00e3o \u00e0 hist\u00f3ria de nossa Capital. E, aqui, destacamos parte de suas mensagens na publica\u00e7\u00e3o em refer\u00eancia:<\/p>\n<p><em>\u201cValorizamos a hist\u00f3ria, o patrim\u00f4nio e a arte. A cole\u00e7\u00e3o Arte em Bras\u00edlia \u2013 Cinco d\u00e9cadas de cultura, revela um rico patrim\u00f4nio da mem\u00f3ria cultural da capital brasileira vista sob os \u00e2ngulos da atualidade e de diversos autores convidados. Traz ainda o concreto em sua dimens\u00e3o de recupera\u00e7\u00e3o e prospec\u00e7\u00e3o, e a arte brasileira em um dos momentos mais marcantes da hist\u00f3ria\u201d<\/em><\/p>\n<p><em>\u201cO conjunto de livros tem autores identificados com as quest\u00f5es desta Brs\u00edlia, a cidade em ada campo hist\u00f3rico e cultural abordado. Partimos de um sentimento de v\u00ednculo afetivo, da constata\u00e7\u00e3o de que Bras\u00edlia pede de npos mesmos a sua revela\u00e7\u00e3o, sua mem\u00f3ria ampliada e descoberta, as linhas os lances, os movimentos que tornam a cidade pulsante, pr\u00f3pria em sua realidade, contradit\u00f3ria e complexa\u201d.<\/em><\/p>\n","protected":false},"excerpt":{"rendered":"<p>Por\u00a0Jos\u00e9 Cruz Em 2012, quando Bras\u00edlia completou 52 anos, a literatura foi contemplada com um valioso documento sobre o surgimento e o desenvolvimento do esporte na Capital da Rep\u00fablica. \u201cPonto de Partida \u2013 Esportes\u201d, foi o \u00faltimo livro da s\u00e9rie lan\u00e7ada pela empresa Vale sobre os primeiros tempos da Cidade, hoje com 64 anos. Num &hellip;<\/p>\n","protected":false},"author":2,"featured_media":2890,"comment_status":"closed","ping_status":"closed","sticky":false,"template":"","format":"standard","meta":{"footnotes":""},"categories":[13,3,4,14],"tags":[],"class_list":["post-2885","post","type-post","status-publish","format-standard","has-post-thumbnail","","category-colunistas","category-destaque","category-esporte","category-jose-cruz"],"_links":{"self":[{"href":"https:\/\/memoriadaculturaesportebsb.com.br\/index.php\/wp-json\/wp\/v2\/posts\/2885","targetHints":{"allow":["GET"]}}],"collection":[{"href":"https:\/\/memoriadaculturaesportebsb.com.br\/index.php\/wp-json\/wp\/v2\/posts"}],"about":[{"href":"https:\/\/memoriadaculturaesportebsb.com.br\/index.php\/wp-json\/wp\/v2\/types\/post"}],"author":[{"embeddable":true,"href":"https:\/\/memoriadaculturaesportebsb.com.br\/index.php\/wp-json\/wp\/v2\/users\/2"}],"replies":[{"embeddable":true,"href":"https:\/\/memoriadaculturaesportebsb.com.br\/index.php\/wp-json\/wp\/v2\/comments?post=2885"}],"version-history":[{"count":1,"href":"https:\/\/memoriadaculturaesportebsb.com.br\/index.php\/wp-json\/wp\/v2\/posts\/2885\/revisions"}],"predecessor-version":[{"id":2891,"href":"https:\/\/memoriadaculturaesportebsb.com.br\/index.php\/wp-json\/wp\/v2\/posts\/2885\/revisions\/2891"}],"wp:featuredmedia":[{"embeddable":true,"href":"https:\/\/memoriadaculturaesportebsb.com.br\/index.php\/wp-json\/wp\/v2\/media\/2890"}],"wp:attachment":[{"href":"https:\/\/memoriadaculturaesportebsb.com.br\/index.php\/wp-json\/wp\/v2\/media?parent=2885"}],"wp:term":[{"taxonomy":"category","embeddable":true,"href":"https:\/\/memoriadaculturaesportebsb.com.br\/index.php\/wp-json\/wp\/v2\/categories?post=2885"},{"taxonomy":"post_tag","embeddable":true,"href":"https:\/\/memoriadaculturaesportebsb.com.br\/index.php\/wp-json\/wp\/v2\/tags?post=2885"}],"curies":[{"name":"wp","href":"https:\/\/api.w.org\/{rel}","templated":true}]}}