{"id":2853,"date":"2024-11-04T10:40:12","date_gmt":"2024-11-04T13:40:12","guid":{"rendered":"https:\/\/memoriadaculturaesportebsb.com.br\/?p=2853"},"modified":"2024-11-04T10:40:50","modified_gmt":"2024-11-04T13:40:50","slug":"com-o-samba-na-alma-e-no-coracao","status":"publish","type":"post","link":"https:\/\/memoriadaculturaesportebsb.com.br\/index.php\/2024\/11\/04\/com-o-samba-na-alma-e-no-coracao\/","title":{"rendered":"Com o Samba na alma e no cora\u00e7\u00e3o"},"content":{"rendered":"<p style=\"font-weight: 400;\"><strong><em>Por H\u00e9lio Tremendani e Jos\u00e9 Cruz<\/em><\/strong><\/p>\n<p style=\"font-weight: 400;\"><strong>Kris Maciel, uma das potentes e valorizadas vozes do samba e da MPB, com marca registrada candanga, n\u00e3o tem d\u00favidas: <\/strong><\/p>\n<p style=\"font-weight: 400;\"><strong><em><a href=\"https:\/\/memoriadaculturaesportebsb.com.br\/wp-content\/uploads\/2024\/11\/kris1.jpg\"><img loading=\"lazy\" decoding=\"async\" class=\"alignleft size-medium wp-image-2854\" src=\"https:\/\/memoriadaculturaesportebsb.com.br\/wp-content\/uploads\/2024\/11\/kris1-225x300.jpg\" alt=\"\" width=\"225\" height=\"300\" srcset=\"https:\/\/memoriadaculturaesportebsb.com.br\/wp-content\/uploads\/2024\/11\/kris1-225x300.jpg 225w, https:\/\/memoriadaculturaesportebsb.com.br\/wp-content\/uploads\/2024\/11\/kris1.jpg 442w\" sizes=\"auto, (max-width: 225px) 100vw, 225px\" \/><\/a>Fui concebida ouvindo m\u00fasica. Depois, enquanto crescia, segui ouvindo samba, principalmente, com minha av\u00f3 e meus pais. Tenho discos de escola de sambas desde aqueles tempos at\u00e9 hoje\u201d, diz Cristiane Nascimento Maciel, a Kris, revelando a sua paix\u00e3o incondicional pelo hist\u00f3rico e inconfund\u00edvel ritmo brasileiro<\/em><\/strong>.<\/p>\n<p style=\"font-weight: 400;\"><strong>Origens<\/strong><\/p>\n<p style=\"font-weight: 400;\">Faz sentido. O seu pai, Arnaldo Pereira Maciel, e a m\u00e3e, Ana Cristina da Silva Nascimento, tiveram origens em hist\u00f3ricos bairros de cria\u00e7\u00e3o e difus\u00e3o do mais puro samba do Rio de Janeiro, o chamado samba raiz: ele em Padre Miguel; ela em Bonsucesso.<\/p>\n<p style=\"font-weight: 400;\">\u00a0Ainda sobre as origens de Kris, tios e av\u00f3s eram m\u00fasicos. Um deles, chegou a tocar com Sinh\u00f4 (1988 \u2013 1930), instrumentista e compositor brasileiro, popular na d\u00e9cada de 1920 e um dos respons\u00e1veis por consolidar o samba no cen\u00e1rio nacional. Tocavam em gafieira e em rodas de samba.<\/p>\n<p style=\"font-weight: 400;\"><strong>Corneta, pra come\u00e7ar<\/strong><\/p>\n<p style=\"font-weight: 400;\">O primeiro contato de Kris, o nome art\u00edstico de Cristiane, com um instrumento musical foi uma corneta. Isso ocorreu quando ela foi guarda-mirim no Guar\u00e1, cidade nos arredores de Bras\u00edlia, sua terra natal.<\/p>\n<blockquote>\n<p style=\"font-weight: 400;\"><strong><em>\u201cEu adorava uma corneta, primeiro instrumento de um Quartel. Depois, toquei tarol, bumbo e prato\u201d<\/em><\/strong><\/p>\n<\/blockquote>\n<p style=\"font-weight: 400;\"><strong>Viol\u00e3o de presente<\/strong><\/p>\n<p style=\"font-weight: 400;\">Na data de seu anivers\u00e1rio, Kris n\u00e3o quis a tradicional festa. Em troca, ela foi \u201cmodesta\u201d no pedido de presente ao papai: uma bola de basquete, um t\u00eanis importado, um teclado e um viol\u00e3o. Ganhou o viol\u00e3o, instrumento bem mais pr\u00f3ximo e de maior identidade com as m\u00fasicas que ouvia e cantava. Por\u00e9m, n\u00e3o frequentou aulas desse instrumento. Ela comprava revistinhas que ensinavam a dedilhar e foi se virando sozinha, \u201cmas sem chegar a ser uma instrumentista\u201d, reconhece. O seu neg\u00f3cio era cantar.<\/p>\n<blockquote>\n<p style=\"font-weight: 400;\"><strong><em>\u201cTodo tipo de sambista que voc\u00ea pensar eu escutava e escuto na minha casa, onde comecei a cantar e a dan\u00e7ar. Meus pais dan\u00e7avam e eu os acompanhava entusiasmada. Eles adoravam Santana, James Brown, Bebeto, Jorge Bem, Tim Maia, Beth\u00e2nia, Caetano, Chico&#8230; E eu tenho tudo desses e de todos os outros sambistas. Tudo\u201d!<\/em><\/strong><\/p>\n<\/blockquote>\n<p style=\"font-weight: 400;\">Matriculada em escola religiosa, ela cantava com o grupo de alunas, mas sem sequer sonhar em ser uma profissional do canto. \u00c0s sextas-feiras, em casa, o seu programa era o Globo de Ouro. Ficava ansiosa para ver os novos cantores e as m\u00fasicas de cada repert\u00f3rio.<\/p>\n<p style=\"font-weight: 400;\"><strong>Chance ao esporte<\/strong><\/p>\n<p style=\"font-weight: 400;\">Antes da M\u00fasica, Kris dedicou-se ao esporte, ao karat\u00ea, em especial. Quando tinha 10 anos, ela ganhou a primeira medalha, categoria 50kg. Foi um trof\u00e9u valorizado, pois Kris disputou com atletas cinco anos mais velhas, de 15 anos. Nessa \u00e9poca, ela disputava pela Academia Meiko, tendo o Professor Francisco como t\u00e9cnico.<\/p>\n<p style=\"font-weight: 400;\">A idade aumentava e Kris trocou o karat\u00ea pelo v\u00f4lei, quando estava no segundo grau, j\u00e1 no Col\u00e9gio Rogacionista. Esta mudan\u00e7a durou pouco, pois jogando basquete no Centr\u00e3o, do Guar\u00e1, ela se destacou e foi convidada pelo Professor Macedo para o time do Unidade Vizinhan\u00e7a. Depois, foi para o CIEF, quando foi convocada para a Sele\u00e7\u00e3o do DF, que disputou os Jogos Escolares Brasileiros (JEBs).<\/p>\n<p style=\"font-weight: 400;\">Quando completou 15 anos, Kris se mantinha no esporte, mas sem perder o contato com a m\u00fasica, que ocupava bom espa\u00e7o na sua rotina di\u00e1ria. Cantarolando, ela formava, sem saber, na cabe\u00e7a de boa mem\u00f3ria e em cadernos o repert\u00f3rio que exibe ainda hoje, sob aplausos.<\/p>\n<p style=\"font-weight: 400;\"><strong>Bye, bye, esporte<\/strong><\/p>\n<p style=\"font-weight: 400;\">Certo dia, um problema s\u00e9rio no joelho a afastou de vez da pr\u00e1tica esportiva. A m\u00fasica estava de prontid\u00e3o para ser assumida por essa sambista e ali come\u00e7ar a desfilar pelas noites musicais de Bras\u00edlia.<\/p>\n<p style=\"font-weight: 400;\">Foi quando a rela\u00e7\u00e3o com a m\u00fasica se intensificou e Kris se juntou a bandas de garagem. Estava com 18 para 19 anos e come\u00e7ou a se apresentar como cantora, inicialmente numa banda de meninas.<\/p>\n<p style=\"font-weight: 400;\"><a href=\"https:\/\/memoriadaculturaesportebsb.com.br\/wp-content\/uploads\/2024\/11\/kris2.jpg\"><img loading=\"lazy\" decoding=\"async\" class=\"alignleft size-medium wp-image-2855\" src=\"https:\/\/memoriadaculturaesportebsb.com.br\/wp-content\/uploads\/2024\/11\/kris2-231x300.jpg\" alt=\"\" width=\"231\" height=\"300\" srcset=\"https:\/\/memoriadaculturaesportebsb.com.br\/wp-content\/uploads\/2024\/11\/kris2-231x300.jpg 231w, https:\/\/memoriadaculturaesportebsb.com.br\/wp-content\/uploads\/2024\/11\/kris2.jpg 362w\" sizes=\"auto, (max-width: 231px) 100vw, 231px\" \/><\/a>\u201cNa \u00e9poca, eu namorava um m\u00fasico que me ensinou a tocar repique de m\u00e3o. Certo dia, fui a um samba na ARUC, onde tocava o grupo Ra\u00e7a Popular, samba e pagode dos bons. L\u00e1, fui chamada para tocar surdo, mas eu n\u00e3o sabia e fui para o que j\u00e1 havia aprendido, repique de m\u00e3o.\u00a0 Cheguei a cantar com um vocalista, Paulo Carvalho. Fiz um back com ele. Mas, parei com tudo isso e fui fazer o curso de Jornalismo\u201d.<\/p>\n<p style=\"font-weight: 400;\"><strong>Canto na noite<\/strong><\/p>\n<p style=\"font-weight: 400;\">Tempos depois, Pedro Molusco e Jorge Guterres, o primeiro cavaquinista famoso de Bras\u00edlia, me chamaram para um grupo que tocaria na Cabana, ao lado do Pier 21. Montaram um grupo e comecei a cantar na noite.<\/p>\n<p style=\"font-weight: 400;\">\u201cO projeto \u00e9 esse, voc\u00ea \u00e9 a cantora e n\u00f3s acompanhando\u201d sugeriram, segundo Kris. Naquela \u00e9poca, o falecido Carlos Elias, do Feiti\u00e7o Mineiro, tinha um projeto \u00e0s segundas-feiras, o Feiti\u00e7o, destinado a descobrir novos talentos. \u201cEu ia l\u00e1 e cantava. Saudades do Feiti\u00e7o\u201d, desabafou.<\/p>\n<p style=\"font-weight: 400;\">\u201cCerto dia uma amiga me apresentou ao Bar do Calaf, um dos mais antigos de Bras\u00edlia, funcionando desde 1994. L\u00e1, eu dei uma canja, me revezando com Ana Cristina e Renata Cristina. Depois, fui cantar com o Ra\u00e7a Popular, convite do George Guterres. Fiz umas apresenta\u00e7\u00f5es, mas quando chegava o fim do ano eu avisei que sairia de f\u00e9rias, iria para praia\u201d.<\/p>\n<p><a href=\"https:\/\/memoriadaculturaesportebsb.com.br\/wp-content\/uploads\/2024\/11\/kris3.jpg\"><img loading=\"lazy\" decoding=\"async\" class=\"aligncenter size-full wp-image-2856\" src=\"https:\/\/memoriadaculturaesportebsb.com.br\/wp-content\/uploads\/2024\/11\/kris3.jpg\" alt=\"\" width=\"626\" height=\"420\" srcset=\"https:\/\/memoriadaculturaesportebsb.com.br\/wp-content\/uploads\/2024\/11\/kris3.jpg 626w, https:\/\/memoriadaculturaesportebsb.com.br\/wp-content\/uploads\/2024\/11\/kris3-300x201.jpg 300w, https:\/\/memoriadaculturaesportebsb.com.br\/wp-content\/uploads\/2024\/11\/kris3-110x75.jpg 110w\" sizes=\"auto, (max-width: 626px) 100vw, 626px\" \/><\/a><\/p>\n<p style=\"font-weight: 400;\">George, um dos componentes do grupo bolou um plano: por que n\u00e3o ir todo o grupo para praia? L\u00e1 poderiam fazer apresenta\u00e7\u00f5es e ganhar uns trocados.\u00a0 O grupo se mandou para a capital S\u00e3o Luiz, onde um primo de George era jornalista e ajudou a divulgar o trabalho do grupo candango.<\/p>\n<blockquote>\n<p style=\"font-weight: 400;\"><strong><em>\u201cPedrinho, um amigo de George, trabalhava na TV Mirante e nos colocou no notici\u00e1rio cultural. Choveu de lugar pra gente tocar. Tocamos at\u00e9 no Centro Hist\u00f3rico e no Madre Deus, bairro ber\u00e7o da cultura maranhense, onde Alcione nasceu\u201d.<\/em><\/strong><\/p>\n<\/blockquote>\n<p style=\"font-weight: 400;\"><strong>Repert\u00f3rio<\/strong><\/p>\n<p style=\"font-weight: 400;\">\u201cSamba \u00e9 prioridade. Canto tudo o que eu ouvi na inf\u00e2ncia e na juventude. Canto m\u00fasicas que a nova gera\u00e7\u00e3o n\u00e3o conhece, mas acaba gostando. Tenho um arquivo musical enorme, com sertanejo, guar\u00e2nias, choro, reggae, mas trabalho mesmo \u00e9 com o samba. Samba da pesada, samba de Beth Carvalho. Sou apaixonada por ela. Samba de Alcione! Canto muito Alcione. Canto tanto que as pessoas, de tanto me ouvirem, chegam a dizer que eu pare\u00e7o ter o mesmo timbre de Alcione. O timbre de voz! \u00c9 o que dizem\u201d.<\/p>\n<p style=\"font-weight: 400;\">Nessa viagem a S\u00e3o Luiz, todas as sextas-feiras Kris apresentava cinco m\u00fasicas novas que passavam a integrar o repert\u00f3rio.<\/p>\n<p style=\"font-weight: 400;\"><strong>Primeiro CD <\/strong><\/p>\n<p style=\"font-weight: 400;\"><a href=\"https:\/\/memoriadaculturaesportebsb.com.br\/wp-content\/uploads\/2024\/11\/kris4.jpg\"><img loading=\"lazy\" decoding=\"async\" class=\"alignleft size-full wp-image-2857\" src=\"https:\/\/memoriadaculturaesportebsb.com.br\/wp-content\/uploads\/2024\/11\/kris4.jpg\" alt=\"\" width=\"268\" height=\"268\" srcset=\"https:\/\/memoriadaculturaesportebsb.com.br\/wp-content\/uploads\/2024\/11\/kris4.jpg 268w, https:\/\/memoriadaculturaesportebsb.com.br\/wp-content\/uploads\/2024\/11\/kris4-150x150.jpg 150w, https:\/\/memoriadaculturaesportebsb.com.br\/wp-content\/uploads\/2024\/11\/kris4-70x70.jpg 70w, https:\/\/memoriadaculturaesportebsb.com.br\/wp-content\/uploads\/2024\/11\/kris4-120x120.jpg 120w\" sizes=\"auto, (max-width: 268px) 100vw, 268px\" \/><\/a>Meu pai era muito bo\u00eamio \u2013 s\u00f3 caiu na real para a minha profissionaliza\u00e7\u00e3o na m\u00fasica quando fiz meu primeiro show no Clube do Choro, em 2010. Dois anos depois, lancei o meu primeiro CD, tamb\u00e9m no Clube do Choro. Era o dia 12 de outubro de 2012, n\u00e3o tinha onde colocar mais gente. Lota\u00e7\u00e3o completa, at\u00e9 porque era programa de inaugura\u00e7\u00e3o do Clube. Fui a primeira a me apresentar naquele palco\u201d.<\/p>\n<p style=\"font-weight: 400;\"><strong><em>Lembro que no dia de minha apresenta\u00e7\u00e3o havia uma forte concorr\u00eancia com o Sambras\u00edlia. \u00c9 um dos grupos mais antigos, tem quase 30 anos e j\u00e1 gravou dois CDs com sambas e pagodes. Eles tocavam ali em frente ao Clube do Choro, no Man\u00e9 Garrincha. Mas eu tinha o meu p\u00fablico\u201d&#8230;<\/em><\/strong><\/p>\n<p style=\"font-weight: 400;\">Foi quando a minha m\u00e3e viu que eu estava mesmo ligada na m\u00fasica, no samba, nos shows noturnos. Ela me indagou: \u201cE aquele curso de Jornalismo que eu paguei pra voc\u00ea\u201d? Tinha raz\u00e3o, ela pagou e eu n\u00e3o fui para a profiss\u00e3o. Sou apaixonada por jornalismo, mas a m\u00fasica&#8230; Minha irm\u00e3, Cl\u00e1udia Maciel seguiu a mesma carreira que eu. Ela sim trabalha na \u00e1rea.<\/p>\n<p style=\"font-weight: 400;\"><strong>Feiti\u00e7o Mineiro<\/strong><\/p>\n<p style=\"font-weight: 400;\"><a href=\"https:\/\/memoriadaculturaesportebsb.com.br\/wp-content\/uploads\/2024\/11\/kris5.jpg\"><img loading=\"lazy\" decoding=\"async\" class=\"alignright size-medium wp-image-2858\" src=\"https:\/\/memoriadaculturaesportebsb.com.br\/wp-content\/uploads\/2024\/11\/kris5-222x300.jpg\" alt=\"\" width=\"222\" height=\"300\" srcset=\"https:\/\/memoriadaculturaesportebsb.com.br\/wp-content\/uploads\/2024\/11\/kris5-222x300.jpg 222w, https:\/\/memoriadaculturaesportebsb.com.br\/wp-content\/uploads\/2024\/11\/kris5.jpg 534w\" sizes=\"auto, (max-width: 222px) 100vw, 222px\" \/><\/a>Daqueles bons tempos da noite brasiliense de muita m\u00fasica e muitos locais para se apresentar, lembro do Bar Brahma, do Armaz\u00e9m do Ferreira, do Bar Brasil&#8230; lembro de toda a rede cultural que o Jorge Ferreira criou. Mas o Feiti\u00e7o Mineiro (criado e 1989)&#8230; aquilo era o solo sagrado do samba, da MPB. Aquilo era um patrim\u00f4nio de Bras\u00edlia, n\u00e3o poderiam ter deixado acabar. Vi o primeiro show ali realizado, com a apresenta\u00e7\u00e3o de Dona Ivone Lara&#8230;\u201d<\/p>\n<p style=\"font-weight: 400;\"><strong>kris falou em Feiti\u00e7o Mineiro, e aqui \u00e9 preciso fazer uma pausa na entrevista para uma refer\u00eancia dos editores, uma lembran\u00e7a, uma homenagem<\/strong><em>:<\/em><\/p>\n<p style=\"font-weight: 400;\"><em>Jorge Ferreira, o cara que bolou o Feiti\u00e7o, era professor, poeta, soci\u00f3logo, m\u00fasico e amante do Clube da Esquina. Jorge tamb\u00e9m criou o Bar Brasil, o Bar Bras\u00edlia, o Armaz\u00e9m do Ferreira, Mercado Central, Bar Brahma&#8230; O Feiti\u00e7o, em especial, criado em 1989, fazia parte dessa rede voltada para a gastronomia, o incentivo e a difus\u00e3o cultural musical. Foram anos dourados, quem sabe sem iguais nas noites de boemia de Bras\u00edlia. Mas&#8230; tudo a seu tempo. <\/em><\/p>\n<p style=\"font-weight: 400;\">Com a morte de Jorge Ferreira, em 2013, a fam\u00edlia n\u00e3o levou adiante o empreendimento e, aos poucos, o patrim\u00f4nio art\u00edstico-musical foi fechando, foi desaparecendo&#8230; Onde era o \u201csolo sagrado do samba\u201d, o Feiti\u00e7o Mineiro, hoje funciona a farm\u00e1cia de uma poderosa rede local. Trocaram o samba por medicamentos. Essa estupidez remete ao \u201c<em>Samba da Minha Terra<\/em>\u201d, embalo criado por Dorival Caymmi:<\/p>\n<p style=\"font-weight: 400; text-align: center;\"><strong><em>\u201cQuem n\u00e3o gosta de samba <\/em><\/strong><\/p>\n<p style=\"font-weight: 400; text-align: center;\"><strong><em>Bom sujeito n\u00e3o \u00e9, <\/em><\/strong><\/p>\n<p style=\"font-weight: 400; text-align: center;\"><strong><em>\u00c9 ruim da cabe\u00e7a <\/em><\/strong><\/p>\n<p style=\"font-weight: 400; text-align: center;\"><strong><em>Ou doente do p\u00e9&#8230;\u201d<\/em><\/strong><\/p>\n<p style=\"font-weight: 400;\"><strong>Lamento<\/strong><\/p>\n<p style=\"font-weight: 400;\">Kris n\u00e3o se conforma com a perda do Feiti\u00e7o Mineiro, que ainda tentou sobreviver como \u201cFeiti\u00e7o das Artes\u201d. Em v\u00e3o.<\/p>\n<blockquote>\n<p style=\"font-weight: 400;\"><strong><em>\u201cPra mim, foi chocante fecharem o Feiti\u00e7o. Um dos \u00faltimos shows ali fui eu quem fez, naquelas feijoadas de s\u00e1bado, embaladas pelo samba raiz. Perdemos um patrim\u00f4nio da m\u00fasica e da cultura. N\u00e3o vamos ter outro espa\u00e7o como o Feiti\u00e7o Mineiro\u201d, <\/em><\/strong><strong>lamenta-se a sambista.<\/strong><\/p>\n<\/blockquote>\n<p style=\"font-weight: 400;\"><strong>Noites candangas<\/strong><\/p>\n<p style=\"font-weight: 400;\">\u201cJ\u00e1 cantei em tudo o que \u00e9 lugar. Cantei na Casa do Maranh\u00e3o, na Casa do Cear\u00e1, no Cantador, na Ceil\u00e2ndia, no Calaf, Clube do Choro, nos bares da noite de Bras\u00edlia. Canto tamb\u00e9m em festas beneficentes, em quermesses e doo o cach\u00ea para a institui\u00e7\u00e3o\u201d \u2013 gesto filantr\u00f3pico que ela se sente bem em praticar, como afirmou.<\/p>\n<p style=\"font-weight: 400;\">Segue o depoimento de Kris:<\/p>\n<p style=\"font-weight: 400;\"><a href=\"https:\/\/memoriadaculturaesportebsb.com.br\/wp-content\/uploads\/2024\/11\/kris6.jpg\"><img loading=\"lazy\" decoding=\"async\" class=\"alignleft size-medium wp-image-2859\" src=\"https:\/\/memoriadaculturaesportebsb.com.br\/wp-content\/uploads\/2024\/11\/kris6-300x200.jpg\" alt=\"\" width=\"300\" height=\"200\" srcset=\"https:\/\/memoriadaculturaesportebsb.com.br\/wp-content\/uploads\/2024\/11\/kris6-300x200.jpg 300w, https:\/\/memoriadaculturaesportebsb.com.br\/wp-content\/uploads\/2024\/11\/kris6-768x512.jpg 768w, https:\/\/memoriadaculturaesportebsb.com.br\/wp-content\/uploads\/2024\/11\/kris6.jpg 825w\" sizes=\"auto, (max-width: 300px) 100vw, 300px\" \/><\/a>\u201cEm cada lugar onde me apresento tem um perfil adequado ao que me foi pedido. A minha prefer\u00eancia \u00e9 o samba, mas se me pedem pagode, v\u00e3o ouvir pagode. Mas tem locais em que o repert\u00f3rio \u00e9 do meu tempo de crian\u00e7a, as m\u00fasicas que eu ouvia, que se perpetuaram e que ainda s\u00e3o sucesso: Alcione, Paulinho da Viola, Martinho da Vila. Minha av\u00f3 era apaixonada por Martinho. Cantei Clara Nunes.., \u201cMinha gente no morro\u201d, de Candeia, que ela gravou.<\/p>\n<p style=\"font-weight: 400; text-align: right;\"><strong><em>\u201cOntem estive no morro <\/em><\/strong><\/p>\n<p style=\"font-weight: 400; text-align: right;\"><strong><em>E voltei chorando, <\/em><\/strong><\/p>\n<p style=\"font-weight: 400; text-align: right;\"><strong><em>\u00a0\u00a0\u00a0\u00a0\u00a0\u00a0\u00a0\u00a0\u00a0\u00a0\u00a0\u00a0\u00a0\u00a0\u00a0\u00a0\u00a0\u00a0\u00a0\u00a0\u00a0\u00a0\u00a0\u00a0\u00a0\u00a0\u00a0 \u00a0\u00a0\u00a0\u00a0\u00a0\u00a0\u00a0\u00a0 Meu povo sofrendo<\/em><\/strong><\/p>\n<p style=\"font-weight: 400; text-align: right;\"><strong><em>\u00a0\u00a0\u00a0\u00a0\u00a0\u00a0\u00a0\u00a0 \u00a0\u00a0\u00a0\u00a0\u00a0\u00a0\u00a0\u00a0\u00a0\u00a0\u00a0\u00a0\u00a0\u00a0\u00a0\u00a0\u00a0\u00a0\u00a0\u00a0\u00a0\u00a0\u00a0\u00a0\u00a0\u00a0\u00a0 Crian\u00e7as penando <\/em><\/strong><\/p>\n<p style=\"font-weight: 400; text-align: right;\"><strong><em>Morro sem malandro que j\u00e1 tem senhor<\/em><\/strong><\/p>\n<p style=\"font-weight: 400; text-align: right;\"><strong><em>Vejam s\u00f3&#8230;<\/em><\/strong><\/p>\n<p style=\"font-weight: 400; text-align: right;\"><strong><em>\u00a0\u00a0\u00a0\u00a0\u00a0\u00a0\u00a0\u00a0 \u00a0\u00a0\u00a0\u00a0\u00a0\u00a0\u00a0\u00a0\u00a0\u00a0\u00a0\u00a0\u00a0\u00a0\u00a0\u00a0\u00a0\u00a0\u00a0\u00a0\u00a0\u00a0\u00a0\u00a0\u00a0\u00a0\u00a0 Disseram que compraram o morro<\/em><\/strong><\/p>\n<p style=\"font-weight: 400; text-align: right;\"><strong><em>E est\u00e3o derrubando os barrancos de zinco est\u00e3o se acabando <\/em><\/strong><\/p>\n<p style=\"font-weight: 400; text-align: right;\"><strong><em>Pra morar no morro tem que ser doutor&#8230;<\/em><\/strong><\/p>\n<p style=\"font-weight: 400; text-align: right;\">&#8230;&#8230;<\/p>\n<p style=\"font-weight: 400;\"><strong>No Lago, n\u00e3o!<\/strong><\/p>\n<p style=\"font-weight: 400;\">Nessas cantorias, Kris afirma que s\u00f3 n\u00e3o cantou dentro de barcos navegando no Lago Parano\u00e1. \u00c9 conselho de seu pai, bombeiro. \u201cEle sabe o que fala e eu, medrosa, obedeci\u201d.<\/p>\n<p style=\"font-weight: 400;\"><strong>Puxando o samba<\/strong><\/p>\n<p style=\"font-weight: 400;\">Kris diz que foi a primeira mulher a int\u00e9rprete numa Escola de samba. A primeira a puxar um samba. Foi no Varj\u00e3o e depois em Santa Maria e no Riacho Fundo II.<\/p>\n<p style=\"font-weight: 400;\">Mesmo com todo esse desempenho, ela acredita que ainda n\u00e3o \u00e9 reconhecida como grande cantora. \u201c\u00c9 uma m\u00e1goa que tenho\u201d, desabafa.<\/p>\n<p style=\"font-weight: 400;\"><strong>Samba enredo<\/strong><\/p>\n<p style=\"font-weight: 400;\">O samba enredo exige mais da int\u00e9rprete. Conforme o tom, canta o samba sem parar. Mas, no meu caso, mesmo tendo o primeiro e o segundo int\u00e9rpretes, eu j\u00e1 cantei o samba o tempo todo durante o desfile da Escola, sem parar\u201d, orgulha-se Kris.<\/p>\n<p><a href=\"https:\/\/memoriadaculturaesportebsb.com.br\/wp-content\/uploads\/2024\/11\/kris7.jpg\"><img loading=\"lazy\" decoding=\"async\" class=\"aligncenter size-full wp-image-2860\" src=\"https:\/\/memoriadaculturaesportebsb.com.br\/wp-content\/uploads\/2024\/11\/kris7.jpg\" alt=\"\" width=\"812\" height=\"543\" srcset=\"https:\/\/memoriadaculturaesportebsb.com.br\/wp-content\/uploads\/2024\/11\/kris7.jpg 812w, https:\/\/memoriadaculturaesportebsb.com.br\/wp-content\/uploads\/2024\/11\/kris7-300x201.jpg 300w, https:\/\/memoriadaculturaesportebsb.com.br\/wp-content\/uploads\/2024\/11\/kris7-768x514.jpg 768w, https:\/\/memoriadaculturaesportebsb.com.br\/wp-content\/uploads\/2024\/11\/kris7-110x75.jpg 110w\" sizes=\"auto, (max-width: 812px) 100vw, 812px\" \/><\/a><\/p>\n<p style=\"font-weight: 400;\">No embalo das escolas de samba, ela revela que torce para a Mocidade Independente de Padre Miguel, no Rio de Janeiro (na foto, a bateria da Mocidade de Pe. Miguel. No complemento, torce para o Flamengo. E faz uma revela\u00e7\u00e3o em tom de lembran\u00e7a:<\/p>\n<p style=\"font-weight: 400;\">\u201c<strong>Meu pai me deve uma ida ao Maracn\u00e3 para vermos um Fla-Flu\u201d<\/strong><\/p>\n<p style=\"font-weight: 400;\"><strong>A fam\u00edlia<\/strong><\/p>\n<p style=\"font-weight: 400;\">Av\u00f3, pai, m\u00e3e, irm\u00e3&#8230;. \u201cA fam\u00edlia \u00e9 o meu apoio \u00e9 a minha base. Minha av\u00f3, Dona L\u00e9a, me criou, me orientou, ela morou em Bras\u00edlia. Meu pai \u00e9 militar, \u00e9 Bombeiro, me orienta, muita precau\u00e7\u00e3o. Minha v\u00f3 sabia sobre o meu potencial e me orientou para largar \u201cessa vida de m\u00fasica, vida bo\u00eamia n\u00e3o \u00e9 pra voc\u00ea. Ela me viu na primeira bandinha de garagem e sentiu que eu estava me encaminhando para a profissionaliza\u00e7\u00e3o. Falou de novo:<\/p>\n<p style=\"font-weight: 400;\"><strong><em>\u201cIsso n\u00e3o d\u00e1 futuro, tem que estudar.<\/em><\/strong><\/p>\n<p style=\"font-weight: 400;\"><strong><em>Vida de bo\u00eamio n\u00e3o \u00e9 legal\u201d<\/em><\/strong><\/p>\n<p style=\"font-weight: 400;\">Mas&#8230; \u201cEu adoro a noite. Sou muito noturna. Tudo o que tenho pra fazer \u00e9 \u00e0 noite. Durmo de dia. Quando durmo!!! E na noite gosto, principalmente, da filosofia do samba.<\/p>\n<p style=\"font-weight: 400;\"><strong>Festival de Mariana<\/strong><\/p>\n<p style=\"font-weight: 400;\">\u201cEm 2021<strong>, <\/strong>cantei, on-line, no 5\u00ba Festival de Marina, cidade de Minas Gerais. Concorri com mil candidatas, ficaram 20 finalistas, depois 10 e tr\u00eas. Cantei <em>Flor do Meu Jardim<\/em>, autoral, que foi escolhida a melhor can\u00e7\u00e3o\u201d.<\/p>\n<p style=\"font-weight: 400;\"><strong>Curiosa<\/strong><\/p>\n<p style=\"font-weight: 400;\">\u201cT\u00f4 sempre ligada a \u00f3timas m\u00fasicas. Vinicius, por exemplo, escolho sempre. Escolho m\u00fasicas dif\u00edceis de serem tocadas, estudo muito e canto at\u00e9 lavando a lou\u00e7a, dirigindo, arrumando a casa&#8230; sempre cantanrolando. Procuro saber sobre a hist\u00f3ria das m\u00fasicas. Sou jornalista, \u00e9 o meu lado curioso na profiss\u00e3o de cantora. Isso ajudo na hora de fazer a pesquisa musical, de saber o que \u00e9 relevante para entrar no repert\u00f3rio. O jornalismo me ajuda muito nisso, me ajuda muito na me relacionar com as pessoas.<\/p>\n<p style=\"font-weight: 400;\"><strong>\u00a0<\/strong><strong>Samba Raiz<\/strong><\/p>\n<p style=\"font-weight: 400;\"><a href=\"https:\/\/memoriadaculturaesportebsb.com.br\/wp-content\/uploads\/2024\/11\/kris8.jpg\"><img loading=\"lazy\" decoding=\"async\" class=\"alignleft size-medium wp-image-2861\" src=\"https:\/\/memoriadaculturaesportebsb.com.br\/wp-content\/uploads\/2024\/11\/kris8-222x300.jpg\" alt=\"\" width=\"222\" height=\"300\" srcset=\"https:\/\/memoriadaculturaesportebsb.com.br\/wp-content\/uploads\/2024\/11\/kris8-222x300.jpg 222w, https:\/\/memoriadaculturaesportebsb.com.br\/wp-content\/uploads\/2024\/11\/kris8.jpg 550w\" sizes=\"auto, (max-width: 222px) 100vw, 222px\" \/><\/a>H\u00e9lio Tremendani (foto), pioneiro de Bras\u00edlia e um apaixonado sambista, parceiro no projeto da Mem\u00f3ria da Cultura e do Esporte, quis saber de Kris como ela v\u00ea o \u201cSamba Raiz\u201d hoje em dia. \u201cDiante de tantas novidades e concorr\u00eancias, o que sobrou do Samba Ra\u00edz\u201d?<\/p>\n<p style=\"font-weight: 400;\">\u201cTia Z\u00e9lia (prestigiado restaurante na Vila Planalto) em Bras\u00edlia, \u00e9 um reduto do Samba Ra\u00edz. O Samba Ra\u00edz tamb\u00e9m se canta l\u00e1 no final da Ceil\u00e2ndia, \u00e9 o samba da comunidade da Ceil\u00e2ndia\u201d, diz Kriz.<\/p>\n<p style=\"font-weight: 400;\">\u201cCom a chegada do pagode e do pagodinho, que caiu no gosto dos jovens, o Samba Ra\u00edz ganhou concorrente. No projeto Matriz, no Calaf, era obrigado a cantar pagode! \u00c9 ritmo que a galera mais jovem est\u00e1 consumindo&#8230;\u201d<\/p>\n<p style=\"font-weight: 400;\">Kris \u00e9 fiel ao aprendizado l\u00e1 na inf\u00e2ncia e mant\u00e9m autores e cantores\u00a0hist\u00f3ricos em seu repert\u00f3rio.<\/p>\n<p style=\"font-weight: 400;\">\u201cCanto Dona Ivone Lara, canto Nelson Cavaquinho, Noel Rosa, Arlindo Cruz, Maria Rita&#8230; canto o meu repert\u00f3rio, porque samba \u00e9 canto tradicional. Se algu\u00e9m me contrata vai ouvir Samba Ra\u00edz. \u00a0Samba raiz \u00e9 um Fundo de Quintal, o melhor grupo. \u00c9 uma Beth Carvalho, Paulinho da Viola, \u00e9 um Cartola. Samba Ra\u00edz \u00e9 um Bezerra da Silva, um Luiz Carlos da Vila&#8230;<\/p>\n<p style=\"font-weight: 400;\">Em bailes, Kris canta de tudo. \u201cAt\u00e9 Full G\u00e1s em ritmo de samba j\u00e1 cantei\u201d&#8230; \u2013 composi\u00e7\u00e3o de Ant\u00f4nio C\u00edcero e Marina Lima, que come\u00e7a assim:<\/p>\n<p style=\"font-weight: 400; text-align: center;\"><strong><em>Meu mundo voc\u00ea \u00e9 quem faz<br \/>\nM\u00fasica, letra e dan\u00e7a<br \/>\nTudo em voc\u00ea \u00e9 full g\u00e1s<br \/>\nTudo voc\u00ea \u00e9 quem lan\u00e7a<br \/>\nLan\u00e7a mais e mais e<br \/>\nS\u00f3 vou te contar um segredo<br \/>\nN\u00e3o nada<br \/>\nNada de mal nos alcan\u00e7a<br \/>\nPois tendo voc\u00ea meu brinquedo<br \/>\nNada machuca, nem cansa<\/em><\/strong><\/p>\n<p style=\"font-weight: 400; text-align: center;\"><strong><em>&#8230;..<\/em><\/strong><\/p>\n<p style=\"font-weight: 400; text-align: left;\"><a href=\"https:\/\/memoriadaculturaesportebsb.com.br\/wp-content\/uploads\/2024\/11\/kris9.jpg\"><img loading=\"lazy\" decoding=\"async\" class=\"alignright size-medium wp-image-2862\" src=\"https:\/\/memoriadaculturaesportebsb.com.br\/wp-content\/uploads\/2024\/11\/kris9-300x227.jpg\" alt=\"\" width=\"300\" height=\"227\" srcset=\"https:\/\/memoriadaculturaesportebsb.com.br\/wp-content\/uploads\/2024\/11\/kris9-300x227.jpg 300w, https:\/\/memoriadaculturaesportebsb.com.br\/wp-content\/uploads\/2024\/11\/kris9.jpg 577w\" sizes=\"auto, (max-width: 300px) 100vw, 300px\" \/><\/a>Kris j\u00e1 entendeu que o seu p\u00fablico n\u00e3o vai a eventos dos mais jovens. Os mais velhos curtem, mesmo, o repert\u00f3rio \u201cra\u00edz\u201d que ela apresenta, aquelas m\u00fasicas que ouvia em fam\u00edlia e ia \u201carquivando\u201d na mem\u00f3ria. Hoje, quando puxa esse arquivo num show, o sucesso est\u00e1 garantido, s\u00e3o m\u00fasicas de grandes compositores, qualidade inquetion\u00e1vel.<\/p>\n<p style=\"font-weight: 400;\"><strong><em>\u201c\u00c9 uma galera mais velha que n\u00e3o deixa morrer esse tipo de gosto pelo samba. O samba esta vivo no verdadeiro sambista, interpretado por quem \u00e9 herdeira. E eu sou dessas herdeiras\u201d.<\/em><\/strong><\/p>\n<p style=\"font-weight: 400;\">H\u00e9lio Tremendani indagou: \u201cO que voc\u00ea n\u00e3o deixa de cantar, o que n\u00e3o fica fora de seu repert\u00f3rio?<\/p>\n<p style=\"font-weight: 400;\">&#8211; \u00c9 dif\u00edcil escolher, mas vamos l\u00e1. N\u00e3o deixo fora \u201cRio Antigo\u201d, gravado por Alcione, \u201cSaber Viver\u201d, com Fundo de Quintal\u201d, \u201cAinda Mais\u201d, Paulinho da Viola, n\u00e3o deixo fora sambas de Beth Carvalho&#8230; \u201cTesoura Cega\u201d&#8230; \u201cOs Cinco Bailes da Hist\u00f3ria do Rio\u201d, que Dona Ivone Lara gravou, \u00e9 maravilhosa! Canto \u201cOs Cinco Bailes da Hist\u00f3ria do Rio\u201d&#8230; \u00e9 por a\u00ed&#8230;.<\/p>\n<p style=\"font-weight: 400;\"><strong><em>\u201cJ\u00e1 vi Kris cantando tudo isso, inclusive Pressentimento. \u00c9 de arrepiar\u201d \u2013 concluiu H\u00e9lio Tremendani<\/em><\/strong><\/p>\n<p style=\"font-weight: 400;\">A m\u00fasica \u201cPressentimento\u201d, de Elton Medeiros, \u00e9 uma express\u00e3o l\u00edrica sobre a espera e a esperan\u00e7a no amor.<\/p>\n<p style=\"font-weight: 400;\"><strong>Pais orgulhosos<\/strong><\/p>\n<p style=\"font-weight: 400;\">\u201cDepois que eu gravei o CD, em 2012, meu pai andava com um embaixo do bra\u00e7o, orgulhoso. Cada amigo, cada vizinho que encontrava ele dizia: \u201cOlha, essa \u00e9 a minha filha\u201d. Minha m\u00e3e tamb\u00e9m. Minha m\u00e3e tamb\u00e9m dizia, \u201cKris \u00e9 minha filha\u201d, Em 2016 gravei um DVD, mais um sucesso da fam\u00edlia\u201d.<\/p>\n<p style=\"font-weight: 400;\"><strong><em>Depoimento de <\/em><\/strong><strong><em>Jerson Alvin<\/em><\/strong><\/p>\n<p style=\"font-weight: 400;\"><strong><em><a href=\"https:\/\/memoriadaculturaesportebsb.com.br\/wp-content\/uploads\/2024\/11\/kris10.jpg\"><img loading=\"lazy\" decoding=\"async\" class=\"alignright size-medium wp-image-2863\" src=\"https:\/\/memoriadaculturaesportebsb.com.br\/wp-content\/uploads\/2024\/11\/kris10-219x300.jpg\" alt=\"\" width=\"219\" height=\"300\" srcset=\"https:\/\/memoriadaculturaesportebsb.com.br\/wp-content\/uploads\/2024\/11\/kris10-219x300.jpg 219w, https:\/\/memoriadaculturaesportebsb.com.br\/wp-content\/uploads\/2024\/11\/kris10.jpg 724w\" sizes=\"auto, (max-width: 219px) 100vw, 219px\" \/><\/a>\u201c\u00c9 uma das vozes mais bonitas que conhe\u00e7o. Tem talento e se souber delinear uma carreira no samba com bom repert\u00f3rio e usando os talentos vocais que tem, sem desperd\u00edcio, vai se tornar voz conhecida e de sucesso mundo afora\u201d. <\/em><\/strong><\/p>\n<p style=\"font-weight: 400;\"><strong><em>Jerson dirigiu o Canec\u00e3o, no <\/em><\/strong><\/p>\n<p style=\"font-weight: 400;\"><strong><em>Rio de Janeiro, por 27 anos. <\/em><\/strong><\/p>\n<p style=\"font-weight: 400;\"><strong><em>Depois veio para o Academia <\/em><\/strong><\/p>\n<p style=\"font-weight: 400;\"><strong><em>Music Hall, em Bras\u00edlia e, finalmente, <\/em><\/strong><\/p>\n<p style=\"font-weight: 400;\"><strong><em>Dirigiu o Feiti\u00e7o Mineiro que, mais <\/em><\/strong><\/p>\n<p style=\"font-weight: 400;\"><strong><em>tarde, at\u00e9 fechar, passou a se <\/em><\/strong><\/p>\n<p style=\"font-weight: 400;\"><strong><em>chamar Feiti\u00e7o das Artes.<\/em><\/strong><\/p>\n","protected":false},"excerpt":{"rendered":"<p>Por H\u00e9lio Tremendani e Jos\u00e9 Cruz Kris Maciel, uma das potentes e valorizadas vozes do samba e da MPB, com marca registrada candanga, n\u00e3o tem d\u00favidas: Fui concebida ouvindo m\u00fasica. Depois, enquanto crescia, segui ouvindo samba, principalmente, com minha av\u00f3 e meus pais. Tenho discos de escola de sambas desde aqueles tempos at\u00e9 hoje\u201d, diz &hellip;<\/p>\n","protected":false},"author":2,"featured_media":0,"comment_status":"closed","ping_status":"closed","sticky":false,"template":"","format":"standard","meta":{"footnotes":""},"categories":[13,2,3,6,16,14,1],"tags":[],"class_list":["post-2853","post","type-post","status-publish","format-standard","","category-colunistas","category-cultura","category-destaque","category-entrevistas","category-helio-tremendani","category-jose-cruz","category-sem-categoria"],"_links":{"self":[{"href":"https:\/\/memoriadaculturaesportebsb.com.br\/index.php\/wp-json\/wp\/v2\/posts\/2853","targetHints":{"allow":["GET"]}}],"collection":[{"href":"https:\/\/memoriadaculturaesportebsb.com.br\/index.php\/wp-json\/wp\/v2\/posts"}],"about":[{"href":"https:\/\/memoriadaculturaesportebsb.com.br\/index.php\/wp-json\/wp\/v2\/types\/post"}],"author":[{"embeddable":true,"href":"https:\/\/memoriadaculturaesportebsb.com.br\/index.php\/wp-json\/wp\/v2\/users\/2"}],"replies":[{"embeddable":true,"href":"https:\/\/memoriadaculturaesportebsb.com.br\/index.php\/wp-json\/wp\/v2\/comments?post=2853"}],"version-history":[{"count":4,"href":"https:\/\/memoriadaculturaesportebsb.com.br\/index.php\/wp-json\/wp\/v2\/posts\/2853\/revisions"}],"predecessor-version":[{"id":2867,"href":"https:\/\/memoriadaculturaesportebsb.com.br\/index.php\/wp-json\/wp\/v2\/posts\/2853\/revisions\/2867"}],"wp:attachment":[{"href":"https:\/\/memoriadaculturaesportebsb.com.br\/index.php\/wp-json\/wp\/v2\/media?parent=2853"}],"wp:term":[{"taxonomy":"category","embeddable":true,"href":"https:\/\/memoriadaculturaesportebsb.com.br\/index.php\/wp-json\/wp\/v2\/categories?post=2853"},{"taxonomy":"post_tag","embeddable":true,"href":"https:\/\/memoriadaculturaesportebsb.com.br\/index.php\/wp-json\/wp\/v2\/tags?post=2853"}],"curies":[{"name":"wp","href":"https:\/\/api.w.org\/{rel}","templated":true}]}}