{"id":2830,"date":"2024-10-28T09:03:29","date_gmt":"2024-10-28T12:03:29","guid":{"rendered":"https:\/\/memoriadaculturaesportebsb.com.br\/?p=2830"},"modified":"2024-10-28T09:23:57","modified_gmt":"2024-10-28T12:23:57","slug":"exposicao-fotografica-conta-63-anos-de-historia-da-aruc","status":"publish","type":"post","link":"https:\/\/memoriadaculturaesportebsb.com.br\/index.php\/2024\/10\/28\/exposicao-fotografica-conta-63-anos-de-historia-da-aruc\/","title":{"rendered":"Exposi\u00e7\u00e3o fotogr\u00e1fica conta 63 anos de hist\u00f3ria da Aruc"},"content":{"rendered":"<p>O Instituto ARUC Cultural lan\u00e7ou no dia 16 de outubro a exposi\u00e7\u00e3o \u201cAruc, Patrim\u00f4nio Cultural do Distrito Federal\u201d, na Galeria do Espelho D\u2019\u00e1gua da C\u00e2mara Legislativa do Distrito Federal. A exposi\u00e7\u00e3o permanecer\u00e1 na CLDF at\u00e9 o dia 31 de outubro. A cerim\u00f4nia tamb\u00e9m abriu a programa\u00e7\u00e3o do anivers\u00e1rio de 63 anos da ARUC.<\/p>\n<p>A exposi\u00e7\u00e3o \u00e9 composta por 36 pain\u00e9is com fotos, textos e QR Codes para visualizar v\u00eddeos com depoimentos, bem como a audiodescri\u00e7\u00e3o para pessoas com defici\u00eancia visual e trata sobre o hist\u00f3rico da Associa\u00e7\u00e3o Recreativa Cultural Unidos do Cruzeiro (ARUC), registrada como Patrim\u00f4nio Cultural Imaterial do Distrito Federal.<\/p>\n<figure id=\"attachment_2833\" aria-describedby=\"caption-attachment-2833\" style=\"width: 618px\" class=\"wp-caption aligncenter\"><a href=\"https:\/\/memoriadaculturaesportebsb.com.br\/wp-content\/uploads\/2024\/10\/IMG_0100-scaled.jpeg\"><img loading=\"lazy\" decoding=\"async\" class=\"wp-image-2833 size-large\" src=\"https:\/\/memoriadaculturaesportebsb.com.br\/wp-content\/uploads\/2024\/10\/IMG_0100-1024x768.jpeg\" alt=\"\" width=\"618\" height=\"464\" srcset=\"https:\/\/memoriadaculturaesportebsb.com.br\/wp-content\/uploads\/2024\/10\/IMG_0100-1024x768.jpeg 1024w, https:\/\/memoriadaculturaesportebsb.com.br\/wp-content\/uploads\/2024\/10\/IMG_0100-300x225.jpeg 300w, https:\/\/memoriadaculturaesportebsb.com.br\/wp-content\/uploads\/2024\/10\/IMG_0100-768x576.jpeg 768w, https:\/\/memoriadaculturaesportebsb.com.br\/wp-content\/uploads\/2024\/10\/IMG_0100-1536x1152.jpeg 1536w, https:\/\/memoriadaculturaesportebsb.com.br\/wp-content\/uploads\/2024\/10\/IMG_0100-2048x1536.jpeg 2048w\" sizes=\"auto, (max-width: 618px) 100vw, 618px\" \/><\/a><figcaption id=\"caption-attachment-2833\" class=\"wp-caption-text\">Fotos: Heloisa Cristaldo<\/figcaption><\/figure>\n<p>Durante a solenidade de abertura da exposi\u00e7\u00e3o, o representante do Minist\u00e9rio da Cultura, Yuri Soares Franco, destacou a import\u00e2ncia de a\u00e7\u00f5es voltadas para o setor no Distrito Federal.<\/p>\n<p>\u201c\u00c0s vezes, as pessoas se esquecem que o Distrito Federal n\u00e3o \u00e9 s\u00f3 a sede do Governo Federal. Tamb\u00e9m \u00e9 uma das unidades federativas e tem o mesmo direito das outras a ter acesso \u00e0 todas as pol\u00edticas p\u00fablicas culturais do Minist\u00e9rio da Cultura. A ARUC tem sido sempre parceira nisso e a gente espera que essa parceria continue\u201d, afirmou.<\/p>\n<p><a href=\"https:\/\/memoriadaculturaesportebsb.com.br\/wp-content\/uploads\/2024\/10\/IMG_0089-scaled.jpeg\"><img loading=\"lazy\" decoding=\"async\" class=\"alignleft wp-image-2834 size-medium\" src=\"https:\/\/memoriadaculturaesportebsb.com.br\/wp-content\/uploads\/2024\/10\/IMG_0089-225x300.jpeg\" alt=\"\" width=\"225\" height=\"300\" srcset=\"https:\/\/memoriadaculturaesportebsb.com.br\/wp-content\/uploads\/2024\/10\/IMG_0089-225x300.jpeg 225w, https:\/\/memoriadaculturaesportebsb.com.br\/wp-content\/uploads\/2024\/10\/IMG_0089-768x1024.jpeg 768w, https:\/\/memoriadaculturaesportebsb.com.br\/wp-content\/uploads\/2024\/10\/IMG_0089-1152x1536.jpeg 1152w, https:\/\/memoriadaculturaesportebsb.com.br\/wp-content\/uploads\/2024\/10\/IMG_0089-1536x2048.jpeg 1536w, https:\/\/memoriadaculturaesportebsb.com.br\/wp-content\/uploads\/2024\/10\/IMG_0089-scaled.jpeg 1920w\" sizes=\"auto, (max-width: 225px) 100vw, 225px\" \/><\/a>J\u00e1 o deputado distrital Gabriel Magno ressaltou que um dos maiores t\u00edtulos da entidade \u00e9 o de cess\u00e3o do terreno. &#8220;\u00c9 uma justi\u00e7a para cidade. No momento que estamos vivendo no Distrito Federal, esse debate \u00e9 importante, sobre o direito \u00e0 cidade. Isso \u00e9 fundamental a gente destacar, porque quando a gente fala da cultura, do espa\u00e7o de resist\u00eancia, de mobiliza\u00e7\u00e3o, estamos falando para qu\u00ea serve a cidade e para quem ela serve&#8221;, argumentou.<\/p>\n<p>O presidente do Instituto ARUC Cultural e coordenador geral da exposi\u00e7\u00e3o, Helio Tremendani, destacou que h\u00e1 50 anos participa de todas as atividades realizadas pela ARUC.<\/p>\n<p>\u201cA ARUC \u00e9 uma entidade que sofreu persegui\u00e7\u00f5es por muitos anos, porque \u00e9 uma entidade \u00e0 frente do seu tempo. Ela foi quem abriu espa\u00e7o para o movimento negro unificado de Bras\u00edlia, para capoeira, para o Miss Gay \u2013 que foi um evento iniciado em 1979 e fez o maior sucesso. \u00c9 uma entidade que abre a participa\u00e7\u00e3o de todos e todas, independente de escolhas ou orienta\u00e7\u00f5es\u201d, refor\u00e7ou.<\/p>\n<p><strong>Exposi\u00e7\u00e3o<\/strong><\/p>\n<p><a href=\"https:\/\/memoriadaculturaesportebsb.com.br\/wp-content\/uploads\/2024\/10\/IMG_0073-scaled.jpeg\"><img loading=\"lazy\" decoding=\"async\" class=\"alignright size-medium wp-image-2836\" src=\"https:\/\/memoriadaculturaesportebsb.com.br\/wp-content\/uploads\/2024\/10\/IMG_0073-225x300.jpeg\" alt=\"\" width=\"225\" height=\"300\" srcset=\"https:\/\/memoriadaculturaesportebsb.com.br\/wp-content\/uploads\/2024\/10\/IMG_0073-225x300.jpeg 225w, https:\/\/memoriadaculturaesportebsb.com.br\/wp-content\/uploads\/2024\/10\/IMG_0073-768x1024.jpeg 768w, https:\/\/memoriadaculturaesportebsb.com.br\/wp-content\/uploads\/2024\/10\/IMG_0073-1152x1536.jpeg 1152w, https:\/\/memoriadaculturaesportebsb.com.br\/wp-content\/uploads\/2024\/10\/IMG_0073-1536x2048.jpeg 1536w, https:\/\/memoriadaculturaesportebsb.com.br\/wp-content\/uploads\/2024\/10\/IMG_0073-scaled.jpeg 1920w\" sizes=\"auto, (max-width: 225px) 100vw, 225px\" \/><\/a>Segundo o historiador Rafael Souza, um dos curadores respons\u00e1veis pela exposi\u00e7\u00e3o, a iniciativa mostra os 63 anos de trajet\u00f3ria bem-sucedida de uma das agremia\u00e7\u00f5es mais importantes da capital federal.<\/p>\n<p>&#8220;\u00c9 uma grande honra estarmos abrindo essa exposi\u00e7\u00e3o na C\u00e2mara Legislativa, pois afinal de contas \u00e9 a Casa do Povo do Distrito Federal para apresentar uma hist\u00f3ria t\u00e3o rica, t\u00e3o cheia de exemplos e vit\u00f3rias, algumas poucas derrotas que tamb\u00e9m servem para construir o car\u00e1ter. Mas, acima de tudo, uma rela\u00e7\u00e3o de muito amor de uma comunidade com a sua agremia\u00e7\u00e3o &#8211; que \u00e9 escola de samba, time de futebol, de handebol, de futsal. \u00c9 o espa\u00e7o da cultura, da resist\u00eancia, especialmente do cruzeirense, mas de Bras\u00edlia como um todo&#8221;<\/p>\n<p>Depois da C\u00e2mara Legislativa, a exposi\u00e7\u00e3o vai circular por seis cidades do DF, come\u00e7ando pelo Gama, onde ficar\u00e1 na Biblioteca P\u00fablica entre os dias 4 a 30 de novembro e depois em Samambaia, onde ficar\u00e1 no Complexo Cultural entre os dias 2 a 30 de dezembro.<\/p>\n<p>Para 2025, a exposi\u00e7\u00e3o retorna entre os dias 7 de fevereiro a 16 de mar\u00e7o no Espa\u00e7o Cultural Renato Russo (508 Sul) e de l\u00e1 seguir\u00e1 para Planaltina e S\u00e3o Sebasti\u00e3o, em datas a serem confirmadas. A circula\u00e7\u00e3o encerrar\u00e1 na pr\u00f3pria sede da ARUC, onde a Exposi\u00e7\u00e3o permanecer\u00e1 definitivamente, integrada ao Museu Hist\u00f3rico da agremia\u00e7\u00e3o.<\/p>\n<p>A iniciativa aprovada pela Lei Paulo Gustavo, com o processo n\u00ba 00150-00006831\/2023-67.<\/p>\n<p>&nbsp;<\/p>\n<div id='gallery-1' class='gallery galleryid-2830 gallery-columns-3 gallery-size-thumbnail'><figure class='gallery-item'>\n\t\t\t<div class='gallery-icon portrait'>\n\t\t\t\t<a href='https:\/\/memoriadaculturaesportebsb.com.br\/index.php\/2024\/10\/28\/exposicao-fotografica-conta-63-anos-de-historia-da-aruc\/img_0162\/'><img loading=\"lazy\" decoding=\"async\" width=\"150\" height=\"150\" src=\"https:\/\/memoriadaculturaesportebsb.com.br\/wp-content\/uploads\/2024\/10\/IMG_0162-150x150.jpeg\" class=\"attachment-thumbnail size-thumbnail\" alt=\"\" srcset=\"https:\/\/memoriadaculturaesportebsb.com.br\/wp-content\/uploads\/2024\/10\/IMG_0162-150x150.jpeg 150w, https:\/\/memoriadaculturaesportebsb.com.br\/wp-content\/uploads\/2024\/10\/IMG_0162-70x70.jpeg 70w, https:\/\/memoriadaculturaesportebsb.com.br\/wp-content\/uploads\/2024\/10\/IMG_0162-120x120.jpeg 120w\" sizes=\"auto, (max-width: 150px) 100vw, 150px\" \/><\/a>\n\t\t\t<\/div><\/figure><figure class='gallery-item'>\n\t\t\t<div class='gallery-icon landscape'>\n\t\t\t\t<a href='https:\/\/memoriadaculturaesportebsb.com.br\/index.php\/2024\/10\/28\/exposicao-fotografica-conta-63-anos-de-historia-da-aruc\/img_0113\/'><img loading=\"lazy\" decoding=\"async\" width=\"150\" height=\"150\" src=\"https:\/\/memoriadaculturaesportebsb.com.br\/wp-content\/uploads\/2024\/10\/IMG_0113-150x150.jpeg\" class=\"attachment-thumbnail size-thumbnail\" alt=\"\" srcset=\"https:\/\/memoriadaculturaesportebsb.com.br\/wp-content\/uploads\/2024\/10\/IMG_0113-150x150.jpeg 150w, https:\/\/memoriadaculturaesportebsb.com.br\/wp-content\/uploads\/2024\/10\/IMG_0113-70x70.jpeg 70w, https:\/\/memoriadaculturaesportebsb.com.br\/wp-content\/uploads\/2024\/10\/IMG_0113-120x120.jpeg 120w\" sizes=\"auto, (max-width: 150px) 100vw, 150px\" \/><\/a>\n\t\t\t<\/div><\/figure><figure class='gallery-item'>\n\t\t\t<div class='gallery-icon portrait'>\n\t\t\t\t<a href='https:\/\/memoriadaculturaesportebsb.com.br\/index.php\/2024\/10\/28\/exposicao-fotografica-conta-63-anos-de-historia-da-aruc\/img_0120\/'><img loading=\"lazy\" decoding=\"async\" width=\"150\" height=\"150\" src=\"https:\/\/memoriadaculturaesportebsb.com.br\/wp-content\/uploads\/2024\/10\/IMG_0120-150x150.jpeg\" class=\"attachment-thumbnail size-thumbnail\" alt=\"\" srcset=\"https:\/\/memoriadaculturaesportebsb.com.br\/wp-content\/uploads\/2024\/10\/IMG_0120-150x150.jpeg 150w, https:\/\/memoriadaculturaesportebsb.com.br\/wp-content\/uploads\/2024\/10\/IMG_0120-70x70.jpeg 70w, https:\/\/memoriadaculturaesportebsb.com.br\/wp-content\/uploads\/2024\/10\/IMG_0120-120x120.jpeg 120w\" sizes=\"auto, (max-width: 150px) 100vw, 150px\" \/><\/a>\n\t\t\t<\/div><\/figure><figure class='gallery-item'>\n\t\t\t<div class='gallery-icon portrait'>\n\t\t\t\t<a href='https:\/\/memoriadaculturaesportebsb.com.br\/index.php\/2024\/10\/28\/exposicao-fotografica-conta-63-anos-de-historia-da-aruc\/img_0125\/'><img loading=\"lazy\" decoding=\"async\" width=\"150\" height=\"150\" src=\"https:\/\/memoriadaculturaesportebsb.com.br\/wp-content\/uploads\/2024\/10\/IMG_0125-150x150.jpeg\" class=\"attachment-thumbnail size-thumbnail\" alt=\"\" srcset=\"https:\/\/memoriadaculturaesportebsb.com.br\/wp-content\/uploads\/2024\/10\/IMG_0125-150x150.jpeg 150w, https:\/\/memoriadaculturaesportebsb.com.br\/wp-content\/uploads\/2024\/10\/IMG_0125-70x70.jpeg 70w, https:\/\/memoriadaculturaesportebsb.com.br\/wp-content\/uploads\/2024\/10\/IMG_0125-120x120.jpeg 120w\" sizes=\"auto, (max-width: 150px) 100vw, 150px\" \/><\/a>\n\t\t\t<\/div><\/figure><figure class='gallery-item'>\n\t\t\t<div class='gallery-icon landscape'>\n\t\t\t\t<a href='https:\/\/memoriadaculturaesportebsb.com.br\/index.php\/2024\/10\/28\/exposicao-fotografica-conta-63-anos-de-historia-da-aruc\/img_0147\/'><img loading=\"lazy\" decoding=\"async\" width=\"150\" height=\"150\" src=\"https:\/\/memoriadaculturaesportebsb.com.br\/wp-content\/uploads\/2024\/10\/IMG_0147-150x150.jpeg\" class=\"attachment-thumbnail size-thumbnail\" alt=\"\" srcset=\"https:\/\/memoriadaculturaesportebsb.com.br\/wp-content\/uploads\/2024\/10\/IMG_0147-150x150.jpeg 150w, https:\/\/memoriadaculturaesportebsb.com.br\/wp-content\/uploads\/2024\/10\/IMG_0147-70x70.jpeg 70w, https:\/\/memoriadaculturaesportebsb.com.br\/wp-content\/uploads\/2024\/10\/IMG_0147-120x120.jpeg 120w\" sizes=\"auto, (max-width: 150px) 100vw, 150px\" \/><\/a>\n\t\t\t<\/div><\/figure><figure class='gallery-item'>\n\t\t\t<div class='gallery-icon landscape'>\n\t\t\t\t<a href='https:\/\/memoriadaculturaesportebsb.com.br\/index.php\/2024\/10\/28\/exposicao-fotografica-conta-63-anos-de-historia-da-aruc\/img_0155\/'><img loading=\"lazy\" decoding=\"async\" width=\"150\" height=\"150\" src=\"https:\/\/memoriadaculturaesportebsb.com.br\/wp-content\/uploads\/2024\/10\/IMG_0155-150x150.jpeg\" class=\"attachment-thumbnail size-thumbnail\" alt=\"\" srcset=\"https:\/\/memoriadaculturaesportebsb.com.br\/wp-content\/uploads\/2024\/10\/IMG_0155-150x150.jpeg 150w, https:\/\/memoriadaculturaesportebsb.com.br\/wp-content\/uploads\/2024\/10\/IMG_0155-70x70.jpeg 70w, https:\/\/memoriadaculturaesportebsb.com.br\/wp-content\/uploads\/2024\/10\/IMG_0155-120x120.jpeg 120w\" sizes=\"auto, (max-width: 150px) 100vw, 150px\" \/><\/a>\n\t\t\t<\/div><\/figure><figure class='gallery-item'>\n\t\t\t<div class='gallery-icon portrait'>\n\t\t\t\t<a href='https:\/\/memoriadaculturaesportebsb.com.br\/index.php\/2024\/10\/28\/exposicao-fotografica-conta-63-anos-de-historia-da-aruc\/img_0161\/'><img loading=\"lazy\" decoding=\"async\" width=\"150\" height=\"150\" src=\"https:\/\/memoriadaculturaesportebsb.com.br\/wp-content\/uploads\/2024\/10\/IMG_0161-150x150.jpeg\" class=\"attachment-thumbnail size-thumbnail\" alt=\"\" srcset=\"https:\/\/memoriadaculturaesportebsb.com.br\/wp-content\/uploads\/2024\/10\/IMG_0161-150x150.jpeg 150w, https:\/\/memoriadaculturaesportebsb.com.br\/wp-content\/uploads\/2024\/10\/IMG_0161-70x70.jpeg 70w, https:\/\/memoriadaculturaesportebsb.com.br\/wp-content\/uploads\/2024\/10\/IMG_0161-120x120.jpeg 120w\" sizes=\"auto, (max-width: 150px) 100vw, 150px\" \/><\/a>\n\t\t\t<\/div><\/figure><figure class='gallery-item'>\n\t\t\t<div class='gallery-icon portrait'>\n\t\t\t\t<a href='https:\/\/memoriadaculturaesportebsb.com.br\/index.php\/2024\/10\/28\/exposicao-fotografica-conta-63-anos-de-historia-da-aruc\/img_0168\/'><img loading=\"lazy\" decoding=\"async\" width=\"150\" height=\"150\" src=\"https:\/\/memoriadaculturaesportebsb.com.br\/wp-content\/uploads\/2024\/10\/IMG_0168-150x150.jpeg\" class=\"attachment-thumbnail size-thumbnail\" alt=\"\" srcset=\"https:\/\/memoriadaculturaesportebsb.com.br\/wp-content\/uploads\/2024\/10\/IMG_0168-150x150.jpeg 150w, https:\/\/memoriadaculturaesportebsb.com.br\/wp-content\/uploads\/2024\/10\/IMG_0168-70x70.jpeg 70w, https:\/\/memoriadaculturaesportebsb.com.br\/wp-content\/uploads\/2024\/10\/IMG_0168-120x120.jpeg 120w\" sizes=\"auto, (max-width: 150px) 100vw, 150px\" \/><\/a>\n\t\t\t<\/div><\/figure><figure class='gallery-item'>\n\t\t\t<div class='gallery-icon portrait'>\n\t\t\t\t<a href='https:\/\/memoriadaculturaesportebsb.com.br\/index.php\/2024\/10\/28\/exposicao-fotografica-conta-63-anos-de-historia-da-aruc\/img_0175\/'><img loading=\"lazy\" decoding=\"async\" width=\"150\" height=\"150\" src=\"https:\/\/memoriadaculturaesportebsb.com.br\/wp-content\/uploads\/2024\/10\/IMG_0175-150x150.jpeg\" class=\"attachment-thumbnail size-thumbnail\" alt=\"\" srcset=\"https:\/\/memoriadaculturaesportebsb.com.br\/wp-content\/uploads\/2024\/10\/IMG_0175-150x150.jpeg 150w, https:\/\/memoriadaculturaesportebsb.com.br\/wp-content\/uploads\/2024\/10\/IMG_0175-70x70.jpeg 70w, https:\/\/memoriadaculturaesportebsb.com.br\/wp-content\/uploads\/2024\/10\/IMG_0175-120x120.jpeg 120w\" sizes=\"auto, (max-width: 150px) 100vw, 150px\" \/><\/a>\n\t\t\t<\/div><\/figure><figure class='gallery-item'>\n\t\t\t<div class='gallery-icon portrait'>\n\t\t\t\t<a href='https:\/\/memoriadaculturaesportebsb.com.br\/index.php\/2024\/10\/28\/exposicao-fotografica-conta-63-anos-de-historia-da-aruc\/img_0179\/'><img loading=\"lazy\" decoding=\"async\" width=\"150\" height=\"150\" src=\"https:\/\/memoriadaculturaesportebsb.com.br\/wp-content\/uploads\/2024\/10\/IMG_0179-150x150.jpeg\" class=\"attachment-thumbnail size-thumbnail\" alt=\"\" srcset=\"https:\/\/memoriadaculturaesportebsb.com.br\/wp-content\/uploads\/2024\/10\/IMG_0179-150x150.jpeg 150w, https:\/\/memoriadaculturaesportebsb.com.br\/wp-content\/uploads\/2024\/10\/IMG_0179-70x70.jpeg 70w, https:\/\/memoriadaculturaesportebsb.com.br\/wp-content\/uploads\/2024\/10\/IMG_0179-120x120.jpeg 120w\" sizes=\"auto, (max-width: 150px) 100vw, 150px\" \/><\/a>\n\t\t\t<\/div><\/figure>\n\t\t<\/div>\n\n","protected":false},"excerpt":{"rendered":"<p>O Instituto ARUC Cultural lan\u00e7ou no dia 16 de outubro a exposi\u00e7\u00e3o \u201cAruc, Patrim\u00f4nio Cultural do Distrito Federal\u201d, na Galeria do Espelho D\u2019\u00e1gua da C\u00e2mara Legislativa do Distrito Federal. A exposi\u00e7\u00e3o permanecer\u00e1 na CLDF at\u00e9 o dia 31 de outubro. A cerim\u00f4nia tamb\u00e9m abriu a programa\u00e7\u00e3o do anivers\u00e1rio de 63 anos da ARUC. A exposi\u00e7\u00e3o &hellip;<\/p>\n","protected":false},"author":2,"featured_media":2832,"comment_status":"closed","ping_status":"closed","sticky":false,"template":"","format":"standard","meta":{"footnotes":""},"categories":[2,3,1],"tags":[],"class_list":["post-2830","post","type-post","status-publish","format-standard","has-post-thumbnail","","category-cultura","category-destaque","category-sem-categoria"],"_links":{"self":[{"href":"https:\/\/memoriadaculturaesportebsb.com.br\/index.php\/wp-json\/wp\/v2\/posts\/2830","targetHints":{"allow":["GET"]}}],"collection":[{"href":"https:\/\/memoriadaculturaesportebsb.com.br\/index.php\/wp-json\/wp\/v2\/posts"}],"about":[{"href":"https:\/\/memoriadaculturaesportebsb.com.br\/index.php\/wp-json\/wp\/v2\/types\/post"}],"author":[{"embeddable":true,"href":"https:\/\/memoriadaculturaesportebsb.com.br\/index.php\/wp-json\/wp\/v2\/users\/2"}],"replies":[{"embeddable":true,"href":"https:\/\/memoriadaculturaesportebsb.com.br\/index.php\/wp-json\/wp\/v2\/comments?post=2830"}],"version-history":[{"count":5,"href":"https:\/\/memoriadaculturaesportebsb.com.br\/index.php\/wp-json\/wp\/v2\/posts\/2830\/revisions"}],"predecessor-version":[{"id":2851,"href":"https:\/\/memoriadaculturaesportebsb.com.br\/index.php\/wp-json\/wp\/v2\/posts\/2830\/revisions\/2851"}],"wp:featuredmedia":[{"embeddable":true,"href":"https:\/\/memoriadaculturaesportebsb.com.br\/index.php\/wp-json\/wp\/v2\/media\/2832"}],"wp:attachment":[{"href":"https:\/\/memoriadaculturaesportebsb.com.br\/index.php\/wp-json\/wp\/v2\/media?parent=2830"}],"wp:term":[{"taxonomy":"category","embeddable":true,"href":"https:\/\/memoriadaculturaesportebsb.com.br\/index.php\/wp-json\/wp\/v2\/categories?post=2830"},{"taxonomy":"post_tag","embeddable":true,"href":"https:\/\/memoriadaculturaesportebsb.com.br\/index.php\/wp-json\/wp\/v2\/tags?post=2830"}],"curies":[{"name":"wp","href":"https:\/\/api.w.org\/{rel}","templated":true}]}}