{"id":2824,"date":"2024-10-20T19:00:52","date_gmt":"2024-10-20T22:00:52","guid":{"rendered":"https:\/\/memoriadaculturaesportebsb.com.br\/?p=2824"},"modified":"2024-10-20T19:00:52","modified_gmt":"2024-10-20T22:00:52","slug":"coincidencia-na-historia-de-brasilia","status":"publish","type":"post","link":"https:\/\/memoriadaculturaesportebsb.com.br\/index.php\/2024\/10\/20\/coincidencia-na-historia-de-brasilia\/","title":{"rendered":"Coincid\u00eancia na\u00a0Hist\u00f3ria de Bras\u00edlia"},"content":{"rendered":"<p><strong><em>Por H\u00e9lio Tremendani<\/em><\/strong><\/p>\n<p>Em 1963 Bras\u00edlia comemorou o seu terceiro anivers\u00e1rio de cria\u00e7\u00e3o. Acredite, mas uma quadra v\u00f4lei, adaptada para basquete adaptada e futebol de sal\u00e3o foi montada no palco do Teatro Nacional, ainda n\u00e3o totalmente conclu\u00eddo.<\/p>\n<p>Naquele abril, o time de voleibol do Botafogo de Futebol e Regatas veio participar do terceiro anivers\u00e1rio da ainda jovem Capital da Rep\u00fablica. Assisti ao jogo acompanhado de meu cunhado, Z\u00e9 Maria. Anos depois, quando servi ao Ex\u00e9rcito, fui convocado para treinar justamente essa modalidade, o voleibol.<\/p>\n<figure id=\"attachment_2825\" aria-describedby=\"caption-attachment-2825\" style=\"width: 383px\" class=\"wp-caption aligncenter\"><a href=\"https:\/\/memoriadaculturaesportebsb.com.br\/wp-content\/uploads\/2024\/10\/Imagem12.jpg\"><img loading=\"lazy\" decoding=\"async\" class=\"size-full wp-image-2825\" src=\"https:\/\/memoriadaculturaesportebsb.com.br\/wp-content\/uploads\/2024\/10\/Imagem12.jpg\" alt=\"\" width=\"383\" height=\"356\" srcset=\"https:\/\/memoriadaculturaesportebsb.com.br\/wp-content\/uploads\/2024\/10\/Imagem12.jpg 383w, https:\/\/memoriadaculturaesportebsb.com.br\/wp-content\/uploads\/2024\/10\/Imagem12-300x279.jpg 300w\" sizes=\"auto, (max-width: 383px) 100vw, 383px\" \/><\/a><figcaption id=\"caption-attachment-2825\" class=\"wp-caption-text\">Capit\u00e3o Correia, n\u00ba 10, o \u00faltimo em p\u00e9, \u00e0 direita<\/figcaption><\/figure>\n<p>Certo dia, numa \u00a0conversa com o treinador, Capit\u00e3o Correia, expliquei que aquele jogo no Teatro Nacional entre Bras\u00edlia e Botafogo, me marcou tanto que me fez ficar mais apaixonado por voleibol.<\/p>\n<figure id=\"attachment_2826\" aria-describedby=\"caption-attachment-2826\" style=\"width: 618px\" class=\"wp-caption aligncenter\"><a href=\"https:\/\/memoriadaculturaesportebsb.com.br\/wp-content\/uploads\/2024\/10\/WhatsApp-Image-2024-10-19-at-17.08.46-1.jpeg\"><img loading=\"lazy\" decoding=\"async\" class=\"wp-image-2826 size-large\" src=\"https:\/\/memoriadaculturaesportebsb.com.br\/wp-content\/uploads\/2024\/10\/WhatsApp-Image-2024-10-19-at-17.08.46-1-1024x991.jpeg\" alt=\"\" width=\"618\" height=\"598\" srcset=\"https:\/\/memoriadaculturaesportebsb.com.br\/wp-content\/uploads\/2024\/10\/WhatsApp-Image-2024-10-19-at-17.08.46-1-1024x991.jpeg 1024w, https:\/\/memoriadaculturaesportebsb.com.br\/wp-content\/uploads\/2024\/10\/WhatsApp-Image-2024-10-19-at-17.08.46-1-300x290.jpeg 300w, https:\/\/memoriadaculturaesportebsb.com.br\/wp-content\/uploads\/2024\/10\/WhatsApp-Image-2024-10-19-at-17.08.46-1-768x743.jpeg 768w, https:\/\/memoriadaculturaesportebsb.com.br\/wp-content\/uploads\/2024\/10\/WhatsApp-Image-2024-10-19-at-17.08.46-1.jpeg 1080w\" sizes=\"auto, (max-width: 618px) 100vw, 618px\" \/><\/a><figcaption id=\"caption-attachment-2826\" class=\"wp-caption-text\">Ol\u00edmpiada do Exercito em 1971. Participei como atleta da equipe de volei do Comando Militar do Planalto.<\/figcaption><\/figure>\n<p>Essa revela\u00e7\u00e3o ativou a mem\u00f3ria do Capit\u00e3o Correia, que tamb\u00e9m me fez uma surpreendente revela\u00e7\u00e3o. Coincid\u00eancia ou n\u00e3o, ele me disse, animado, que naquela partida hist\u00f3rica, enquanto eu estava na arquibancada, ele estava em quadra, atuando, pois era um dos atletas na delega\u00e7\u00e3o do Botafogo&#8230;<\/p>\n<p>&nbsp;<\/p>\n","protected":false},"excerpt":{"rendered":"<p>Por H\u00e9lio Tremendani Em 1963 Bras\u00edlia comemorou o seu terceiro anivers\u00e1rio de cria\u00e7\u00e3o. Acredite, mas uma quadra v\u00f4lei, adaptada para basquete adaptada e futebol de sal\u00e3o foi montada no palco do Teatro Nacional, ainda n\u00e3o totalmente conclu\u00eddo. Naquele abril, o time de voleibol do Botafogo de Futebol e Regatas veio participar do terceiro anivers\u00e1rio da &hellip;<\/p>\n","protected":false},"author":2,"featured_media":0,"comment_status":"closed","ping_status":"closed","sticky":false,"template":"","format":"standard","meta":{"footnotes":""},"categories":[13,4,16],"tags":[],"class_list":["post-2824","post","type-post","status-publish","format-standard","","category-colunistas","category-esporte","category-helio-tremendani"],"_links":{"self":[{"href":"https:\/\/memoriadaculturaesportebsb.com.br\/index.php\/wp-json\/wp\/v2\/posts\/2824","targetHints":{"allow":["GET"]}}],"collection":[{"href":"https:\/\/memoriadaculturaesportebsb.com.br\/index.php\/wp-json\/wp\/v2\/posts"}],"about":[{"href":"https:\/\/memoriadaculturaesportebsb.com.br\/index.php\/wp-json\/wp\/v2\/types\/post"}],"author":[{"embeddable":true,"href":"https:\/\/memoriadaculturaesportebsb.com.br\/index.php\/wp-json\/wp\/v2\/users\/2"}],"replies":[{"embeddable":true,"href":"https:\/\/memoriadaculturaesportebsb.com.br\/index.php\/wp-json\/wp\/v2\/comments?post=2824"}],"version-history":[{"count":1,"href":"https:\/\/memoriadaculturaesportebsb.com.br\/index.php\/wp-json\/wp\/v2\/posts\/2824\/revisions"}],"predecessor-version":[{"id":2827,"href":"https:\/\/memoriadaculturaesportebsb.com.br\/index.php\/wp-json\/wp\/v2\/posts\/2824\/revisions\/2827"}],"wp:attachment":[{"href":"https:\/\/memoriadaculturaesportebsb.com.br\/index.php\/wp-json\/wp\/v2\/media?parent=2824"}],"wp:term":[{"taxonomy":"category","embeddable":true,"href":"https:\/\/memoriadaculturaesportebsb.com.br\/index.php\/wp-json\/wp\/v2\/categories?post=2824"},{"taxonomy":"post_tag","embeddable":true,"href":"https:\/\/memoriadaculturaesportebsb.com.br\/index.php\/wp-json\/wp\/v2\/tags?post=2824"}],"curies":[{"name":"wp","href":"https:\/\/api.w.org\/{rel}","templated":true}]}}