{"id":2821,"date":"2024-10-20T18:53:29","date_gmt":"2024-10-20T21:53:29","guid":{"rendered":"https:\/\/memoriadaculturaesportebsb.com.br\/?p=2821"},"modified":"2024-10-20T18:53:29","modified_gmt":"2024-10-20T21:53:29","slug":"historias-futebol-no-df-brasilia-esporte-clube","status":"publish","type":"post","link":"https:\/\/memoriadaculturaesportebsb.com.br\/index.php\/2024\/10\/20\/historias-futebol-no-df-brasilia-esporte-clube\/","title":{"rendered":"Hist\u00f3rias Futebol no DF:\u00a0Bras\u00edlia Esporte Clube"},"content":{"rendered":"<p><strong>Por\u00a0<em>H\u00e9lio Tremendani <\/em><\/strong><\/p>\n<p>O Distrito Federal tinha 15 anos quando o Bras\u00edlia Esporte Clube iniciou suas atividades, com Cl\u00e1udio Garcia e Caranambu Bessa realizando uma peneira no Est\u00e1dio Pelez\u00e3o. Era preciso descobrir uma nova gera\u00e7\u00e3o de atletas candangos e a peneira era a chance de receber os candidatos e selecion\u00e1-los.<\/p>\n<p>A prop\u00f3sito, o Est\u00e1dio Pelez\u00e3o, inaugurado com a presenta do Rei Pel\u00e9, viria a ser demolido anos depois, numa negocia\u00e7\u00e3o entre a propriet\u00e1ria da \u00e1rea, a Federa\u00e7\u00e3o Metropolitana de Futebol, e imobili\u00e1rias locais, que ali constru\u00edram uma extensa \u00e1rea residencial.<\/p>\n<p><strong>Precau\u00e7\u00e3o <\/strong><\/p>\n<p>A cria\u00e7\u00e3o do Bras\u00edlia EC era esperada desde 1969, quando a Associa\u00e7\u00e3o Comercial do DF (ACDF) j\u00e1 pensava num clube de futebol. Por\u00e9m, com o surgimento o CEUB os empres\u00e1rios decidiram esperar os resultados da agremia\u00e7\u00e3o para tomar a iniciativa ter um novo clube na cidade. Pouco tempo depois, por\u00e9m, surgia o Bras\u00edlia EC.<\/p>\n<p>O primeiro jogo do Bras\u00edlia foi em 1976, com uma vit\u00f3ria por 3&#215;1 sobre o Fluminense de Araguari (GO). J\u00e1 o primeiro t\u00edtulo da nova agremia\u00e7\u00e3o foi no Torneio Incentivo e o primeiro grande jogo foi uma derrota para o Flamengo do Rio de Janeiro, por 2&#215;1, em 1976.<\/p>\n<p>Em 1977, o Bras\u00edlia entrou na Copa Brasil. A campanha foi t\u00e3o boa na fase preliminar que agregou os brasilienses em torno de seus objetivos. O time, dirigido por Airton Nogueira, era formado por D\u00e9o, Newton, Jonas Foca, Luis Carlos e Santos (\u00fanico de fora), Wel, Moreirinha e Banana; Julinho, Nei e Bira.<\/p>\n<p><strong> <a href=\"https:\/\/memoriadaculturaesportebsb.com.br\/wp-content\/uploads\/2024\/10\/Imagem11.jpg\"><img loading=\"lazy\" decoding=\"async\" class=\"aligncenter size-full wp-image-2822\" src=\"https:\/\/memoriadaculturaesportebsb.com.br\/wp-content\/uploads\/2024\/10\/Imagem11.jpg\" alt=\"\" width=\"927\" height=\"579\" srcset=\"https:\/\/memoriadaculturaesportebsb.com.br\/wp-content\/uploads\/2024\/10\/Imagem11.jpg 927w, https:\/\/memoriadaculturaesportebsb.com.br\/wp-content\/uploads\/2024\/10\/Imagem11-300x187.jpg 300w, https:\/\/memoriadaculturaesportebsb.com.br\/wp-content\/uploads\/2024\/10\/Imagem11-768x480.jpg 768w\" sizes=\"auto, (max-width: 927px) 100vw, 927px\" \/><\/a><\/strong><\/p>\n<p><strong>Em p\u00e9<\/strong>, da esquerda para a direita: <em>Luis Alberto,\u00a0 Deo, <\/em><\/p>\n<p><em>Edvaldo, Lu\u00eds Carlos, Jonas, Fernandinho, Welle e \u00a0Airton Nogueira; <\/em><\/p>\n<p><strong>Agachados: <\/strong>\u00a0An\u00edsio, Julinho, Moreirinha ,Ney, Banana e\u00a0 Bira<\/p>\n<p>&nbsp;<\/p>\n<p><strong>Fonte:<\/strong> <em>Hist\u00f3rias do Esporte em Bras\u00edlia<\/em><\/p>\n<p><strong>Autor:<\/strong> <em>Jornalista Gustavo Mariani<\/em><\/p>\n<p>&nbsp;<\/p>\n","protected":false},"excerpt":{"rendered":"<p>Por\u00a0H\u00e9lio Tremendani O Distrito Federal tinha 15 anos quando o Bras\u00edlia Esporte Clube iniciou suas atividades, com Cl\u00e1udio Garcia e Caranambu Bessa realizando uma peneira no Est\u00e1dio Pelez\u00e3o. Era preciso descobrir uma nova gera\u00e7\u00e3o de atletas candangos e a peneira era a chance de receber os candidatos e selecion\u00e1-los. A prop\u00f3sito, o Est\u00e1dio Pelez\u00e3o, inaugurado &hellip;<\/p>\n","protected":false},"author":2,"featured_media":0,"comment_status":"closed","ping_status":"closed","sticky":false,"template":"","format":"standard","meta":{"footnotes":""},"categories":[13,4,16],"tags":[],"class_list":["post-2821","post","type-post","status-publish","format-standard","","category-colunistas","category-esporte","category-helio-tremendani"],"_links":{"self":[{"href":"https:\/\/memoriadaculturaesportebsb.com.br\/index.php\/wp-json\/wp\/v2\/posts\/2821","targetHints":{"allow":["GET"]}}],"collection":[{"href":"https:\/\/memoriadaculturaesportebsb.com.br\/index.php\/wp-json\/wp\/v2\/posts"}],"about":[{"href":"https:\/\/memoriadaculturaesportebsb.com.br\/index.php\/wp-json\/wp\/v2\/types\/post"}],"author":[{"embeddable":true,"href":"https:\/\/memoriadaculturaesportebsb.com.br\/index.php\/wp-json\/wp\/v2\/users\/2"}],"replies":[{"embeddable":true,"href":"https:\/\/memoriadaculturaesportebsb.com.br\/index.php\/wp-json\/wp\/v2\/comments?post=2821"}],"version-history":[{"count":1,"href":"https:\/\/memoriadaculturaesportebsb.com.br\/index.php\/wp-json\/wp\/v2\/posts\/2821\/revisions"}],"predecessor-version":[{"id":2823,"href":"https:\/\/memoriadaculturaesportebsb.com.br\/index.php\/wp-json\/wp\/v2\/posts\/2821\/revisions\/2823"}],"wp:attachment":[{"href":"https:\/\/memoriadaculturaesportebsb.com.br\/index.php\/wp-json\/wp\/v2\/media?parent=2821"}],"wp:term":[{"taxonomy":"category","embeddable":true,"href":"https:\/\/memoriadaculturaesportebsb.com.br\/index.php\/wp-json\/wp\/v2\/categories?post=2821"},{"taxonomy":"post_tag","embeddable":true,"href":"https:\/\/memoriadaculturaesportebsb.com.br\/index.php\/wp-json\/wp\/v2\/tags?post=2821"}],"curies":[{"name":"wp","href":"https:\/\/api.w.org\/{rel}","templated":true}]}}