{"id":2767,"date":"2024-10-06T16:58:42","date_gmt":"2024-10-06T19:58:42","guid":{"rendered":"https:\/\/memoriadaculturaesportebsb.com.br\/?p=2767"},"modified":"2024-10-06T17:03:31","modified_gmt":"2024-10-06T20:03:31","slug":"instituto-aruc-cultural-realiza-a-exposicao-aruc-patrimonio-cultural-do-distrito-federal","status":"publish","type":"post","link":"https:\/\/memoriadaculturaesportebsb.com.br\/index.php\/2024\/10\/06\/instituto-aruc-cultural-realiza-a-exposicao-aruc-patrimonio-cultural-do-distrito-federal\/","title":{"rendered":"Capital Federal recebe a exposi\u00e7\u00e3o &#8220;Aruc, Patrim\u00f4nio Cultural do Distrito Federal&#8221;"},"content":{"rendered":"<p><a href=\"https:\/\/memoriadaculturaesportebsb.com.br\/wp-content\/uploads\/2024\/10\/WhatsApp-Image-2024-10-06-at-16.34.48.jpeg\"><img loading=\"lazy\" decoding=\"async\" class=\"alignleft size-medium wp-image-2763\" src=\"https:\/\/memoriadaculturaesportebsb.com.br\/wp-content\/uploads\/2024\/10\/WhatsApp-Image-2024-10-06-at-16.34.48-240x300.jpeg\" alt=\"\" width=\"240\" height=\"300\" srcset=\"https:\/\/memoriadaculturaesportebsb.com.br\/wp-content\/uploads\/2024\/10\/WhatsApp-Image-2024-10-06-at-16.34.48-240x300.jpeg 240w, https:\/\/memoriadaculturaesportebsb.com.br\/wp-content\/uploads\/2024\/10\/WhatsApp-Image-2024-10-06-at-16.34.48-818x1024.jpeg 818w, https:\/\/memoriadaculturaesportebsb.com.br\/wp-content\/uploads\/2024\/10\/WhatsApp-Image-2024-10-06-at-16.34.48-768x961.jpeg 768w, https:\/\/memoriadaculturaesportebsb.com.br\/wp-content\/uploads\/2024\/10\/WhatsApp-Image-2024-10-06-at-16.34.48.jpeg 1023w\" sizes=\"auto, (max-width: 240px) 100vw, 240px\" \/><\/a>O Instituto ARUC Cultural realiza a Exposi\u00e7\u00e3o &#8220;Aruc, Patrim\u00f4nio Cultural do Distrito Federal&#8221;. A iniciativa aprovada pela Lei Paulo Gustavo, com o processo n\u00ba 00150-00006831\/2023-67.<\/p>\n<p>O lan\u00e7amento da Exposi\u00e7\u00e3o ocorrer\u00e1 no dia <strong>16 de outubro<\/strong>, a partir das 19h, na Galeria do Espelho D&#8217;\u00e1gua da C\u00e2mara Legislativa do Distrito Federal e abrir\u00e1 a programa\u00e7\u00e3o do anivers\u00e1rio de 63 anos da ARUC. A exposi\u00e7\u00e3o permanecer\u00e1 na CLDF at\u00e9 o<strong> dia 31 de outubro<\/strong>.<\/p>\n<p>A exposi\u00e7\u00e3o \u00e9 composta por 36 pain\u00e9is com fotos, textos e QR Codes para visualizar v\u00eddeos com depoimentos, bem como a audiodescri\u00e7\u00e3o para pessoas com defici\u00eancia visual e trata sobre o hist\u00f3rico da Associa\u00e7\u00e3o Recreativa Cultural Unidos do Cruzeiro (ARUC), registrada como Patrim\u00f4nio Cultural Imaterial do Distrito Federal.<\/p>\n<p>Depois da C\u00e2mara Legislativa, a exposi\u00e7\u00e3o vai circular por seis cidades do DF, come\u00e7ando pelo Gama, onde ficar\u00e1 na Biblioteca P\u00fablica entre os dias <strong>4 a 30 de novembro<\/strong> e depois em Samambaia, onde ficar\u00e1 no Complexo Cultural entre os dias<strong> 2 a 30 de dezembro<\/strong>.<\/p>\n<p>Para 2025, a exposi\u00e7\u00e3o retorna entre os dias <strong>7 de fevereiro <\/strong>a <strong>16 de mar\u00e7o<\/strong> no Espa\u00e7o Cultural Renato Russo (508 Sul) e de l\u00e1 seguir\u00e1 para Planaltina e S\u00e3o Sebasti\u00e3o, em datas a serem confirmadas. A circula\u00e7\u00e3o encerrar\u00e1 na pr\u00f3pria sede da ARUC, onde a Exposi\u00e7\u00e3o permanecer\u00e1 definitivamente, integrada ao Museu Hist\u00f3rico da agremia\u00e7\u00e3o.<\/p>\n","protected":false},"excerpt":{"rendered":"<p>O Instituto ARUC Cultural realiza a Exposi\u00e7\u00e3o &#8220;Aruc, Patrim\u00f4nio Cultural do Distrito Federal&#8221;. A iniciativa aprovada pela Lei Paulo Gustavo, com o processo n\u00ba 00150-00006831\/2023-67. O lan\u00e7amento da Exposi\u00e7\u00e3o ocorrer\u00e1 no dia 16 de outubro, a partir das 19h, na Galeria do Espelho D&#8217;\u00e1gua da C\u00e2mara Legislativa do Distrito Federal e abrir\u00e1 a programa\u00e7\u00e3o do &hellip;<\/p>\n","protected":false},"author":2,"featured_media":0,"comment_status":"closed","ping_status":"closed","sticky":false,"template":"","format":"standard","meta":{"footnotes":""},"categories":[2,1],"tags":[],"class_list":["post-2767","post","type-post","status-publish","format-standard","","category-cultura","category-sem-categoria"],"_links":{"self":[{"href":"https:\/\/memoriadaculturaesportebsb.com.br\/index.php\/wp-json\/wp\/v2\/posts\/2767","targetHints":{"allow":["GET"]}}],"collection":[{"href":"https:\/\/memoriadaculturaesportebsb.com.br\/index.php\/wp-json\/wp\/v2\/posts"}],"about":[{"href":"https:\/\/memoriadaculturaesportebsb.com.br\/index.php\/wp-json\/wp\/v2\/types\/post"}],"author":[{"embeddable":true,"href":"https:\/\/memoriadaculturaesportebsb.com.br\/index.php\/wp-json\/wp\/v2\/users\/2"}],"replies":[{"embeddable":true,"href":"https:\/\/memoriadaculturaesportebsb.com.br\/index.php\/wp-json\/wp\/v2\/comments?post=2767"}],"version-history":[{"count":6,"href":"https:\/\/memoriadaculturaesportebsb.com.br\/index.php\/wp-json\/wp\/v2\/posts\/2767\/revisions"}],"predecessor-version":[{"id":2773,"href":"https:\/\/memoriadaculturaesportebsb.com.br\/index.php\/wp-json\/wp\/v2\/posts\/2767\/revisions\/2773"}],"wp:attachment":[{"href":"https:\/\/memoriadaculturaesportebsb.com.br\/index.php\/wp-json\/wp\/v2\/media?parent=2767"}],"wp:term":[{"taxonomy":"category","embeddable":true,"href":"https:\/\/memoriadaculturaesportebsb.com.br\/index.php\/wp-json\/wp\/v2\/categories?post=2767"},{"taxonomy":"post_tag","embeddable":true,"href":"https:\/\/memoriadaculturaesportebsb.com.br\/index.php\/wp-json\/wp\/v2\/tags?post=2767"}],"curies":[{"name":"wp","href":"https:\/\/api.w.org\/{rel}","templated":true}]}}