{"id":2741,"date":"2024-10-06T16:00:18","date_gmt":"2024-10-06T19:00:18","guid":{"rendered":"https:\/\/memoriadaculturaesportebsb.com.br\/?p=2741"},"modified":"2024-10-06T16:04:47","modified_gmt":"2024-10-06T19:04:47","slug":"a-voz-feminina-da-casa-dos-bambas","status":"publish","type":"post","link":"https:\/\/memoriadaculturaesportebsb.com.br\/index.php\/2024\/10\/06\/a-voz-feminina-da-casa-dos-bambas\/","title":{"rendered":"A voz feminina da \u201cCasa dos Bambas\u201d"},"content":{"rendered":"<p><strong>Por H\u00e9lio Tremendani e Jos\u00e9 Cruz<\/strong><\/p>\n<p style=\"text-align: center;\"><strong><em><a href=\"https:\/\/memoriadaculturaesportebsb.com.br\/wp-content\/uploads\/2024\/10\/angela1.jpg\"><img loading=\"lazy\" decoding=\"async\" class=\"alignleft size-medium wp-image-2742\" src=\"https:\/\/memoriadaculturaesportebsb.com.br\/wp-content\/uploads\/2024\/10\/angela1-249x300.jpg\" alt=\"\" width=\"249\" height=\"300\" srcset=\"https:\/\/memoriadaculturaesportebsb.com.br\/wp-content\/uploads\/2024\/10\/angela1-249x300.jpg 249w, https:\/\/memoriadaculturaesportebsb.com.br\/wp-content\/uploads\/2024\/10\/angela1-768x927.jpg 768w, https:\/\/memoriadaculturaesportebsb.com.br\/wp-content\/uploads\/2024\/10\/angela1.jpg 788w\" sizes=\"auto, (max-width: 249px) 100vw, 249px\" \/><\/a>\u201cFoi, durante muitos anos, uma das\u00a0<\/em><\/strong><strong><em>principais vozes da noite brasiliense,\u00a0<\/em><\/strong><strong><em>apresentando o seu canto <\/em><\/strong><strong><em>nos melhores espa\u00e7os da cidade\u201d.\u00a0<\/em><\/strong><strong><em>Angela Regina Silva desenvolveu <\/em><\/strong><strong><em>o DNA musical da fam\u00edlia e marcou\u00a0<\/em><\/strong><strong><em>\u00e9poca em memor\u00e1veis shows\u00a0<\/em><\/strong><strong><em>\u00a0das noites de Bras\u00edlia.<\/em><\/strong><\/p>\n<p>Angela Regina lembra nome de cantora. Faz sentido. Inclusive, porque ela teve uma fam\u00edlia intimamente ligada a instrumentos musicais e cantorias. Uma fam\u00edlia alegre, antes de tudo. Sem exageros, uma fam\u00edlia que incorporou o cl\u00e1ssico \u201cNa minha casa todo mundo \u00e9 bamba&#8230;\u201d<\/p>\n<p><strong><em>\u201cExceto por algumas pequenas e sutis diferen\u00e7as, a m\u00fasica composta por Martinho da Vila representa muito bem esse fragmento da grande Fam\u00edlia Da Silva, que traz a m\u00fasica em seu DNA\u201d.<\/em><\/strong><\/p>\n<p><strong><a href=\"https:\/\/memoriadaculturaesportebsb.com.br\/wp-content\/uploads\/2024\/10\/angela2.jpg\"><img loading=\"lazy\" decoding=\"async\" class=\"alignright wp-image-2743 size-thumbnail\" src=\"https:\/\/memoriadaculturaesportebsb.com.br\/wp-content\/uploads\/2024\/10\/angela2-150x150.jpg\" alt=\"\" width=\"150\" height=\"150\" srcset=\"https:\/\/memoriadaculturaesportebsb.com.br\/wp-content\/uploads\/2024\/10\/angela2-150x150.jpg 150w, https:\/\/memoriadaculturaesportebsb.com.br\/wp-content\/uploads\/2024\/10\/angela2-70x70.jpg 70w, https:\/\/memoriadaculturaesportebsb.com.br\/wp-content\/uploads\/2024\/10\/angela2-120x120.jpg 120w\" sizes=\"auto, (max-width: 150px) 100vw, 150px\" \/><\/a>Depoimento de Alex Silva, irm\u00e3o de Angela Regina, em seu livro \u201c<em>Minha Trilha Sonora \u2013 Do Vinil ao Digital<\/em>\u201d<\/strong><\/p>\n<p><strong><em>\u00a0<\/em><\/strong><strong>Caminhadas art\u00edsticas<\/strong><\/p>\n<p>\u00c9 nessa publica\u00e7\u00e3o (foto abaixo) de 135 p\u00e1ginas e bem ilustrada que Alex conta sobre a trajet\u00f3ria musical de sua fam\u00edlia, com detalhes sobre os rumos art\u00edsticos de cada integrante, primos, inclusive. Ele j\u00e1 havia falado sobre esse dom musical na <a href=\"https:\/\/memoriadaculturaesportebsb.com.br\/index.php\/2024\/07\/28\/a-familia-da-casa-de-bamba\/\">entrevista \u00e0 <em>Mem\u00f3ria da Cultura e do Esporte em Bras\u00edlia<\/em><\/a>, em 28 de julho de 2024.<\/p>\n<p><a href=\"https:\/\/memoriadaculturaesportebsb.com.br\/wp-content\/uploads\/2024\/10\/angela3.jpg\"><img loading=\"lazy\" decoding=\"async\" class=\"aligncenter size-full wp-image-2744\" src=\"https:\/\/memoriadaculturaesportebsb.com.br\/wp-content\/uploads\/2024\/10\/angela3.jpg\" alt=\"\" width=\"294\" height=\"297\" srcset=\"https:\/\/memoriadaculturaesportebsb.com.br\/wp-content\/uploads\/2024\/10\/angela3.jpg 294w, https:\/\/memoriadaculturaesportebsb.com.br\/wp-content\/uploads\/2024\/10\/angela3-70x70.jpg 70w, https:\/\/memoriadaculturaesportebsb.com.br\/wp-content\/uploads\/2024\/10\/angela3-120x120.jpg 120w\" sizes=\"auto, (max-width: 294px) 100vw, 294px\" \/><\/a><\/p>\n<p>Agora, \u00e9 a vez de Angela Regina (sem acento no A) a irm\u00e3 de Alex. Ela fez uma retrospectiva das alegres noites da Capital da Rep\u00fablica, aonde chegou com 4 anos, vinda com a fam\u00edlia do Rio de Janeiro. Aqui, ela estudou, trabalhou e, principalmente, chegou aos palcos de bares e boates, a partir dos anos 1980, que marcaram \u00e9poca e deixaram saudade.<\/p>\n<p><strong>\u00a0<\/strong><strong>Nas origens<\/strong><\/p>\n<p>Alegre e sorridente, Angela Regina, a terceira de seis irm\u00e3os \u2013 dois faleceram, Ant\u00f4nio S\u00e9rgio, o Petit, e Ant\u00f4nio Carlos, o Thonde \u2013 construiu carreira sempre valorizando a fam\u00edlia. \u00a0N\u00e3o esqueceu, por exemplo, a conviv\u00eancia com a V\u00f3 Tunica (Ant\u00f4nia), \u201cque lavava a roupa cantarolando\u201d, h\u00e1bito que ajudou a despertar em Angela Regina o gosto pela m\u00fasica.<\/p>\n<p><strong><em>\u201cEu era superf\u00e3 da V\u00f3 Tunica.\u00a0<\/em><\/strong><strong><em>Ela n\u00e3o sabia que tinha <\/em><\/strong><strong><em>uma plateia oculta\u201d<\/em><\/strong><\/p>\n<figure id=\"attachment_2745\" aria-describedby=\"caption-attachment-2745\" style=\"width: 644px\" class=\"wp-caption aligncenter\"><a href=\"https:\/\/memoriadaculturaesportebsb.com.br\/wp-content\/uploads\/2024\/10\/angela4.jpg\"><img loading=\"lazy\" decoding=\"async\" class=\"wp-image-2745 size-full\" src=\"https:\/\/memoriadaculturaesportebsb.com.br\/wp-content\/uploads\/2024\/10\/angela4.jpg\" alt=\"\" width=\"644\" height=\"483\" srcset=\"https:\/\/memoriadaculturaesportebsb.com.br\/wp-content\/uploads\/2024\/10\/angela4.jpg 644w, https:\/\/memoriadaculturaesportebsb.com.br\/wp-content\/uploads\/2024\/10\/angela4-300x225.jpg 300w\" sizes=\"auto, (max-width: 644px) 100vw, 644px\" \/><\/a><figcaption id=\"caption-attachment-2745\" class=\"wp-caption-text\">V\u00f3 Tunica e seu\u00a0filho, Nelson, pai\u00a0de Angela Regina<\/figcaption><\/figure>\n<p><strong>Com Yayana <\/strong><\/p>\n<p>No Rio de Janeiro, Angela Regina morava no bairro da Aboli\u00e7\u00e3o. Era l\u00e1 que ela acompanhava a m\u00e3e Yayana ouvindo r\u00e1dio e cantarolando cl\u00e1ssicos da \u00e9poca, interpretados por estrelas como Elizeth Cardoso, \u00c2ngela Maria, Cauby Peixoto, Pixinguinha, Cartola&#8230;<\/p>\n<p>\u201cMinha m\u00e3e ouvia muito Silvinha Teles. Atrav\u00e9s dela tamb\u00e9m conheci Tom Jobim e Linda Batista, que cantava <em>Risque,<\/em> m\u00fasica que fazia parte do repert\u00f3rio de Yayana\u201d.<\/p>\n<p><strong><em>\u00a0\u00a0\u00a0\u00a0\u00a0\u00a0\u00a0\u00a0\u00a0\u00a0\u00a0\u00a0\u00a0\u00a0\u00a0\u00a0\u00a0\u00a0\u00a0\u00a0\u00a0\u00a0\u00a0\u00a0\u00a0\u00a0\u00a0\u00a0\u00a0\u00a0\u00a0\u00a0\u00a0\u00a0\u00a0\u00a0\u00a0\u00a0\u00a0\u00a0\u00a0\u00a0\u00a0\u00a0\u00a0\u00a0 \u201cRisque, meu nome do seu caderno<\/em><\/strong><\/p>\n<p><strong><em>\u00a0\u00a0\u00a0\u00a0\u00a0\u00a0\u00a0\u00a0\u00a0\u00a0\u00a0\u00a0\u00a0\u00a0\u00a0\u00a0\u00a0\u00a0\u00a0\u00a0\u00a0\u00a0\u00a0\u00a0\u00a0\u00a0\u00a0\u00a0\u00a0\u00a0\u00a0\u00a0\u00a0\u00a0\u00a0\u00a0\u00a0\u00a0\u00a0\u00a0\u00a0\u00a0\u00a0\u00a0\u00a0\u00a0 \u00a0 Pois n\u00e3o suporto o inferno <\/em><\/strong><\/p>\n<p><strong><em>\u00a0\u00a0\u00a0\u00a0\u00a0\u00a0\u00a0\u00a0\u00a0\u00a0\u00a0 <\/em><\/strong><strong>\u00a0\u00a0\u00a0\u00a0\u00a0\u00a0\u00a0\u00a0\u00a0\u00a0\u00a0\u00a0\u00a0\u00a0\u00a0\u00a0\u00a0\u00a0\u00a0\u00a0\u00a0\u00a0\u00a0\u00a0\u00a0\u00a0\u00a0\u00a0\u00a0\u00a0\u00a0\u00a0\u00a0\u00a0 \u00a0 Do nosso amor fracassado&#8230;\u201d<\/strong><\/p>\n<p><strong>\u00a0<\/strong>No livro \u201c<em>Minha Trilha Sonora<\/em>\u201d, Alex descreve sobre a sua m\u00e3e, Yayana (foto), em trecho emocionante:<\/p>\n<p><strong><em><a href=\"https:\/\/memoriadaculturaesportebsb.com.br\/wp-content\/uploads\/2024\/10\/angela5.jpg\"><img loading=\"lazy\" decoding=\"async\" class=\"alignleft size-full wp-image-2746\" src=\"https:\/\/memoriadaculturaesportebsb.com.br\/wp-content\/uploads\/2024\/10\/angela5.jpg\" alt=\"\" width=\"203\" height=\"203\" srcset=\"https:\/\/memoriadaculturaesportebsb.com.br\/wp-content\/uploads\/2024\/10\/angela5.jpg 203w, https:\/\/memoriadaculturaesportebsb.com.br\/wp-content\/uploads\/2024\/10\/angela5-150x150.jpg 150w, https:\/\/memoriadaculturaesportebsb.com.br\/wp-content\/uploads\/2024\/10\/angela5-70x70.jpg 70w, https:\/\/memoriadaculturaesportebsb.com.br\/wp-content\/uploads\/2024\/10\/angela5-120x120.jpg 120w\" sizes=\"auto, (max-width: 203px) 100vw, 203px\" \/><\/a>\u201cTinha um sorriso contagiante que cativava as pessoas. Int\u00e9rprete do estilo Elizeth Cardoso, de voz firme e afinada, que desistiu da carreira de cantora para se dedicar aos seis filhos, todos, de alguma forma, ligados \u00e0 m\u00fasica. Orgulhava-se de ter recebido nota 3,5 do rigoroso apresentador Ary Barroso (<\/em><\/strong><strong>autor de Aquarela do Brasil)<em>, que adotava o 5 como nota m\u00e1xima. (&#8230;) Dona Yayana nos deixou em 2005, prestes a completar 73 anos\u201d.<\/em><\/strong><\/p>\n<p><strong><em>\u00a0<\/em><\/strong><strong>A surpresa<\/strong><\/p>\n<p>Um epis\u00f3dio narrado pelos pr\u00f3prios filhos demonstra bem a ousadia de Dona Yayana e a sua paix\u00e3o pela m\u00fasica.<\/p>\n<p>Certa madrugada, Alex chegou com alguns amigos no Bar Singular, na Super Quadra 315 Norte, que era um dos redutos da boa m\u00fasica de Bras\u00edlia.<\/p>\n<p>Ainda do lado de fora, eles ouviram uma \u201cbela voz feminina, bem acompanhada por m\u00fasicos de primeira\u201d. Alex n\u00e3o teve d\u00favidas: \u201cEssa voz \u00e9 da mam\u00e3e\u201d. A turma caiu na gargalhada. Foram em frente e, j\u00e1 dentro do bar, tiveram a surpresa: era mesmo Dona Yayana quem se apresentava, dando uma canja, sob aplausos de casa cheia. Aquele momento mereceu reportagem de Irlan Rocha Lima, no Correio Braziliense.<\/p>\n<p><a href=\"https:\/\/memoriadaculturaesportebsb.com.br\/wp-content\/uploads\/2024\/10\/angela6.jpg\"><img loading=\"lazy\" decoding=\"async\" class=\"aligncenter size-full wp-image-2747\" src=\"https:\/\/memoriadaculturaesportebsb.com.br\/wp-content\/uploads\/2024\/10\/angela6.jpg\" alt=\"\" width=\"554\" height=\"535\" srcset=\"https:\/\/memoriadaculturaesportebsb.com.br\/wp-content\/uploads\/2024\/10\/angela6.jpg 554w, https:\/\/memoriadaculturaesportebsb.com.br\/wp-content\/uploads\/2024\/10\/angela6-300x290.jpg 300w\" sizes=\"auto, (max-width: 554px) 100vw, 554px\" \/><\/a><\/p>\n<p><strong>No livro de Alex<\/strong><\/p>\n<p>Sobre a irm\u00e3, Angela Regina, Alex estava sempre pr\u00f3ximo, como um dos incentivadores da carreira musical que ela seguiria mais tarde.<\/p>\n<p>\u201cSe n\u00e3o estivesse na escola ou fazendo as tarefas escolares, Angela Regina ficava horas a fio sentada no ch\u00e3o, em frente \u00e0 r\u00e1dio-vitrola Telefunken Uni\u00e3o, um \u00fanico m\u00f3vel que reunia toca-discos e r\u00e1dio, ouvindo o melhor da MPB ou os hits internacionais\u201d, revela Alex.<\/p>\n<p>Nessa rotina, Angela Regina j\u00e1 selecionava as letras e melodias que gostava, numa \u00e9poca de farta cria\u00e7\u00e3o em que nascia o que passou a ser conhecido por M\u00fasica Popular Brasileira (MPB).<\/p>\n<p><strong>O primeiro disco<\/strong><\/p>\n<p>Angela Regina lembra do primeiro disco que conheceu, ainda crian\u00e7a, de Elza Soares. Era um disco de 78 rota\u00e7\u00f5es por minuto, preciosidade na \u00e9poca que antecedeu os LPs \u2013 Long Plays, depois substitu\u00eddos pelos CDs<\/p>\n<p>\u201cLembro de minha m\u00e3e cantando \u201cBoato\u201d, de Jo\u00e3o Roberto Kelly, a predileta dela. Mais tarde, ela me contou, que quando tocava essa m\u00fasica eu falava `o boato de minha m\u00e3e\u00b4. Eu ainda nem falava direito, mas j\u00e1 vinculava a m\u00fasica \u00e0 prefer\u00eancia dela\u201d. O refr\u00e3o de Boato diz:<\/p>\n<blockquote><p><strong><em>\u201cVoc\u00ea foi a mentira que deixou saudade,\u00a0<\/em><\/strong><strong><em>todo boato tem um fundo de verdade\u201d<\/em><\/strong><\/p><\/blockquote>\n<p><strong><em>O pai<\/em><\/strong><\/p>\n<p>O pai dessa Fam\u00edlia de Bambas era Nelson \u201cSorriso\u201d, como era conhecido. N\u00e3o tocava um s\u00f3 instrumento. \u201cMas, ele era mestre para afinar viol\u00f5es e cavaquinhos, com precis\u00e3o de profissionais\u201d, revela Angela Regina. Funcion\u00e1rio do Supremo Tribunal Federal, ele morreu muito cedo, em 1979, aos 57 anos.<\/p>\n<p>Sobre essas lembran\u00e7as de Angela Regina, o seu irm\u00e3o Alex assim escreve no livro que publicou:<\/p>\n<p><strong><em>\u201cSegui os passos da fam\u00edlia, dos dois lados, m\u00e3e e pai, j\u00e1 falecidos. Continuamos a ser uma fam\u00edlia muito musical. Quando os irm\u00e3os se re\u00fanem sai m\u00fasica, pois todo mundo toca\u201d &#8230;<\/em><\/strong><\/p>\n<p>Arlindo, o irm\u00e3o mais velho, toca viol\u00e3o e cavaquinho. Ele foi o respons\u00e1vel por introduzir o Black Music e os hits americanos na discoteca da Fam\u00edlia Silva. Depois vem o Alex. \u201cE tinha o primo Zezinho, que tocava no grupo Sambrasil, um dos mais requisitados de Bras\u00edlia, naquela \u00e9poca.<\/p>\n<p><strong>Sem poeira<\/strong><\/p>\n<p><a href=\"https:\/\/memoriadaculturaesportebsb.com.br\/wp-content\/uploads\/2024\/10\/angela8.jpg\"><img loading=\"lazy\" decoding=\"async\" class=\"alignleft size-full wp-image-2749\" src=\"https:\/\/memoriadaculturaesportebsb.com.br\/wp-content\/uploads\/2024\/10\/angela8.jpg\" alt=\"\" width=\"295\" height=\"337\" srcset=\"https:\/\/memoriadaculturaesportebsb.com.br\/wp-content\/uploads\/2024\/10\/angela8.jpg 295w, https:\/\/memoriadaculturaesportebsb.com.br\/wp-content\/uploads\/2024\/10\/angela8-263x300.jpg 263w\" sizes=\"auto, (max-width: 295px) 100vw, 295px\" \/><\/a>\u201cO tipo de m\u00fasica que eu canto n\u00e3o levanta poeira\u201d, diz Angela Regina, repetindo cita\u00e7\u00e3o de Tom Jobim, para introduzir o assunto sobre o repert\u00f3rio que ela apresentava nas noites musicais de Bras\u00edlia.<\/p>\n<p><strong><em>\u201cO meu repert\u00f3rio n\u00e3o \u00e9 um repert\u00f3rio dan\u00e7ante, embora eu dance no embalo da m\u00fasica que interpreto\u201d<\/em><\/strong><\/p>\n<p>Certa noite, numa boate no Lago Sul, em Bras\u00edlia, Angela Regina era acompanhada por um trio, piano, baixo e bateria. A m\u00fasica <em>Deixa<\/em>, de Baden Powell, estava no repert\u00f3rio. Ela afirma que redescobriu Elis cantando essa m\u00fasica:<\/p>\n<p>&nbsp;<\/p>\n<p style=\"text-align: center;\"><strong>\u201cDeixa<\/strong><br \/>\n<strong>Fale quem quiser falar, meu bem<\/strong><br \/>\n<strong>Deixa, deixa o cora\u00e7\u00e3o falar tamb\u00e9m&#8230;\u201d<\/strong><\/p>\n<p><strong><em>\u00a0<\/em><\/strong>\u201cNessa apresenta\u00e7\u00e3o, me lembrei das dan\u00e7as de roda que faz\u00edamos em casa e chamei a minha m\u00e3e e um irm\u00e3o que l\u00e1 estavam para me acompanharem. No in\u00edcio, eles se assustaram, mas subiram no palco e me ajudaram no embalo, no canto e na ginga de Deixa\u201d.<\/p>\n<p>S\u00e3o dois pra l\u00e1, dois pra c\u00e1\u201d \u2013 uma das can\u00e7\u00f5es de refer\u00eancias de Elis \u2013 est\u00e1 no repert\u00f3rio de Angela Regina. E h\u00e1 outros cl\u00e1ssicos da nossa MPB. \u201cVerde\u201d, por exemplo, letra de Costa Neto e m\u00fasica de Eduardo Gudin, terceira colocada no Festival dos Festivais da Rede Globo, em 1985:<\/p>\n<p style=\"text-align: center;\"><em><strong>Quem pergunta por mim,<\/strong><\/em><br \/>\n<em><strong>J\u00e1 deve saber, do riso no fim<\/strong><\/em><br \/>\n<em><strong>De tanto sofrer, que eu n\u00e3o desisti, das minhas bandeiras,<\/strong><\/em><br \/>\n<em><strong>Caminhos, trincheiras, da noite<\/strong><\/em><br \/>\n<em><strong>Eu, que sempre apostei, na minha paix\u00e3o<\/strong><\/em><br \/>\n<em><strong>Guardei um pa\u00eds no meu cora\u00e7\u00e3o, um foco de luz, seduz a raz\u00e3o&#8230;<\/strong><\/em><\/p>\n<p><strong>Preparando o repert\u00f3rio<\/strong><\/p>\n<p>O comportamento e desempenho art\u00edsticos de Angela Regina refletem o aprendizado ao longo da conviv\u00eancia com a fam\u00edlia, com os pais e irm\u00e3os, sobretudo. Sobre isso, ela recorda:<\/p>\n<p>\u201cEu sempre fui uma garota muito sossegada. Eu estudava de manh\u00e3 e, \u00e0 tarde, ouvia r\u00e1dio. Eu sou da \u00e9poca em que se anotava a letra das m\u00fasicas que se gostava. Anotava em peda\u00e7os de pap\u00e9is, folhas de cadernos que eu guardava tudo junto. Isso me ajudou muito, principalmente quando me tornei cantora e fui preparar o meu repert\u00f3rio. As letras estavam todas ali, eram m\u00fasicas que se tornaram cl\u00e1ssicas ao longo dos anos\u201d.<\/p>\n<p>Aos poucos, Angela Regina era conduzida para o circuito da boa m\u00fasica. Tudo ajudava.<\/p>\n<p>\u201cMeu pai levava amigos l\u00e1 para casa, onde sempre tinha festa. A cantora era a minha m\u00e3e. E, quando rolava uma m\u00fasica que as pessoas n\u00e3o sabiam a letra, Alex dizia: \u201cAposto que a Angela sabe\u201d \u2013 e eu sabia. Fui desafiada, certa vez, em Viagem, de Jo\u00e3o de Aquino e Paulo C\u00e9sar Pinheiro, por exemplo\u201d.<\/p>\n<p style=\"text-align: center;\"><strong><em>Oh, tristeza me desculpe, <\/em><\/strong><\/p>\n<p style=\"text-align: center;\"><strong><em>\u00a0Estou de malas prontas&#8230;.<\/em><\/strong><\/p>\n<p style=\"text-align: center;\"><strong><em>Hoje a poesia veio ao meu encontro<\/em><\/strong><\/p>\n<p style=\"text-align: center;\"><strong><em>J\u00e1 raiou o dia, vamos viajar<\/em><\/strong><\/p>\n<p><strong>Uma nova cantora<\/strong><\/p>\n<p>\u201cEm outras ocasi\u00f5es, o meu irm\u00e3o Alex tocava viol\u00e3o e eu e minha m\u00e3e cant\u00e1vamos. Nas festas que ele ia, tamb\u00e9m me convidava. Chegando l\u00e1, ele falava: `Hoje eu trouxe uma cantora\u00b4. E eu pensava: um dia, ainda vou cantar num bar\u201d.<\/p>\n<p>Certa ocasi\u00e3o, na volta para casa, Angela Regina pediu para que Alex a levasse junto quando fosse se apresentar num bar. Ela queria cantar em um microfone. Esse dia chegou, foi na inaugura\u00e7\u00e3o do Bar Odara Caf\u00e9 Concerto, na 405 Sul. Era uma festa para convidados especiais, imprensa, para o pessoal da Escola de M\u00fasica&#8230;<\/p>\n<p>\u201cEu estava adorando aquele ambiente, principalmente o repert\u00f3rio, aquelas m\u00fasicas que gostava e conhecia. Pois foi nesse dia que Alex lembrou da minha vontade de cantar num microfone e resolveu me anunciar. Lembro que falei que n\u00e3o queria mais, pois morria de vergonha\u201d&#8230;<\/p>\n<p>Por\u00e9m, mais para o final da noite, Angela Regina se animou e pegou o microfone. Cantou uma m\u00fasica do italiano Lucio Dalla, apresentado pela primeira no Festival de San Remo, em 1971. No Brasil a tradu\u00e7\u00e3o e grava\u00e7\u00e3o original foi de Chico Buarque: \u201cMinha hist\u00f3ria\u201d.<\/p>\n<p style=\"text-align: center;\"><strong><em>\u201cEle vinha sem muita conversa, sem muito explicar<br \/>\nEu s\u00f3 sei que falava e cheirava e gostava de mar<br \/>\nSei que tinha tatuagem no bra\u00e7o e dourado no dente<br \/>\nE minha m\u00e3e se entregou a esse homem perdidamente,\u00a0<\/em><\/strong><\/p>\n<p style=\"text-align: center;\"><strong><em>Lai\u00e1, \u00a0lai\u00e1, lai\u00e1, lai\u00e1&#8230;.\u201d<\/em><\/strong><\/p>\n<p><strong><em>\u00a0<\/em><\/strong><strong>Bronca e convite<\/strong><\/p>\n<p>Quando Angela Regina terminou de cantar, um homem no meio dos convidados gritou para Alex:<\/p>\n<p>&#8211; Quem \u00e9 essa menina\u201d?<\/p>\n<p>Alex respondeu que era a irm\u00e3 dele.<\/p>\n<p>&#8211; Voc\u00ea n\u00e3o me falou que tinha uma irm\u00e3 cantora\u201d! \u2013 protestou.<\/p>\n<p>E concluiu:<\/p>\n<p><strong><em>\u201cMinha filha, eu quero voc\u00ea cantando aqui. Voc\u00ea tem 15 dias para me apresentar um repert\u00f3rio\u201d.<\/em><\/strong><\/p>\n<p>Era R\u00f4mulo Marinho, o dono do Bar Odara Caf\u00e9 Concerto, que estava contratando Angela Regina, publicamente. E foi assim que come\u00e7ou a carreira art\u00edstica dessa carioca-brasiliense.<\/p>\n<p><strong>Papeizinhos <\/strong><\/p>\n<p>Nessas duas semanas para apresentar o repert\u00f3rio, Angela Regina conta que foi buscar os papeizinhos que, ainda jovem, escrevia as letras das m\u00fasicas que gostava. \u201cO repert\u00f3rio estava todo ali, estava pronto\u201d, revelou.<\/p>\n<p><strong><em>\u201cFui empurrada para noite musical de Bras\u00edlia pelo meu irm\u00e3o. Bendito Alex! Meu irm\u00e3o \u00e9 meu f\u00e3! Logo eu que n\u00e3o planejei ser cantora, me tornei cantora por acaso\u201d &#8230;<\/em><\/strong><\/p>\n<p><strong>No Feiti\u00e7o Mineiro<\/strong><\/p>\n<p>Em 1998, no Feiti\u00e7o Mineiro (foto abaixo), na 306 Norte \u2013 hist\u00f3rico espa\u00e7o cultural da capital, criminosa e impunimente transformado numa farm\u00e1cia&#8230; \u2013 Angela Regina fez um show com m\u00fasicas de seus compositores favoritos: Chico Buarque, Tom Jobim e Gonzaguinha entre eles. No encerramento, ela reuniu a fam\u00edlia no palco.<\/p>\n<p><strong><em><a href=\"https:\/\/memoriadaculturaesportebsb.com.br\/wp-content\/uploads\/2024\/10\/angela9.jpg\"><img loading=\"lazy\" decoding=\"async\" class=\"alignleft wp-image-2750 size-medium\" src=\"https:\/\/memoriadaculturaesportebsb.com.br\/wp-content\/uploads\/2024\/10\/angela9-300x221.jpg\" alt=\"\" width=\"300\" height=\"221\" \/><\/a>\u201cSempre que poss\u00edvel, eu colocava a minha m\u00e3e para cantar comigo. Ela voltou a cantar depois que criou os filhos. Cantava em casa, em festas, em palcos. O Carlos, primo do Reco do Bandolim, levava mam\u00e3e para cantar com ele. Tinha o bar Salamanca. M\u00e9dicos que gostavam de cantar se reuniam l\u00e1 com ela. Tinha o Xereta, na 314 Sul, hoje \u00e9 o Fais\u00e3o Dourado; tamb\u00e9m ia no Cristal, na 415 Sul, no Cavaquinho, 307 Sul, onde eu tamb\u00e9m batia <\/em><\/strong><strong>ponto\u201d.<\/strong><\/p>\n<p><strong>\u00a0<\/strong><strong>Redutos da m\u00fasica<\/strong><\/p>\n<p>Nessa viagem pelo tempo da boa m\u00fasica, h\u00e1 mais redutos que Angela Regina frequentou e se apresentou, n\u00e3o s\u00f3 \u00e0 noite, mas em fins de semana ensolarados pelos bares e botecos de Bras\u00edlia: Flor Amorosa, Chor\u00e3o, Trem do Lago, Odara, Degraus, Bom Demais, \u201cque era o ambiente da C\u00e1ssia Eller\u201d , recorda.<\/p>\n<p><strong><em>\u201cA m\u00fasica que eu canto est\u00e1 nesse casamento que deu muito certo, cerveja, feijoada e samba. E se for num s\u00e1bado de sol, melhor&#8230;\u201d<\/em><\/strong><\/p>\n<p><strong>Em S\u00e3o Paulo<\/strong><strong><em>\u00a0 \u00a0 \u00a0 \u00a0<\/em><\/strong><\/p>\n<p><a href=\"https:\/\/memoriadaculturaesportebsb.com.br\/wp-content\/uploads\/2024\/10\/angela10.jpg\"><img loading=\"lazy\" decoding=\"async\" class=\"alignright size-medium wp-image-2751\" src=\"https:\/\/memoriadaculturaesportebsb.com.br\/wp-content\/uploads\/2024\/10\/angela10-204x300.jpg\" alt=\"\" width=\"204\" height=\"300\" srcset=\"https:\/\/memoriadaculturaesportebsb.com.br\/wp-content\/uploads\/2024\/10\/angela10-204x300.jpg 204w, https:\/\/memoriadaculturaesportebsb.com.br\/wp-content\/uploads\/2024\/10\/angela10.jpg 533w\" sizes=\"auto, (max-width: 204px) 100vw, 204px\" \/><\/a>Angela Regina ganhou destaque nacional quando se apresentou no Memorial da Am\u00e9rica Latina, em S\u00e3o Paulo, no Encontro das Cantora Negras, em 1997. Nessa ocasi\u00e3o, ela cantou \u201cVerde\u201d (Leila Pinheiro), \u201ccom uma interpreta\u00e7\u00e3o fenomenal, ela foi presenteada com exibi\u00e7\u00e3o do final da sua apresenta\u00e7\u00e3o com um link ao vivo no Fant\u00e1stico\u201d \u2013 escreveu o irm\u00e3o Alex, em seu livro de mem\u00f3rias da Fam\u00edlia Silva.<\/p>\n<p><strong>Ouvido afinado<\/strong><\/p>\n<p>Certa vez, o Arlindo, meu irm\u00e3o mais velho come\u00e7ou uma m\u00fasica no cavaquinho e eu reclamei que o acorde n\u00e3o era o que ele tocava. Sou assim, o meu ouvido sabe se o acorde est\u00e1 certo ou errado. Sou bem filha do Seu Nelson, n\u00e3o toco nenhum instrumento, mas afino muito bem\u201d.<\/p>\n<p><strong><em>\u201cN\u00e3o toco nenhum instrumento, sa\u00ed ao meu pai. <\/em><\/strong><\/p>\n<p><strong><em>Tai, nunca tinha pensado nisso&#8230;\u201d<\/em><\/strong><\/p>\n<p><strong>Comportamento<\/strong><\/p>\n<p>\u201cAs pessoas gostam de se apresentar, de cantar, mas esquecem de ouvir outro artista. Conversam muito durante as apresenta\u00e7\u00f5es, criam um ambiente de barulho. Lamentei, tamb\u00e9m, n\u00e3o encontrar os meus colegas em outros shows. Eu sempre fui aos shows no Clube do Choro. Sempre estive l\u00e1 na plateia, depois no palco, porque, antes de tudo, eu gosto \u00e9 de m\u00fasica\u201d!<\/p>\n<p><strong>Depoimento<\/strong><\/p>\n<p><a href=\"https:\/\/memoriadaculturaesportebsb.com.br\/wp-content\/uploads\/2024\/10\/angela11.jpg\"><img loading=\"lazy\" decoding=\"async\" class=\"alignleft size-medium wp-image-2752\" src=\"https:\/\/memoriadaculturaesportebsb.com.br\/wp-content\/uploads\/2024\/10\/angela11-260x300.jpg\" alt=\"\" width=\"260\" height=\"300\" srcset=\"https:\/\/memoriadaculturaesportebsb.com.br\/wp-content\/uploads\/2024\/10\/angela11-260x300.jpg 260w, https:\/\/memoriadaculturaesportebsb.com.br\/wp-content\/uploads\/2024\/10\/angela11.jpg 489w\" sizes=\"auto, (max-width: 260px) 100vw, 260px\" \/><\/a>Nessa conversa de difus\u00e3o da boa m\u00fasica e do samba, em especial, H\u00e9lio Tremendani, desportista, carnavalesco e sambista hist\u00f3rico de Bras\u00edlia \u2013 n\u00e3o necessariamente nessa ordem \u2013 lembra que o Projeto Pixinguinha foi iniciativa do Governo Federal, permitindo show com o pre\u00e7o de ingressos abaixo do de mercado, para popularizar a m\u00fasica. \u00c9 de H\u00e9lio (na foto com Angela Regina) o depoimento a seguir:<\/p>\n<p><em>\u201cO Projeto Pixinguinha come\u00e7ou em 1977 no teatro da Escola Parque e foi para o Cl\u00e1udio Coutinho, devido ao p\u00fablico, que aumentou bastante. Depois, no governo distrital de Cristovam Buarque, o projeto Temporadas populares tinha o mesmo perfil, mais voltado para artistas locais, mas sempre com um de grande nome de fora. Os ingressos eram baratos, coisa de R$6,00 e 3,00. E o cach\u00ea era muito bom, pois tinha um patroc\u00ednio forte. O projeto n\u00e3o ficava s\u00f3 no Plano Piloto, mas se apresentava em Sobradinho, Ceil\u00e2ndia, Taguatinga&#8230;\u201d<\/em><\/p>\n<p><strong>\u00a0<\/strong><strong>Duplas de destaque <\/strong><\/p>\n<p>Entre os shows do Projeto que se destacaram est\u00e3o as das duplas Paulinho da Viola e Jo\u00e3o Nogueira, Nara Le\u00e3o e Dominguinhos, Moreira da Silva e Jards Macal\u00e9 e Marlene e Gonzaguinha.<\/p>\n<p><strong><em>\u201cPara conseguir ingresso para esses shows era preciso chegar muito cedo e j\u00e1 encontrava fila enorme\u201d, recorda H\u00e9lio\u00a0 <\/em><\/strong><\/p>\n<p><strong><em>\u00a0<\/em><\/strong><strong>Temporadas populares<\/strong><\/p>\n<p>\u201cTamb\u00e9m tivemos a fase das Temporadas Populares e, em seguida, o Ver\u00e3o Funarte, sendo que numa das etapas eu participei com Z\u00e9lia Duncan\u201d, disse Angela Regina.<\/p>\n<p>Em termos locais, os Festivais do Ceub e da Aseel, na Escola Parque e os Clubes do Samba, no Teatro Galp\u00e3o tamb\u00e9m marcaram \u00e9poca e ajudaram a popularizar a MPB, enquanto Bras\u00edlia crescia, mas as oportunidades de lazer eram raras. Foi a\u00ed que a m\u00fasica encontrou espa\u00e7o privilegiado e foi ao encontro de seu p\u00fablico.<\/p>\n<p><strong>Compara\u00e7\u00f5es<\/strong><\/p>\n<p>Sobre bares, boates e botecos, H\u00e9lio Tremendani, que acompanha a evolu\u00e7\u00e3o de Bras\u00edlia em todos os seus segmentos, desde o in\u00edcio da cidade, avalia os ambientes em que Angela Regina se apresentava e os de hoje. Assim:<\/p>\n<p>\u201cOs bares eram o espa\u00e7o, o palco de Bras\u00edlia. Hoje n\u00e3o temos mais isso, mas s\u00e3o outros tempos&#8230;. Nos anos 1970, 1980, o m\u00fasico cantava num bar e em outro e ficava ali em boas temporadas. Aquilo fidelizava o p\u00fablico, que seguia os cantores. Hoje, se vai a um bar \u00e9 um cantor ou cantora que est\u00e1 se apresentando. Se volta na outra semana \u00e9 outro artista, outro tipo de m\u00fasica&#8230; Mas, claro, hoje temos outra gera\u00e7\u00e3o que forma um novo p\u00fablico, novos h\u00e1bitos\u201d&#8230;<\/p>\n<p><strong>Noite pelo dia<\/strong><\/p>\n<p>\u201cO Eix\u00e3o e os parques da cidade est\u00e3o ocupando esse espa\u00e7o que era dos bares, boates e botecos, &#8211; lembra Angela Regina, reportando-se a uma nova realidade de lazer na cidade.<\/p>\n<p>H\u00e9lio Tremendani concorda com essa observa\u00e7\u00e3o. \u201cH\u00e1 uma nova gera\u00e7\u00e3o que se identifica com a m\u00fasica em ambientes livres. O Chorinho e o Samba, principalmente, est\u00e3o nesses locais, grupos musicais tocando ao ar livre, \u00e0 sobra de grandes \u00e1rvores e o p\u00fablico em volta. E Bras\u00edlia tem essas grandes \u00e1reas livres, como o Parque da Cidade, tamb\u00e9m\u201d.<\/p>\n<figure id=\"attachment_2753\" aria-describedby=\"caption-attachment-2753\" style=\"width: 278px\" class=\"wp-caption aligncenter\"><a href=\"https:\/\/memoriadaculturaesportebsb.com.br\/wp-content\/uploads\/2024\/10\/angela12.jpg\"><img loading=\"lazy\" decoding=\"async\" class=\"size-full wp-image-2753\" src=\"https:\/\/memoriadaculturaesportebsb.com.br\/wp-content\/uploads\/2024\/10\/angela12.jpg\" alt=\"\" width=\"278\" height=\"186\" srcset=\"https:\/\/memoriadaculturaesportebsb.com.br\/wp-content\/uploads\/2024\/10\/angela12.jpg 278w, https:\/\/memoriadaculturaesportebsb.com.br\/wp-content\/uploads\/2024\/10\/angela12-110x75.jpg 110w\" sizes=\"auto, (max-width: 278px) 100vw, 278px\" \/><\/a><figcaption id=\"caption-attachment-2753\" class=\"wp-caption-text\">Na foto, o grupo Choro no Eixo, que se apresenta todos os domingos no \u201cEix\u00e3o do Lazer\u201d, tradicional espa\u00e7o de ocupa\u00e7\u00e3o p\u00fablica para lazer.<\/figcaption><\/figure>\n<p><strong><em>\u201cEssa nova gera\u00e7\u00e3o trocou a noite pelo dia. A m\u00fasica das noites brasilienses do meu tempo ganhou o dia, tamb\u00e9m\u201d,<\/em><\/strong> &#8211; <strong>refor\u00e7a, Angela Regina.<\/strong><\/p>\n<p><strong>Cor da pele<\/strong><\/p>\n<p>\u201cComo eu sou negra, negrona, sou grande, me rotulam, acham que tenho vozeir\u00e3o e determinam o tipo de repert\u00f3rio que devo cantar. Mas quando me ouvem n\u00e3o era o que esperavam, mas acabam aplaudindo\u201d.<\/p>\n<p><strong><em>\u201c\u00c9 preciso entender que a gente n\u00e3o escolhe repert\u00f3rio pela cor da pele, mas pela sensibilidade e identidade com a m\u00fasica\u201d<\/em><\/strong><\/p>\n<p><strong>Piano, baixo e bateria <\/strong><\/p>\n<p>Angela era apaixonada por LP (Long Play, como se chamavam os discos, antes da modernidade de agora). Gostava de comprar sempre que surgia uma novidade, mas era um de cada vez, devido o custo desse produto. Seu tio, Celso, tamb\u00e9m m\u00fasico, incentivava o gosto da garota e, vez por outra, a presenteava com um novo LP.<\/p>\n<p>Certa vez, Angela Regina estava na discoteca com um LP na m\u00e3o e se deliciava com o que via. Era um disco de Leila Pinheiro, cantando o repert\u00f3rio que era do seu gosto, com \u201cBesame\u201d, inclusive.<\/p>\n<p style=\"text-align: center;\"><strong><em>\u201cA orquestra j\u00e1 nos chamou<br \/>\nAbri meu cora\u00e7\u00e3o<br \/>\nTremeu o ch\u00e3o<br \/>\nEu vi que era feliz<br \/>\n\u00c0 luz de um cabar\u00e9\u201d<\/em><\/strong><\/p>\n<p style=\"text-align: center;\"><strong><em>&#8230;&#8230;<\/em><\/strong><\/p>\n<p>Por\u00e9m, era pr\u00f3ximo do fim do m\u00eas, o dinheiro estava escasso. Era preciso aguardar o pagamento para a nova compra. Havia d\u00favidas, por\u00e9m, se que aquele LP, exatamente aquele, ainda estaria dispon\u00edvel na loja algum tempo depois. Arrojada, ela n\u00e3o teve d\u00favidas: disfar\u00e7adamente, colocou o disco no meio de outros, popularescos, onde havia a esperan\u00e7a de que ningu\u00e9m o acharia ali. No alvo! M\u00eas seguinte, dinheiro na bolsa, ela voltou \u00e0 discoteca e procurou a sua preciosidade justamente onde havia deixado. E o LP que estava l\u00e1. Naquele dia, Angela Regina voltou pra casa ainda mais feliz&#8230;<\/p>\n<p><strong>Na Avenida<\/strong><\/p>\n<p>Angela Regina confessa que carrega duas escolas de samba no cora\u00e7\u00e3o. A primeira que ela pisou, a Vila Isabel, quando tinha 20 anos. \u201cSou fiel, at\u00e9 hoje\u201d, confessa. A segunda \u00e9 o Salgueiro. Meu pai era Portela, mas nunca me influenciou. Meu Tio Celso, o mesmo que comprava os discos que eu gostava, era Salgueiro, t\u00ednhamos afinidade. Ele me falava o nome do pessoal da Escola, me contava detalhes da bateria &#8230;\u201d<\/p>\n<p><strong>Enfim&#8230;<\/strong><\/p>\n<p>\u201cEu cantei em poucos lugares porque era cantora fixa: Odara, Chor\u00e3o, Amigos, Degraus, Feiti\u00e7o Mineiro&#8230; cantei muitos anos, v\u00e1rias vezes na semana na mesma casa. Depois, comecei a trabalhar fora, n\u00e3o aguentava mais a noite, era puxado! Dois turnos me cansavam e foi assim que em 1985 fui desacelerando&#8230;<\/p>\n<p><strong>\u00a0 \u00a0 \u00a0 \u00a0 \u00a0 \u00a0 \u00a0 \u00a0 \u00a0 \u00a0 \u00a0 \u00a0 \u00a0 \u00a0 \u00a0 \u00a0 \u00a0 \u00a0 \u00a0 \u00a0 \u00a0 \u00a0 \u00a0 \u00a0 \u00a0 \u00a0 \u00a0 \u00a0 \u00a0 \u00a0 \u00a0 \u00a0 \u00a0 \u00a0 \u00a0 \u00a0 \u00a0 \u00a0 \u00a0 \u00a0 \u00a0 Que pena!!!<\/strong><\/p>\n<p><strong>Muito obrigado, Angela Regina<\/strong><\/p>\n<p>Tantos anos depois fora de cena, Angela Regina guarda a mesma disposi\u00e7\u00e3o para conversar sobre m\u00fasica e sobre aqueles bons tempos de rondas de bar em bar, de boate em boate. Guarda, sobretudo, a gargalhada frequente e gostosa dessa carioca que se expressa muito bem e, melhor, cantando. \u201cVerde\u201d, uma de suas m\u00fasicas preferidas, sintetiza um pouco de Angela Regina:<\/p>\n<p><em>Quem pergunta por mim<br \/>\nJ\u00e1 deve saber<br \/>\nDo riso no fim<br \/>\nDe tanto sofrer<br \/>\nQue eu n\u00e3o desisti<br \/>\nDas minhas bandeiras<br \/>\nCaminho, trincheiras, da noite&#8230;<\/em><\/p>\n<p><a href=\"https:\/\/memoriadaculturaesportebsb.com.br\/wp-content\/uploads\/2024\/10\/angela13.jpg\"><img loading=\"lazy\" decoding=\"async\" class=\"alignleft size-medium wp-image-2754\" src=\"https:\/\/memoriadaculturaesportebsb.com.br\/wp-content\/uploads\/2024\/10\/angela13-300x229.jpg\" alt=\"\" width=\"300\" height=\"229\" srcset=\"https:\/\/memoriadaculturaesportebsb.com.br\/wp-content\/uploads\/2024\/10\/angela13-300x229.jpg 300w, https:\/\/memoriadaculturaesportebsb.com.br\/wp-content\/uploads\/2024\/10\/angela13.jpg 475w\" sizes=\"auto, (max-width: 300px) 100vw, 300px\" \/><\/a>Angela tem um belo astral e a sua gargalhada incentiva seguir perguntando&#8230;\u00a0 Ela n\u00e3o conseguiu se indignar nem com a surpresa de o rep\u00f3rter ter chegado para esta conversa uma semana antes do combinado!!! Ela apenas falou: \u201cMas n\u00e3o era na pr\u00f3xima sexta-feira\u201d?<\/p>\n<p>Angela \u00e9 assim mesmo. Largou seu compromisso e foi nos atender. N\u00e3o \u00e9 para maravilhar tanta delicadeza e aten\u00e7\u00e3o?<\/p>\n<p>&nbsp;<\/p>\n<p><strong><em>Obrigado, Angela Regina da Silva pela maravilhosa conversa de duas horas.<\/em><\/strong><\/p>\n<p>Seria demais pedir um novo encontro, dessa vez com Alex, teu irm\u00e3o, ao viol\u00e3o, para te ouvirmos mais uma vez?<\/p>\n<p>Prometemos n\u00e3o fazer perguntas e vamos chegar no dia e hor\u00e1rio combinados&#8230;<\/p>\n","protected":false},"excerpt":{"rendered":"<p>Por H\u00e9lio Tremendani e Jos\u00e9 Cruz \u201cFoi, durante muitos anos, uma das\u00a0principais vozes da noite brasiliense,\u00a0apresentando o seu canto nos melhores espa\u00e7os da cidade\u201d.\u00a0Angela Regina Silva desenvolveu o DNA musical da fam\u00edlia e marcou\u00a0\u00e9poca em memor\u00e1veis shows\u00a0\u00a0das noites de Bras\u00edlia. Angela Regina lembra nome de cantora. Faz sentido. Inclusive, porque ela teve uma fam\u00edlia intimamente &hellip;<\/p>\n","protected":false},"author":2,"featured_media":2750,"comment_status":"closed","ping_status":"closed","sticky":false,"template":"","format":"standard","meta":{"footnotes":""},"categories":[13,2,6,16,14],"tags":[],"class_list":["post-2741","post","type-post","status-publish","format-standard","has-post-thumbnail","","category-colunistas","category-cultura","category-entrevistas","category-helio-tremendani","category-jose-cruz"],"_links":{"self":[{"href":"https:\/\/memoriadaculturaesportebsb.com.br\/index.php\/wp-json\/wp\/v2\/posts\/2741","targetHints":{"allow":["GET"]}}],"collection":[{"href":"https:\/\/memoriadaculturaesportebsb.com.br\/index.php\/wp-json\/wp\/v2\/posts"}],"about":[{"href":"https:\/\/memoriadaculturaesportebsb.com.br\/index.php\/wp-json\/wp\/v2\/types\/post"}],"author":[{"embeddable":true,"href":"https:\/\/memoriadaculturaesportebsb.com.br\/index.php\/wp-json\/wp\/v2\/users\/2"}],"replies":[{"embeddable":true,"href":"https:\/\/memoriadaculturaesportebsb.com.br\/index.php\/wp-json\/wp\/v2\/comments?post=2741"}],"version-history":[{"count":7,"href":"https:\/\/memoriadaculturaesportebsb.com.br\/index.php\/wp-json\/wp\/v2\/posts\/2741\/revisions"}],"predecessor-version":[{"id":2761,"href":"https:\/\/memoriadaculturaesportebsb.com.br\/index.php\/wp-json\/wp\/v2\/posts\/2741\/revisions\/2761"}],"wp:featuredmedia":[{"embeddable":true,"href":"https:\/\/memoriadaculturaesportebsb.com.br\/index.php\/wp-json\/wp\/v2\/media\/2750"}],"wp:attachment":[{"href":"https:\/\/memoriadaculturaesportebsb.com.br\/index.php\/wp-json\/wp\/v2\/media?parent=2741"}],"wp:term":[{"taxonomy":"category","embeddable":true,"href":"https:\/\/memoriadaculturaesportebsb.com.br\/index.php\/wp-json\/wp\/v2\/categories?post=2741"},{"taxonomy":"post_tag","embeddable":true,"href":"https:\/\/memoriadaculturaesportebsb.com.br\/index.php\/wp-json\/wp\/v2\/tags?post=2741"}],"curies":[{"name":"wp","href":"https:\/\/api.w.org\/{rel}","templated":true}]}}