{"id":2725,"date":"2024-09-29T14:24:59","date_gmt":"2024-09-29T17:24:59","guid":{"rendered":"https:\/\/memoriadaculturaesportebsb.com.br\/?p=2725"},"modified":"2024-09-29T14:24:59","modified_gmt":"2024-09-29T17:24:59","slug":"memorias-de-um-craque-da-elite-do-futebol-de-salao","status":"publish","type":"post","link":"https:\/\/memoriadaculturaesportebsb.com.br\/index.php\/2024\/09\/29\/memorias-de-um-craque-da-elite-do-futebol-de-salao\/","title":{"rendered":"Mem\u00f3rias de um craque da elite do futebol de sal\u00e3o"},"content":{"rendered":"<p><em><strong>Por Mem\u00f3rias da Cultura e do Esporte de Bras\u00edlia<\/strong><\/em><\/p>\n<p><a href=\"https:\/\/memoriadaculturaesportebsb.com.br\/wp-content\/uploads\/2024\/09\/netinho1.jpg\"><img loading=\"lazy\" decoding=\"async\" class=\"alignright wp-image-2726 size-medium\" src=\"https:\/\/memoriadaculturaesportebsb.com.br\/wp-content\/uploads\/2024\/09\/netinho1-282x300.jpg\" alt=\"\" width=\"282\" height=\"300\" srcset=\"https:\/\/memoriadaculturaesportebsb.com.br\/wp-content\/uploads\/2024\/09\/netinho1-282x300.jpg 282w, https:\/\/memoriadaculturaesportebsb.com.br\/wp-content\/uploads\/2024\/09\/netinho1.jpg 507w\" sizes=\"auto, (max-width: 282px) 100vw, 282px\" \/><\/a>Era magro, mas habilidoso e \u00e1gil no esporte. E, o mais importante, fazia gols, muitos gols, jogando futebol de sal\u00e3o, modalidade que praticou desde crian\u00e7a. Foi assim que o carioca Galdino Moreira Neto (foto) conquistou espa\u00e7o nesse esporte, inicialmente em Londrina, ao norte do Paran\u00e1, onde morou dos tr\u00eas aos 17 anos, e posteriormente em Bras\u00edlia. Nas categorias de base, jogou no Col\u00e9gio Londrinense, educand\u00e1rio em que seu pai, professor Galdino Moreira Filho, foi diretor.<\/p>\n<p><strong><em>\u201cQuando eu tinha 10 anos, ia jogar futebol de sal\u00e3o com meu pai e seus amigos. Minha alegria era tocar a bola, dar um passe para eles\u201d<\/em><\/strong><\/p>\n<p>Com esse gosto e habilidade pelo esporte, esse atleta integrou sele\u00e7\u00f5es desde cedo. Com 16 anos, por exemplo, foi convocado para a equipe principal de Londrina que enfrentou o Palmeiras, num amistoso. \u201cNessa mesma \u00e9poca, ainda em Londrina, tamb\u00e9m joguei contra o Graja\u00fa T\u00eanis Clube e o Am\u00e9rica, ambos do Rio de Janeiro\u201d, recorda.<\/p>\n<p><strong>Peneira<\/strong><\/p>\n<p>Em 1966, numa viagem a Santos (SP), para visitar familiares, Netinho, ent\u00e3o com 14 anos, participou de uma \u201cpeneira\u201d com a meninada da tradicional escolinha da Vila Belmiro. \u201cFiz um gol e fui escolhido para voltar. Mas retornei pouco depois para Londrina e tudo ficou como uma boa lembran\u00e7a. At\u00e9 porque o meu neg\u00f3cio era mesmo a bola pesada, a bola colada no p\u00e9, e era isso que o futebol de sal\u00e3o me oferecia\u201d.<\/p>\n<p><strong>Em Bras\u00edlia<\/strong><\/p>\n<p>\u201cNo final de 1969, terminei o curso Cient\u00edfico e teria que decidir que caminho tomar na vida acad\u00eamica. Por sugest\u00e3o de dois primos que estavam inscritos para o vestibular da UnB, resolvi encarar esse desafio e me mandei para Bras\u00edlia. \u2018Vou l\u00e1 ver esse tro\u00e7o\u2019, pensei. Acabei sendo aprovado, aos 17 anos, e me formei em Administra\u00e7\u00e3o de Empresas com 21 anos incompletos\u201d.<\/p>\n<p>De fam\u00edlia crist\u00e3, Netinho considera que sua vinda para Bras\u00edlia foi um plano de Deus que mudou a vida de toda a fam\u00edlia. \u201cMeu pai, homem culto, professor, diretor de faculdade e pol\u00edtico, resolveu mudar de ares a sair de Londrina. Ele, minha m\u00e3e e minha irm\u00e3 vieram tamb\u00e9m para Bras\u00edlia.\u201d<\/p>\n<p><strong>Apostolado<\/strong><\/p>\n<p>Netinho credita a um plano divino porque, no mesmo ano, o pastor mission\u00e1rio norte-americano David Wilkerson esteve em Bras\u00edlia para falar sobre uma obra para recupera\u00e7\u00e3o de viciados que era desenvolvida nos Estados Unidos.<\/p>\n<p><strong><em>\u201c&#8230; Porque, se voc\u00ea n\u00e3o mudar o interior e a mente do jovem, no entendimento da verdade, n\u00e3o haver\u00e1 recupera\u00e7\u00e3o\u201d<\/em><\/strong><\/p>\n<p>\u201cEu estava presente com meus pais e irm\u00e3 numa reuni\u00e3o em que o mission\u00e1rio citou que, na viagem para o Brasil, teve uma vis\u00e3o de Deus dizendo que aqui ele encontraria \u2018um homem que iria tocar essa obra de recupera\u00e7\u00e3o de jovens viciados em Bras\u00edlia\u2019. Meu pai, ent\u00e3o, fundou o Desafio Jovem de Bras\u00edlia, tendo sido um dos pioneiros na proposta de Comunidade Terap\u00eautica no Brasil. Para exercer essa miss\u00e3o, ele abriu m\u00e3o da sua carreira acad\u00eamica, aposentou precocemente e teve uma vida dif\u00edcil no aspecto financeiro.\u201d<\/p>\n<p><strong><em>\u201cDe fato, ao lado de minha m\u00e3e, Ada, e da irm\u00e3, Elsa, meu pai levou a obra em frente. Foi a vida deles por mais de 40 anos. Os tr\u00eas j\u00e1 partiram\u201d<\/em><\/strong><\/p>\n<p><a href=\"https:\/\/memoriadaculturaesportebsb.com.br\/wp-content\/uploads\/2024\/09\/netinho22.jpg\"><img loading=\"lazy\" decoding=\"async\" class=\"alignleft size-full wp-image-2738\" src=\"https:\/\/memoriadaculturaesportebsb.com.br\/wp-content\/uploads\/2024\/09\/netinho22.jpg\" alt=\"\" width=\"191\" height=\"186\" \/><\/a>Para encarar o desafio vision\u00e1rio do pastor Wilkerson, o Professor Galdino Moreira Filho (foto) aplicou a experi\u00eancia de ter dirigido e dado aulas em faculdades, al\u00e9m da viv\u00eancia pol\u00edtica como vereador e presidente da C\u00e2mara Municipal de Londrina. Publicou mais de 30 livros sobre essa tem\u00e1tica, viajou pelo Brasil e por outros pa\u00edses difundindo a obra. Faleceu em 13 de janeiro de 2023, aos 97 anos.<\/p>\n<p><strong><em>\u201cEmbora o meu pai tenha sido vereador, eu nunca me interessei pela vida pol\u00edtica. Ouvia o pau quebrando nas sess\u00f5es da C\u00e2mara Municipal e me assustava. Ironicamente, vim encerrar minha trajet\u00f3ria profissional e aposentar numa Casa pol\u00edtica, em Bras\u00edlia\u201d<\/em><\/strong><\/p>\n<p><strong><em>\u00a0<\/em><\/strong><strong>O convite<\/strong><\/p>\n<p>Iniciando os estudos na UnB, em janeiro de 1970, Netinho foi levado por seu primo \u00c1lvaro a um treino do time de futebol de sal\u00e3o da FAUnB (Federa\u00e7\u00e3o Atl\u00e9tica da Universidade de Bras\u00edlia), na pequena quadra de cimento do campus universit\u00e1rio. O t\u00e9cnico era o professor Cleber Soares do Amaral, que preparava a equipe para os Jogos Universit\u00e1rios Brasileiros (JUBs) em Bras\u00edlia, no m\u00eas de julho daquele ano.<\/p>\n<p>\u201cO grupo para os JUBs j\u00e1 est\u00e1 fechado, se voc\u00ea agradar, ele (o t\u00e9cnico) dever\u00e1 te chamar ap\u00f3s os jogos\u201d, alertou o primo \u00c1lvaro.<\/p>\n<p>Netinho fez \u00f3timos treinos, chamando a aten\u00e7\u00e3o dos demais companheiros de equipe. Agradou tanto que o t\u00e9cnico o convocou para os Jogos Universit\u00e1rios e, lamentavelmente, o primo \u00c1lvaro ficou de fora da delega\u00e7\u00e3o. \u201cEu n\u00e3o era titular, mas, mesmo muito novo, era das primeiras op\u00e7\u00f5es de mexida nos jogos. O time tinha os excelentes Axel e Guairac\u00e1\u201d, lembra Netinho.<\/p>\n<p><a href=\"https:\/\/memoriadaculturaesportebsb.com.br\/wp-content\/uploads\/2024\/09\/netinho3.jpg\"><img loading=\"lazy\" decoding=\"async\" class=\"aligncenter wp-image-2728 size-full\" src=\"https:\/\/memoriadaculturaesportebsb.com.br\/wp-content\/uploads\/2024\/09\/netinho3.jpg\" alt=\"\" width=\"567\" height=\"384\" srcset=\"https:\/\/memoriadaculturaesportebsb.com.br\/wp-content\/uploads\/2024\/09\/netinho3.jpg 567w, https:\/\/memoriadaculturaesportebsb.com.br\/wp-content\/uploads\/2024\/09\/netinho3-300x203.jpg 300w, https:\/\/memoriadaculturaesportebsb.com.br\/wp-content\/uploads\/2024\/09\/netinho3-110x75.jpg 110w\" sizes=\"auto, (max-width: 567px) 100vw, 567px\" \/><\/a><\/p>\n<p><strong>Jogos Universit\u00e1rios Brasileiros, Bras\u00edlia, 1970 \u2013 Gin\u00e1sio do Caseb<\/strong><\/p>\n<p><strong>Em p\u00e9: <\/strong><em>Jo\u00e3o Paulo (Diretor), Alcides, Z\u00e9 Carlos, Paulinho, Herm\u00ednio, Walmir, <\/em><em>Axel e Cl\u00e9ber do Amaral (T\u00e9cnico)<\/em><\/p>\n<p><strong>Agachados<\/strong>: <em>Neto, Padre Neco (Massagista), S\u00e1 J\u00fanior, <\/em><em>Guilherme, Bragmar\u00a0e\u00a0Ribamar<\/em><\/p>\n<p><strong>Gin\u00e1sio do Caseb<\/strong><\/p>\n<p>Os Jogos Universit\u00e1rios de 1970 foram disputados no gin\u00e1sio do Caseb, pequeno, com capacidade para 500 pessoas, no m\u00e1ximo, mas sempre lotado. A equipe de S\u00e3o Paulo sagrou-se campe\u00e3 da modalidade.<\/p>\n<p>O Caseb (Centro de Administra\u00e7\u00e3o do Ensino Fundamental de Bras\u00edlia) foi a primeira escola do Distrito Federal, inaugurada em 19 de maio de 1960. Nele estudaram alunos que se tornaram famosos no cen\u00e1rio nacional, como o cantor e compositor Renato Russo e o jornalista esportivo Galv\u00e3o Bueno, tamb\u00e9m atleta de basquete naquela quadra.<\/p>\n<p><a href=\"https:\/\/memoriadaculturaesportebsb.com.br\/wp-content\/uploads\/2024\/09\/netinho4.jpg\"><img loading=\"lazy\" decoding=\"async\" class=\"alignleft size-medium wp-image-2729\" src=\"https:\/\/memoriadaculturaesportebsb.com.br\/wp-content\/uploads\/2024\/09\/netinho4-185x300.jpg\" alt=\"\" width=\"185\" height=\"300\" srcset=\"https:\/\/memoriadaculturaesportebsb.com.br\/wp-content\/uploads\/2024\/09\/netinho4-185x300.jpg 185w, https:\/\/memoriadaculturaesportebsb.com.br\/wp-content\/uploads\/2024\/09\/netinho4.jpg 516w\" sizes=\"auto, (max-width: 185px) 100vw, 185px\" \/><\/a>A medalhista de ouro panamericana de basquete, Magic Paula, tamb\u00e9m treinava na quadra do Caseb, quando morou em Bras\u00edlia, ocupando o cargo de Secret\u00e1ria Geral do Minist\u00e9rio do Esporte, nos anos de 2003\/2004. At\u00e9 hoje essa escola \u00e9 um s\u00edmbolo da educa\u00e7\u00e3o e refer\u00eancia no ensino p\u00fablico de Bras\u00edlia.<\/p>\n<p><em>&#8220;<\/em>O Gin\u00e1sio do Caseb me traz \u00f3timas recorda\u00e7\u00f5es. No in\u00edcio dos anos 1970, joguei nele in\u00fameras vezes: Jogos Universit\u00e1rios Brasileiros; Ta\u00e7a Brasil de Sele\u00e7\u00f5es e v\u00e1rios campeonatos de salonismo da cidade. O tamanho menor da quadra me favorecia: al\u00e9m do entendimento t\u00e1tico, voc\u00ea tinha que pensar r\u00e1pido, tomar a decis\u00e3o correta e `executar\u00b4 o goleiro&#8230;\u201d\u00a0 (risos)<\/p>\n<p><strong><em>Em recente visita, Netinho retornou ao Gin\u00e1sio do Caseb (foto), onde muito jogou, h\u00e1 mais de 50 anos. Lembran\u00e7as e saudades&#8230;<\/em><\/strong><\/p>\n<p><strong>\u00a0<\/strong><strong>T\u00edtulos conquistados<\/strong><\/p>\n<p>Depois dos JUBs, Netinho come\u00e7ou, de fato, a participar dos campeonatos de salonismo de Bras\u00edlia e de outras competi\u00e7\u00f5es interestaduais e nacionais. E nessa trajet\u00f3ria, Netinho tem muitos t\u00edtulos para lembrar. Tantos que, em sua casa, reservou um generoso espa\u00e7o para expor os seus trof\u00e9us, entre eles medalhas, fotografias e reportagens sobre times, jogos, gols e cita\u00e7\u00f5es na imprensa, sempre no futebol de sal\u00e3o.<\/p>\n<p>Pelo Minas Bras\u00edlia T\u00eanis Clube, Netinho ganhou os campeonatos de Bras\u00edlia de 1972, 1974 e 1976. Em 1973 jogou pelo Clube N\u00e1utico, e tamb\u00e9m foi o primeiro do p\u00f3dio. Jogando pelo Iate Clube de Bras\u00edlia, colecionou um tricampeonato, 1977, 1978 e 1979, tendo como t\u00e9cnico o saudoso Professor Luiz Alberto de Oliveira, que tamb\u00e9m era especialista em atletismo e levou o brasiliense Joaquim Cruz \u00e0 conquista da medalha de ouro ol\u00edmpica, nos Jogos de Los Angeles, 1980.<\/p>\n<p>\u201cLuiz Alberto (morto em 30 de junho de 2021) foi um excelente t\u00e9cnico. N\u00f3s trein\u00e1vamos \u00e0 noite, no Iate Clube. Enquanto est\u00e1vamos na quadra, Joaquim Cruz fazia o seu treino na arquibancada, subindo e descendo degraus&#8230;\u201d<\/p>\n<p>Em 1972, nos JUBs de Fortaleza, Netinho foi o destaque e artilheiro do time, sendo indicado para a Sele\u00e7\u00e3o da competi\u00e7\u00e3o, ao lado de Edilberto (MT), C\u00e9sar (MG), Galego (RJ) e Gabriel (GO).<\/p>\n<p><strong><em>\u201cFoi uma \u00e9poca \u00e1urea da minha carreira. No final do ano de 1972, recebi o Trof\u00e9u Imprensa como o destaque do salonismo da cidade\u201d<\/em><\/strong><\/p>\n<p><a href=\"https:\/\/memoriadaculturaesportebsb.com.br\/wp-content\/uploads\/2024\/09\/netinho5.jpg\"><img loading=\"lazy\" decoding=\"async\" class=\"aligncenter wp-image-2730 size-full\" src=\"https:\/\/memoriadaculturaesportebsb.com.br\/wp-content\/uploads\/2024\/09\/netinho5.jpg\" alt=\"\" width=\"394\" height=\"285\" srcset=\"https:\/\/memoriadaculturaesportebsb.com.br\/wp-content\/uploads\/2024\/09\/netinho5.jpg 394w, https:\/\/memoriadaculturaesportebsb.com.br\/wp-content\/uploads\/2024\/09\/netinho5-300x217.jpg 300w\" sizes=\"auto, (max-width: 394px) 100vw, 394px\" \/><\/a><\/p>\n<p><strong>Jogos Universit\u00e1rios Brasileiros &#8211; Fortaleza \/1972<\/strong><\/p>\n<p><strong><em>Em p\u00e9: <\/em><\/strong><em>Guilherme, Chamas, Sizenando, Sugai, Heitor, <\/em><\/p>\n<p><em>Valdecir e Eiladir (Supervisor)<\/em><\/p>\n<p><strong><em>Agachados: <\/em><\/strong><em>Padre Neco (Massagista), Washington, <\/em><\/p>\n<p><em>Herm\u00ednio, Bragmar, Guairac\u00e1, Neto e Tarso<\/em><\/p>\n<p><strong>Ta\u00e7a Brasil<\/strong><\/p>\n<p>\u201cA Ta\u00e7a Brasil de Sele\u00e7\u00f5es, em 1973, tamb\u00e9m foi marcante. A Sele\u00e7\u00e3o de Bras\u00edlia era fort\u00edssima, mesclando a velha gera\u00e7\u00e3o com os que vieram depois. Empatamos com a sele\u00e7\u00e3o mineira em Belo Horizonte, e est\u00e1vamos vencendo o jogo de volta no gin\u00e1sio do Caseb, mas tomamos a virada nos minutos finais. Foi frustrante\u201d, lembra Netinho.<\/p>\n<p><a href=\"https:\/\/memoriadaculturaesportebsb.com.br\/wp-content\/uploads\/2024\/09\/netinho6.jpg\"><img loading=\"lazy\" decoding=\"async\" class=\"aligncenter wp-image-2731 size-full\" src=\"https:\/\/memoriadaculturaesportebsb.com.br\/wp-content\/uploads\/2024\/09\/netinho6.jpg\" alt=\"\" width=\"969\" height=\"562\" srcset=\"https:\/\/memoriadaculturaesportebsb.com.br\/wp-content\/uploads\/2024\/09\/netinho6.jpg 969w, https:\/\/memoriadaculturaesportebsb.com.br\/wp-content\/uploads\/2024\/09\/netinho6-300x174.jpg 300w, https:\/\/memoriadaculturaesportebsb.com.br\/wp-content\/uploads\/2024\/09\/netinho6-768x445.jpg 768w\" sizes=\"auto, (max-width: 969px) 100vw, 969px\" \/><\/a><\/p>\n<p><strong>Sele\u00e7\u00e3o Brasiliense &#8211; 1973<\/strong><\/p>\n<p><strong>Em p\u00e9<em>:<\/em><\/strong><em> Lula, Axel, Ot\u00e1vio, Luiz Henrique, Heitor, Tarso, Erivan, Tito, C\u00e1ssio P\u00f3lli (Preparador F\u00edsico) e Wagner Tolentino\u00a0(T\u00e9cnico)<\/em><\/p>\n<p><strong>Agachados: <\/strong><em>Padre Neco (Massagista), Guairac\u00e1, Netinho, Herm\u00ednio, Bragmar, Arnaldinho\u00a0\u00a0e\u00a0Walmir<\/em><\/p>\n<p><strong><a href=\"https:\/\/memoriadaculturaesportebsb.com.br\/wp-content\/uploads\/2024\/09\/netinho7.jpg\"><img loading=\"lazy\" decoding=\"async\" class=\"aligncenter size-full wp-image-2732\" src=\"https:\/\/memoriadaculturaesportebsb.com.br\/wp-content\/uploads\/2024\/09\/netinho7.jpg\" alt=\"\" width=\"851\" height=\"655\" srcset=\"https:\/\/memoriadaculturaesportebsb.com.br\/wp-content\/uploads\/2024\/09\/netinho7.jpg 851w, https:\/\/memoriadaculturaesportebsb.com.br\/wp-content\/uploads\/2024\/09\/netinho7-300x231.jpg 300w, https:\/\/memoriadaculturaesportebsb.com.br\/wp-content\/uploads\/2024\/09\/netinho7-768x591.jpg 768w\" sizes=\"auto, (max-width: 851px) 100vw, 851px\" \/><\/a>\u00a0 \u00a0 \u00a0 \u00a0 \u00a0 \u00a0\u00a0<\/strong><\/p>\n<p><strong>Minas Bras\u00edlia T\u00eanis Clube \u2013 Campe\u00e3o Brasiliense \u2013 1974<\/strong><\/p>\n<p><strong>\u00a0<\/strong><strong>Em p\u00e9: <\/strong><\/p>\n<p><em>Cleber Soares (T\u00e9cnico), Valdecir, Walmir, Ot\u00e1vio, Bigode, Lula e Waltinho;<\/em><\/p>\n<p><strong>Agachados: <\/strong><\/p>\n<p><em>Axel, Guilherme, Chamas, Guairac\u00e1,\u00a0Tito\u00a0e\u00a0Netinho<\/em><\/p>\n<p><strong> <a href=\"https:\/\/memoriadaculturaesportebsb.com.br\/wp-content\/uploads\/2024\/09\/netinho8.jpg\"><img loading=\"lazy\" decoding=\"async\" class=\"aligncenter size-full wp-image-2733\" src=\"https:\/\/memoriadaculturaesportebsb.com.br\/wp-content\/uploads\/2024\/09\/netinho8.jpg\" alt=\"\" width=\"567\" height=\"334\" srcset=\"https:\/\/memoriadaculturaesportebsb.com.br\/wp-content\/uploads\/2024\/09\/netinho8.jpg 567w, https:\/\/memoriadaculturaesportebsb.com.br\/wp-content\/uploads\/2024\/09\/netinho8-300x177.jpg 300w\" sizes=\"auto, (max-width: 567px) 100vw, 567px\" \/><\/a><\/strong><\/p>\n<p><strong>\u00a0<\/strong><strong>Iate Clube de Bras\u00edlia \u2013 Tricampe\u00e3o Brasiliense &#8211; 1979<\/strong><\/p>\n<p><strong>Em p\u00e9: <\/strong><em>Luiz Alberto (T\u00e9cnico), Siracusa, Z\u00e9 Carlos, Hugo, Guairac\u00e1, Jo\u00e3o e Renato Attuch (Diretor)<\/em><\/p>\n<p><strong>Agachados<\/strong><em>: Ilion, Scafuto, Netinho, Heitor, Alem\u00e3o\u00a0e\u00a0Fernando<\/em><\/p>\n<p><strong>\u00a0<\/strong><strong>O tetra escapou <\/strong><\/p>\n<p>Em 1980, Netinho estava no time do Iate Clube que jogava pelo tetracampeonato da cidade. A final foi contra o Minas Bras\u00edlia T\u00eanis Clube. Houve empate no primeiro jogo, 1&#215;1. A partida decisiva foi no gin\u00e1sio do Minas Bras\u00edlia. Foi um jogo de tirar o f\u00f4lego, arquibancada lotada, segundo Netinho, que fez os dois gols do Iate em novo empate, dessa vez por 2&#215;2.<\/p>\n<p>Os dois times eram muito fortes e equilibrados. \u00a0A decis\u00e3o foi para os p\u00eanaltis e, naquela \u00e9poca, os jogadores n\u00e3o se alternavam nos chutes; um s\u00f3 era escolhido e respons\u00e1vel por todas as cobran\u00e7as.<\/p>\n<p>\u201cHeitor foi o nosso escolhido; pelo Minas bateu Valdemir. Perdemos o tetracampeonato nos p\u00eanaltis\u201d, lamenta, ainda hoje. H\u00e9lio Tremendani, desportista pioneiro de Bras\u00edlia, que participa desta entrevista, e naquele jogo foi o delegado indicado pela Federa\u00e7\u00e3o de Futebol de Sal\u00e3o.<\/p>\n<p><strong>Desacelerando<\/strong><\/p>\n<p>Em 1981, marcando sua despedida das grandes competi\u00e7\u00f5es, Netinho participou do Campeonato Brasileiro de Sele\u00e7\u00f5es, disputado em Bras\u00edlia, no gin\u00e1sio do Minas.<\/p>\n<p>O saudoso Heitor era o treinador da equipe brasiliense e \u201cera duro garantir vaga no time titular\u201d, tamanha a qualidade do elenco, segundo Netinho.<\/p>\n<p>Ap\u00f3s sequ\u00eancia pesada de treinamentos, o time que iniciou aquele Brasileiro foi formado por Fitinha; Maurinho e Zunga; Netinho e Augusto, na frente. Depois dessa competi\u00e7\u00e3o, Netinho desacelerou nos jogos oficiais e, mais um ano de quadra, encerrou a carreira como atleta federado.<\/p>\n<p><a href=\"https:\/\/memoriadaculturaesportebsb.com.br\/wp-content\/uploads\/2024\/09\/netinho9.jpg\"><img loading=\"lazy\" decoding=\"async\" class=\"aligncenter size-full wp-image-2734\" src=\"https:\/\/memoriadaculturaesportebsb.com.br\/wp-content\/uploads\/2024\/09\/netinho9.jpg\" alt=\"\" width=\"711\" height=\"440\" srcset=\"https:\/\/memoriadaculturaesportebsb.com.br\/wp-content\/uploads\/2024\/09\/netinho9.jpg 711w, https:\/\/memoriadaculturaesportebsb.com.br\/wp-content\/uploads\/2024\/09\/netinho9-300x186.jpg 300w\" sizes=\"auto, (max-width: 711px) 100vw, 711px\" \/><\/a><\/p>\n<p><strong>Em p\u00e9: <\/strong><em>Massagista, Dirceu, Fitinha, Zunga, Joel, Galdino, Siracusa, Heitor (T\u00e9cnico) e C\u00e1ssio P\u00f3lli (Preparador F\u00edsico)<\/em><\/p>\n<p><strong>\u00a0A<\/strong><strong>gachados<\/strong>: <em>Roupeiro, Augusto, Netinho, Marc\u00e3o, Zequinha, Maurinho e Maring\u00e1<\/em><\/p>\n<p><strong>Imprensa<\/strong><\/p>\n<p>Depois dessa fase, Netinho foi para o futebol so\u00e7aite, que pratica at\u00e9 hoje, aos 71 anos. Por\u00e9m, ficaram boas lembran\u00e7as daqueles tempos&#8230;<\/p>\n<p>\u201cFoi muito marcante a fase do futebol de sal\u00e3o, principalmente porque havia grande cobertura da imprensa\u201d, diz Netinho, recordando os jornalistas que participavam das jornadas, entre eles: \u201cVanderlei Moreira Mattos, Nilson Nelson, Irlan Rocha Lima, Jos\u00e9 Natal. S\u00f3 feras.\u201d<\/p>\n<p><strong>Carreira Profissional<\/strong><\/p>\n<p>Netinho entrou como estudante na UnB e, em 1973, formou-se em Administra\u00e7\u00e3o de Empresa, depois de quatro anos de estudo. Por\u00e9m, seu v\u00ednculo com a Universidade continuou por mais 18 anos, como servidor, ocupando o cargo de Analista de Sistemas e M\u00e9todos, no Centro de Processamento de Dados e na Assessoria de Planejamento da Reitoria.<\/p>\n<p>Em 1987, ele fez p\u00f3s-gradua\u00e7\u00e3o em Administra\u00e7\u00e3o Universit\u00e1ria, sendo a etapa te\u00f3rica realizada na Universidade Estadual do Cear\u00e1 e a pr\u00e1tica, em universidades canadenses. \u201cFoi uma experi\u00eancia gratificante e enriquecedora\u201d, revela Netinho, que na vida profissional sempre foi chamado pelo primeiro nome: Galdino.<\/p>\n<p><strong><em>\u201cForam 22 anos de v\u00ednculo com a UnB, como aluno, atleta e servidor. Guardo carinho especial muito grande por essa Universidade\u201d<\/em><\/strong><\/p>\n<p>O tempo passou. Em 1992, Netinho prestou concurso para a rec\u00e9m-criada C\u00e2mara Legislativa do Distrito Federal.<\/p>\n<p>\u201cFora o vestibular, foi o primeiro e \u00fanico concurso de que participei na vida. Apesar de descrente, parti para a primeira prova, eliminat\u00f3ria, que englobava portugu\u00eas e temas espec\u00edficos de administra\u00e7\u00e3o. Para minha surpresa, sa\u00ed bem classificado e percebi que a coisa n\u00e3o era t\u00e3o feia quanto parecia. A partir de ent\u00e3o, sempre met\u00f3dico, tracei uma estrat\u00e9gia de estudo e a segui com muita disciplina. Foi sacrificante porque eu trabalhava na UnB e j\u00e1 tinha duas filhas novinhas\u201d, revela.<\/p>\n<p>Aos poucos, ele foi eliminando as etapas e terminou aprovado em primeiro lugar para o cargo de Consultor T\u00e9cnico-Legislativo \/ Administrador.<\/p>\n<p><strong><em>\u201cNesse cargo, trabalhei por 17 anos. Mas nunca me envolvi com pol\u00edticos ou partidos. Era eminentemente t\u00e9cnico. Exerci fun\u00e7\u00f5es de dire\u00e7\u00e3o na estrutura da Casa. Tendo forma\u00e7\u00e3o em Planejamento, Sistemas e M\u00e9todos, deixei na Casa algumas obras de minha autoria, relacionadas \u00e0 organiza\u00e7\u00e3o e sistematiza\u00e7\u00e3o dos processos sob minha gest\u00e3o.\u00a0 Me aposentei em 2010\u201d<\/em><\/strong><\/p>\n<p><strong>Axel e Guairac\u00e1<\/strong><\/p>\n<p>Netinho diz que teve \u201co privil\u00e9gio\u201d de atuar no time da FAUnB em que jogavam Waltinho, Axel, Arnaldo, Ot\u00e1vio e Guairac\u00e1, al\u00e9m de outros craques, considerado, ainda hoje, a elite do futebol de sal\u00e3o daqueles anos. Arnaldo precisou sair para assumir a dire\u00e7\u00e3o da Gr\u00e1fica do Senado. Netinho entrou e, hoje, afirma: \u201cTive a honra de jogar com Axel e Guairac\u00e1, para mim, os melhores\u201d.<\/p>\n<p>\u201cGuairac\u00e1 foi o melhor parceiro com quem joguei. A minha camisa era a de n\u00famero 8 e Guairac\u00e1 vestia a 9. Foi assim que ele inventou a dupla 89. Ele dizia que \u2018faz\u00edamos tabelinhas incr\u00edveis em pequeno espa\u00e7o da quadra\u2019. \u00c9 um irm\u00e3o que fiz no esporte, h\u00e1 mais de 50 anos, e at\u00e9 hoje nos falamos com frequ\u00eancia. Axel era um fen\u00f4meno, eleg\u00e2ncia em quadra e passes longos de letra que nunca vi nada parecido. Daquela gera\u00e7\u00e3o dos anos 1970, destaco, tamb\u00e9m, Ot\u00e1vio, Walmir e Tito como fora da curva. Tive a honra de jogar com esses caras na FAUnB, na Sele\u00e7\u00e3o de Bras\u00edlia, no Iate e no Minas. Bras\u00edlia sempre teve grandes nomes no futebol de sal\u00e3o, ficando dif\u00edcil elencar todos. Mais para o final da d\u00e9cada, posso citar Maurinho, Dirceu e Maring\u00e1 como destaques.\u201d<\/p>\n<p><strong>\u00a0<\/strong><strong>A fam\u00edlia<\/strong><\/p>\n<p>Ao longo da conversa, Netinho valoriza, sempre que oportuno, o ambiente familiar, quer quando morava com os pais ou j\u00e1 casado com Beatriz, da qual ele havia sido chefe, na \u00e9poca em que trabalhavam na UnB.<\/p>\n<p>Beatriz e Netinho est\u00e3o na contagem regressiva para as suas Bodas de Ouro, em 2028. Vida longa ao casal!<\/p>\n<p>\u201cMinha rela\u00e7\u00e3o com o futebol de sal\u00e3o era t\u00e3o s\u00e9ria que esta vale a pena contar: casei no dia 9 de setembro de 1978, ano em que o Iate disputava o bicampeonato de Bras\u00edlia. A tabela pr\u00e9via marcava um jogo importante exatamente naquele dia, \u00e0s 19h. Ainda pensei em negociar minha ida ao jogo, mas vi que seria uma insanidade da minha parte. A sa\u00edda foi remarcar a igreja para \u00e0s 21h, de forma que meus colegas pudessem comparecer ap\u00f3s o jogo.\u201d (risos)<\/p>\n<p>Dessa uni\u00e3o, nasceram quatro mulheres. \u201cQue maravilha!\u201d, exclama Netinho. S\u00e3o elas: Alessandra, jornalista de televis\u00e3o, atualmente na TV Justi\u00e7a no STF;\u00a0 Marcela, tamb\u00e9m jornalista e concursada do Tribunal de Justi\u00e7a do Distrito Federal e Territ\u00f3rios (TJDFT), Maria Fernanda, advogada e tamb\u00e9m concursada do TJDFT, e Rafaela, advogada com escrit\u00f3rio no Rio de Janeiro. Todas bem-sucedidas e encaminhadas na vida. Motivo de gratid\u00e3o a Deus e sentimento de miss\u00e3o cumprida.\u201d<\/p>\n<p><a href=\"https:\/\/memoriadaculturaesportebsb.com.br\/wp-content\/uploads\/2024\/09\/netinho10.jpg\"><img loading=\"lazy\" decoding=\"async\" class=\"aligncenter size-full wp-image-2735\" src=\"https:\/\/memoriadaculturaesportebsb.com.br\/wp-content\/uploads\/2024\/09\/netinho10.jpg\" alt=\"\" width=\"367\" height=\"217\" srcset=\"https:\/\/memoriadaculturaesportebsb.com.br\/wp-content\/uploads\/2024\/09\/netinho10.jpg 367w, https:\/\/memoriadaculturaesportebsb.com.br\/wp-content\/uploads\/2024\/09\/netinho10-300x177.jpg 300w\" sizes=\"auto, (max-width: 367px) 100vw, 367px\" \/><\/a><\/p>\n<p>\u201cOutra emo\u00e7\u00e3o sem precedentes foi o casamento conjunto das duas filhas mais velhas, em dezembro de 2003. Entrei primeiro com a Alessandra, e em seguida com a Marcela. A celebra\u00e7\u00e3o foi ministrada por meu pai, av\u00f4 das noivas. Cerim\u00f4nia lind\u00edssima que me marcou para sempre. Mais ainda porque foi realizada na mesma igreja em que eu e Beatriz hav\u00edamos casado 25 anos antes.\u201d<\/p>\n<p>E vieram os netos: Luiz Eduardo, o primeiro, hoje com 22 anos, morando nos Estados Unidos. Por maior que tenha sido o esfor\u00e7o e a tentativa de influ\u00eancia do av\u00f4 para aderir \u00e0 torcida Tricolor do Rio de Janeiro, Luiz Eduardo resistiu e seguiu a op\u00e7\u00e3o do pai, vasca\u00edno. Sua irm\u00e3, Laura, tamb\u00e9m aderiu ao Vasco. Os demais seguiram a op\u00e7\u00e3o do av\u00f4. \u201cDemocracia sob press\u00e3o em fam\u00edlia!\u201d (risos)<\/p>\n<p>Pela ordem, estes s\u00e3o os netos e netas: Luiz Eduardo, 22; Laura e Helena, ambas com 16 anos; Luiza, com cinco; Tom\u00e1s e Pedro, com tr\u00eas e, por \u00faltimo, Camila, com um aninho.<\/p>\n<blockquote><p><strong><em>\u201c\u00c9 um prazer muito grande estar com a fam\u00edlia, n\u00e3o consigo me desvincular. Eu e Beatriz somos muito caseiros e a turminha sempre est\u00e1 alegrando a casa. Curto mais as viagens quando todos podem ir: foram marcantes as comemora\u00e7\u00f5es dos meus 60 anos, em Nova Iorque, e dos 70, em Buenos Aires. \u00a0Agora, est\u00e3o na expectativa de definir para onde ser\u00e1 a viagem dos 80. Espero que demore bastante&#8230; (risos). O certo \u00e9 que, se uma s\u00f3 filha, neta ou neto n\u00e3o puder ir, a\u00ed a viagem n\u00e3o sai.\u201d<\/em><\/strong><\/p><\/blockquote>\n<p>\u00c9 um apego afetivo t\u00e3o grande, que Netinho gravou no peito, pr\u00f3ximo ao ombro esquerdo, uma arte \u201ceternizando\u201d a paix\u00e3o pela fam\u00edlia, com as iniciais dos nomes da esposa, das filhas e dos netos e netas. \u201cEles s\u00e3o a raz\u00e3o da minha vida terrena\u201d, diz, emocionado. \u201cValores crist\u00e3os e de fam\u00edlia, para mim s\u00e3o inegoci\u00e1veis.\u201d<\/p>\n<p><strong>Mudan\u00e7a radical<\/strong><\/p>\n<p>Depois que o futebol de sal\u00e3o se tornou futsal e, sob o dom\u00ednio da Fifa Futebol de Cinco, Netinho n\u00e3o consegue ver nem cinco minutos de bola rolando.<\/p>\n<p>A mudan\u00e7a das regras contribuiu para isso, como o gol que pode ser feito de dentro da \u00e1rea, disputando a bola com o goleiro, facilitando que surjam mais gols; ou porque a quadra ficou maior e o jogo mais corrido e \u201cat\u00e9 o t\u00eanis \u00e9 esquisito\u201d. Sobre o jogo de hoje, Netinho complementa:<\/p>\n<p><strong><em>&#8220;O atual futsal \u00e9 outro jogo: quadra enorme, bola mais leve, gol de dentro da \u00e1rea, goleiro jogando na linha&#8230; Prevalece o condicionamento f\u00edsico. N\u00e3o assisto,\u00a0n\u00e3o\u00a0me\u00a0atrai&#8221;<\/em><\/strong><\/p>\n<p>Netinho faz essas observa\u00e7\u00f5es lembrando que, em n\u00edvel nacional, jogou contra grandes nomes l\u00e1 atr\u00e1s e viu surgir nova safra de jogadores desse esporte em tr\u00eas gera\u00e7\u00f5es: Jackson, que come\u00e7ou garoto e \u201cera um fen\u00f4meno\u201d. Depois, Manoel Tobias e, por \u00faltimo, Falc\u00e3o, j\u00e1 no futsal, que impressionava pela excepcional habilidade. \u201cMas penso que Falc\u00e3o, no velho futebol de sal\u00e3o, teria dificuldade para executar todo aquele malabarismo com a bola.\u201d<\/p>\n<p><strong>Depoimento <\/strong><\/p>\n<p>H\u00e9lio Tremendani, que acompanha esse esporte desde garoto, tendo sido, inclusive, membro da Federa\u00e7\u00e3o Brasiliense de Futebol de Sal\u00e3o at\u00e9 2022, lembrou que a modalidade ganhou a m\u00eddia televisiva porque teve um marketing poderoso.<\/p>\n<p>\u201cA Globo queria colocar o futsal na grade de programa\u00e7\u00e3o. Para isso, precisava de estrelas e trabalhou em cima do Falc\u00e3o, que era o alvo a ser marcado e se tornou \u00eddolo da modalidade. Na \u00e9poca do Netinho, o futebol de sal\u00e3o era um jogo mais pensado, como o xadrez, n\u00e3o tinha essa de poder disputar a bola com o goleiro e, por isso, os placares dos jogos eram menores. Al\u00e9m disso, tem a quadra, que cresceu muito e mais se assemelha a um futebol so\u00e7aite em gin\u00e1sio&#8230;\u201d<\/p>\n<p><strong>Est\u00e1dios<\/strong><\/p>\n<p>\u201cJoguei no Mineirinho lotado e em outros \u00f3timos gin\u00e1sios pelo pa\u00eds afora, como o Paulo Sarasate, em Fortaleza, onde disputei os JUBs de 1972. E tenho orgulho de ter participado da inaugura\u00e7\u00e3o do Gin\u00e1sio Nilson Nelson, em Bras\u00edlia, num torneio internacional, em maio de 1973. O Minas Bras\u00edlia era o representante da cidade. Naquele ano eu jogava no Clube N\u00e1utico e estava assistindo aos embates, quando surgiu a not\u00edcia de que a Sele\u00e7\u00e3o do Uruguai havia cancelado a vinda. Qual a sa\u00edda? Pegamos os atletas que estavam nas arquibancadas, todos da sele\u00e7\u00e3o de Bras\u00edlia, e formamos um combinado ali na hora para enfrentar o poderoso Palmeiras. O progn\u00f3stico era dos piores&#8230; Perdemos de 5 x 2, que foi um bom resultado para n\u00f3s. E eu anotei os dois gols. Foi marcante.\u201d<\/p>\n<p><strong>Um esporte s\u00f3<\/strong><\/p>\n<p>O futebol de sal\u00e3o fez parte da vida de Netinho, dos 10 aos 32 anos. \u201cNunca me empolguei com o futebol de campo. Al\u00e9m da peneira de que participei na Vila Belmiro, fiz poucos amistosos pelo CEUB, ainda amador, e disputei alguns campeonatos internos do Iate e do Minas Bras\u00edlia. Mas a paix\u00e3o era mesmo\u00a0pelo\u00a0sal\u00e3o, n\u00e3o me sentia confort\u00e1vel usando chuteiras.&#8221;<\/p>\n<p><strong>Hospital e cirurgia<\/strong><\/p>\n<p>\u201cEm junho de 2020, peguei Covid. Senti um calafrio, esquisito e fui para o hospital, por insist\u00eancia das filhas, onde passei a noite fazendo exames. Para complicar, tamb\u00e9m testei positivo para dengue. Fiquei dez dias internado, sozinho no quarto, pois n\u00e3o podia receber visita. As noites eram terr\u00edveis, in\u00edcio da pandemia, muita incerteza acerca da doen\u00e7a, e eu sem saber se retornaria para casa. Muita ora\u00e7\u00e3o e Deus me deu o livramento\u201d.<\/p>\n<p>\u201cAo longo da minha vida, principalmente de atleta, s\u00f3 passei por um problema cr\u00f4nico de sa\u00fade: coluna lombar. Ao caminhar dist\u00e2ncias m\u00e9dias, sentia um formigamento e fraqueza nas pernas que me obrigavam a sentar, recuperar e prosseguir a caminhada. Isso perdurou por cerca de 30 anos, mas nunca abri m\u00e3o das atividades f\u00edsicas e peladas. Consultei alguns dos maiores especialistas do pa\u00eds, dentre os quais os renomados Campos da Paz e L\u00eddio Toledo\u201d.<\/p>\n<p>Em 2021, cheguei ao limite da toler\u00e2ncia. Nas peladas, \u00e0s vezes eu perdia o equil\u00edbrio e a turma me zoava. Encontrei no Dr. F\u00e1bio Sim\u00f5es o m\u00e9dico que me transmitiu seguran\u00e7a.<\/p>\n<p>Foram sete horas de delicada cirurgia. Os nervos estavam comprimidos, foram soltos, o formigamento passou e me trouxe ganhos significativos na qualidade de vida. \u201cDeus presente na minha vida, novamente\u201d, agradece.<\/p>\n<p>Pouco tempo depois, Netinho estava de volta aos treinos, quando dizia aos companheiros: \u201cVoc\u00eas v\u00e3o ter que me aturar\u201d. (risos)<\/p>\n<p><strong>E agora?<\/strong><\/p>\n<p>\u201cAgora \u00e9 o futebol so\u00e7aite, praticado aos s\u00e1bados. N\u00e3o tem terapia nem consult\u00f3rio de psic\u00f3logo&#8230; n\u00e3o tem nada melhor do que se juntar aos amigos para um jogo de bola. A gente brinca, ri, resenha imperd\u00edvel ap\u00f3s os jogos. E todos saem renovados. Minha mulher me incentiva nessa pr\u00e1tica, sabe a import\u00e2ncia disso na minha rotina\u201d.<\/p>\n<p><strong>A entrevista<\/strong><\/p>\n<p><a href=\"https:\/\/memoriadaculturaesportebsb.com.br\/wp-content\/uploads\/2024\/09\/netinho11.jpg\"><img loading=\"lazy\" decoding=\"async\" class=\"alignleft wp-image-2736 size-medium\" src=\"https:\/\/memoriadaculturaesportebsb.com.br\/wp-content\/uploads\/2024\/09\/netinho11-300x203.jpg\" alt=\"\" width=\"300\" height=\"203\" srcset=\"https:\/\/memoriadaculturaesportebsb.com.br\/wp-content\/uploads\/2024\/09\/netinho11-300x203.jpg 300w, https:\/\/memoriadaculturaesportebsb.com.br\/wp-content\/uploads\/2024\/09\/netinho11-110x75.jpg 110w, https:\/\/memoriadaculturaesportebsb.com.br\/wp-content\/uploads\/2024\/09\/netinho11.jpg 710w\" sizes=\"auto, (max-width: 300px) 100vw, 300px\" \/><\/a>Galdino Neto abriu as portas de sua resid\u00eancia em Bras\u00edlia para a reportagem do \u201cMem\u00f3ria da Cultura e do Esporte\u201d e mostrou que n\u00e3o foi apenas um craque, mas continua um apaixonado pelo esporte, torcedor fan\u00e1tico do Fluminense. Mais: ele demonstrou que tem mem\u00f3ria exemplar e \u00e9 um colecionador que se orgulha de expor os seus \u201cmelhores momentos\u201d, num bem decorado e privilegiado recanto de sua morada. Ali est\u00e3o medalhas de suas conquistas, fotos da carreira e recortes de jornais da \u00e9poca, contando sobre os feitos desse carioca que se tornou Pioneiro de Bras\u00edlia.<\/p>\n<p>A conversa terminou no Gin\u00e1sio do Caseb, onde jogou h\u00e1 mais de 50 anos, com arquibancadas lotadas. Estava acompanhado pelo tamb\u00e9m desportista H\u00e9lio Tremendani, ex-atleta que viu esse personagem atuando em quadra, e pelo jornalista Jos\u00e9 Cruz. A foto, em frente \u00e0 entrada do Gin\u00e1sio, \u00e9 registro dessa visita hist\u00f3rica<\/p>\n<p><strong><em>\u00a0<\/em><\/strong><strong><em>\u00c0 diretora do Caseb, Elaine, \u00e0 vice-diretora, Andreia, e ao professor Igor, que acompanhou os visitantes, o nosso muito obrigado pela gentil e valiosa acolhida.<\/em><\/strong><\/p>\n<figure id=\"attachment_2737\" aria-describedby=\"caption-attachment-2737\" style=\"width: 288px\" class=\"wp-caption aligncenter\"><a href=\"https:\/\/memoriadaculturaesportebsb.com.br\/wp-content\/uploads\/2024\/09\/netinho12.jpg\"><img loading=\"lazy\" decoding=\"async\" class=\"wp-image-2737 size-full\" src=\"https:\/\/memoriadaculturaesportebsb.com.br\/wp-content\/uploads\/2024\/09\/netinho12.jpg\" alt=\"\" width=\"288\" height=\"447\" srcset=\"https:\/\/memoriadaculturaesportebsb.com.br\/wp-content\/uploads\/2024\/09\/netinho12.jpg 288w, https:\/\/memoriadaculturaesportebsb.com.br\/wp-content\/uploads\/2024\/09\/netinho12-193x300.jpg 193w\" sizes=\"auto, (max-width: 288px) 100vw, 288px\" \/><\/a><figcaption id=\"caption-attachment-2737\" class=\"wp-caption-text\">Netinho e sua insepar\u00e1vel camisa do Fluminense, ao lado de H\u00e9lio Tremendani e Jos\u00e9 Cruz<\/figcaption><\/figure>\n","protected":false},"excerpt":{"rendered":"<p>Por Mem\u00f3rias da Cultura e do Esporte de Bras\u00edlia Era magro, mas habilidoso e \u00e1gil no esporte. E, o mais importante, fazia gols, muitos gols, jogando futebol de sal\u00e3o, modalidade que praticou desde crian\u00e7a. Foi assim que o carioca Galdino Moreira Neto (foto) conquistou espa\u00e7o nesse esporte, inicialmente em Londrina, ao norte do Paran\u00e1, onde &hellip;<\/p>\n","protected":false},"author":2,"featured_media":0,"comment_status":"closed","ping_status":"closed","sticky":false,"template":"","format":"standard","meta":{"footnotes":""},"categories":[6,4],"tags":[],"class_list":["post-2725","post","type-post","status-publish","format-standard","","category-entrevistas","category-esporte"],"_links":{"self":[{"href":"https:\/\/memoriadaculturaesportebsb.com.br\/index.php\/wp-json\/wp\/v2\/posts\/2725","targetHints":{"allow":["GET"]}}],"collection":[{"href":"https:\/\/memoriadaculturaesportebsb.com.br\/index.php\/wp-json\/wp\/v2\/posts"}],"about":[{"href":"https:\/\/memoriadaculturaesportebsb.com.br\/index.php\/wp-json\/wp\/v2\/types\/post"}],"author":[{"embeddable":true,"href":"https:\/\/memoriadaculturaesportebsb.com.br\/index.php\/wp-json\/wp\/v2\/users\/2"}],"replies":[{"embeddable":true,"href":"https:\/\/memoriadaculturaesportebsb.com.br\/index.php\/wp-json\/wp\/v2\/comments?post=2725"}],"version-history":[{"count":1,"href":"https:\/\/memoriadaculturaesportebsb.com.br\/index.php\/wp-json\/wp\/v2\/posts\/2725\/revisions"}],"predecessor-version":[{"id":2739,"href":"https:\/\/memoriadaculturaesportebsb.com.br\/index.php\/wp-json\/wp\/v2\/posts\/2725\/revisions\/2739"}],"wp:attachment":[{"href":"https:\/\/memoriadaculturaesportebsb.com.br\/index.php\/wp-json\/wp\/v2\/media?parent=2725"}],"wp:term":[{"taxonomy":"category","embeddable":true,"href":"https:\/\/memoriadaculturaesportebsb.com.br\/index.php\/wp-json\/wp\/v2\/categories?post=2725"},{"taxonomy":"post_tag","embeddable":true,"href":"https:\/\/memoriadaculturaesportebsb.com.br\/index.php\/wp-json\/wp\/v2\/tags?post=2725"}],"curies":[{"name":"wp","href":"https:\/\/api.w.org\/{rel}","templated":true}]}}