{"id":2720,"date":"2024-09-29T14:03:33","date_gmt":"2024-09-29T17:03:33","guid":{"rendered":"https:\/\/memoriadaculturaesportebsb.com.br\/?p=2720"},"modified":"2024-09-29T14:03:33","modified_gmt":"2024-09-29T17:03:33","slug":"eu-e-o-futsal-daqueles-tempos","status":"publish","type":"post","link":"https:\/\/memoriadaculturaesportebsb.com.br\/index.php\/2024\/09\/29\/eu-e-o-futsal-daqueles-tempos\/","title":{"rendered":"Eu e o Futsal daqueles tempos"},"content":{"rendered":"<p><strong><em>Por H\u00e9lio Tremendani<\/em><\/strong><\/p>\n<p>A minha hist\u00f3ria no futebol de sal\u00e3o \u2013 hoje adaptado para o futsal \u2013 come\u00e7a nos anos 1970, quando acompanhei os Jogos Universit\u00e1rios Brasileiros, realizados em Bras\u00edlia no Gin\u00e1sio do CASEB.<\/p>\n<p>Os jogos come\u00e7avam \u00e0s 19h, mas, \u00e0s 16h o gin\u00e1sio j\u00e1 estava lotado, pois o esporte sempre foi um \u00f3timo atrativo aqui na Capital. Gostei daquele evento e, a partir de ent\u00e3o, passei a acompanhar os jogos do Campeonato de Bras\u00edlia, quando as partidas eram realizadas no gin\u00e1sio da Academia de Pol\u00edcia.<\/p>\n<p>Se n\u00e3o me falha a mem\u00f3ria, o melhor time era o da UnB, treinado pelo professor Kl\u00e9ber Soares do Amaral. O time era formado por Valtinho, Axel, Ot\u00e1vio, Walmir e Guairac\u00e1. Era um time quase imbat\u00edvel. Foi a\u00ed que passei a ter um contato maior com Axel e Guairac\u00e1, considerados por todos que acompanham o esporte, os maiores jogadores de Bras\u00edlia nessa modalidade.<\/p>\n<figure id=\"attachment_2721\" aria-describedby=\"caption-attachment-2721\" style=\"width: 410px\" class=\"wp-caption aligncenter\"><a href=\"https:\/\/memoriadaculturaesportebsb.com.br\/wp-content\/uploads\/2024\/09\/helio_axel.jpg\"><img loading=\"lazy\" decoding=\"async\" class=\"wp-image-2721 size-full\" src=\"https:\/\/memoriadaculturaesportebsb.com.br\/wp-content\/uploads\/2024\/09\/helio_axel.jpg\" alt=\"\" width=\"410\" height=\"373\" srcset=\"https:\/\/memoriadaculturaesportebsb.com.br\/wp-content\/uploads\/2024\/09\/helio_axel.jpg 410w, https:\/\/memoriadaculturaesportebsb.com.br\/wp-content\/uploads\/2024\/09\/helio_axel-300x273.jpg 300w\" sizes=\"auto, (max-width: 410px) 100vw, 410px\" \/><\/a><figcaption id=\"caption-attachment-2721\" class=\"wp-caption-text\">Encontro com o craque Axel, numa conversa de \u00f3timas lembran\u00e7as, por mais de duas horas<\/figcaption><\/figure>\n<p><strong>Guairac\u00e1<\/strong><\/p>\n<figure id=\"attachment_2708\" aria-describedby=\"caption-attachment-2708\" style=\"width: 225px\" class=\"wp-caption alignleft\"><a href=\"https:\/\/memoriadaculturaesportebsb.com.br\/wp-content\/uploads\/2024\/09\/gua1.jpg\"><img loading=\"lazy\" decoding=\"async\" class=\"size-medium wp-image-2708\" src=\"https:\/\/memoriadaculturaesportebsb.com.br\/wp-content\/uploads\/2024\/09\/gua1-225x300.jpg\" alt=\"\" width=\"225\" height=\"300\" srcset=\"https:\/\/memoriadaculturaesportebsb.com.br\/wp-content\/uploads\/2024\/09\/gua1-225x300.jpg 225w, https:\/\/memoriadaculturaesportebsb.com.br\/wp-content\/uploads\/2024\/09\/gua1.jpg 592w\" sizes=\"auto, (max-width: 225px) 100vw, 225px\" \/><\/a><figcaption id=\"caption-attachment-2708\" class=\"wp-caption-text\">Guairac\u00e1, durante valiosa entrevista\u00a0para a \u201cMem\u00f3ria da Cultura e do Esporte\u00a0em Bras\u00edlia\u201d<\/figcaption><\/figure>\n<p>Em 1975 o time da ARUC fez a sua estreia no campeonato de Bras\u00edlia e era um pesadelo marcar o Guairac\u00e1 Nunes. Neste mesmo ano criamos o Torneio Aberto de Futsal de Bras\u00edlia e Guairac\u00e1 e Axel van der Broocke atuavam na equipe do Carioca, diversas vezes do torneio, pois era uma verdadeira \u201csele\u00e7\u00e3o\u201d de craques.<\/p>\n<p>Em um jogo que eu apitei e o Guairac\u00e1 fez um gol de corner que ningu\u00e9m sabe como a bola entrou, muito menos eu, que estava a um metro do atleta. Todos os presentes ficaram de boca aberta, n\u00e3o acreditando no que estava acontecendo. S\u00f3 um g\u00eanio para fazer um gol daqueles.<\/p>\n<p>Num certo jogo, no ano seguinte, Axel, da sua \u00e1rea, deu um passe para Guairac\u00e1 que esperava a bola na \u00e1rea do advers\u00e1rio. O que se viu foi impressionante: o goleiro saiu com tudo para defender a bola, mas, Guairac\u00e1 deu um toque sutil, deixando o advers\u00e1rio enlouquecido, enquanto via a bola entrar no gol. A torcida enlouquecia com as jogadas dessa dupla.<\/p>\n<p>Naqueles tempos, eu atuava como atleta, dirigente da Federa\u00e7\u00e3o Brasiliense de Futebol de Sal\u00e3o, como \u00e1rbitro nos torneios da Aruc e, claro, como torcedor. Hoje, tantos anos depois, afirmo que tenho orgulho de ter convivido com todos os que praticavam esse esporte. Me brindaram com grandes jornadas, com inesquec\u00edveis gols, com brigas \u201cmaravilhosas\u201d, inesquec\u00edveis. A minha homenagem a esses atletas, tantos ainda por aqui nos concedendo entrevistas e encontros valiosos.<\/p>\n<p><strong>Coincid\u00eancia <\/strong><\/p>\n<p><a href=\"https:\/\/memoriadaculturaesportebsb.com.br\/wp-content\/uploads\/2024\/09\/netinho.jpg\"><img loading=\"lazy\" decoding=\"async\" class=\"alignright size-medium wp-image-2722\" src=\"https:\/\/memoriadaculturaesportebsb.com.br\/wp-content\/uploads\/2024\/09\/netinho-218x300.jpg\" alt=\"\" width=\"218\" height=\"300\" srcset=\"https:\/\/memoriadaculturaesportebsb.com.br\/wp-content\/uploads\/2024\/09\/netinho-218x300.jpg 218w, https:\/\/memoriadaculturaesportebsb.com.br\/wp-content\/uploads\/2024\/09\/netinho.jpg 491w\" sizes=\"auto, (max-width: 218px) 100vw, 218px\" \/><\/a>Coincidentemente, no dia em que escrevia essa mem\u00f3ria, precisei cumprir a pauta de uma entrevista com um craque daqueles tempos, Galdino Moreira Neto, o Netinho, hoje com 71 anos, que concedeu entrevista para o portal \u201cMem\u00f3ria da Cultura e do Esporte em Bras\u00edlia\u201d.<\/p>\n<p>Os leitores da minha gera\u00e7\u00e3o devem se lembrar que o carioca Netinho foi um grande jogador de futebol de sal\u00e3o, atuando por v\u00e1rios clubes da cidade e at\u00e9 convocado, inclusive, para a Sele\u00e7\u00e3o de Bras\u00edlia.<\/p>\n<p><strong><em>Com Netinho, no Gin\u00e1sio do Caseb<\/em><\/strong><\/p>\n<p>Como somos da mesma \u00e9poca, combinamos de nos encontrar no Gin\u00e1sio do Caseb, na 909 Sul, onde funciona essa escola modelo, um dos orgulhos da educa\u00e7\u00e3o brasiliense. Foi o primeiro educand\u00e1rio inaugurado em Bras\u00edlia, em 10 de maio de 1960, um m\u00eas depois da inaugura\u00e7\u00e3o da cidade.<\/p>\n<p><strong>No Caseb<\/strong><\/p>\n<p><a href=\"https:\/\/memoriadaculturaesportebsb.com.br\/wp-content\/uploads\/2024\/09\/netinho2.jpg\"><img loading=\"lazy\" decoding=\"async\" class=\"alignleft size-medium wp-image-2723\" src=\"https:\/\/memoriadaculturaesportebsb.com.br\/wp-content\/uploads\/2024\/09\/netinho2-225x300.jpg\" alt=\"\" width=\"225\" height=\"300\" srcset=\"https:\/\/memoriadaculturaesportebsb.com.br\/wp-content\/uploads\/2024\/09\/netinho2-225x300.jpg 225w, https:\/\/memoriadaculturaesportebsb.com.br\/wp-content\/uploads\/2024\/09\/netinho2.jpg 524w\" sizes=\"auto, (max-width: 225px) 100vw, 225px\" \/><\/a>Pois foi nesse gin\u00e1sio, que ainda mant\u00e9m a suas linhas originais, que eu e Netinho frequentamos v\u00e1rias vezes e fomos l\u00e1 matar a saudade. O piso da quadra de jogos foi trocado, claro. Afinal, l\u00e1 se v\u00e3o 64 anos&#8230; No nosso tempo o piso era de taco. Vi v\u00e1rios jogos ali. As duas arquibancadas, uma em frente \u00e0 outra comportam cerca de 500 torcedores, mas que sabiam fazer a festa.<\/p>\n<p>Bras\u00edlia, logo no seu in\u00edcio de Capital, tinha escassas atra\u00e7\u00f5es, e o esporte era o mais forte. Al\u00e9m disso, os jogos de futebol de sal\u00e3o eram sempre muito bem disputados. Fomos muito bem recebidos pela dire\u00e7\u00e3o do Caesb, a quem agradecemos a aten\u00e7\u00e3o por terem permitido essa visita de tanta saudade e \u00f3timas lembran\u00e7as.<\/p>\n","protected":false},"excerpt":{"rendered":"<p>Por H\u00e9lio Tremendani A minha hist\u00f3ria no futebol de sal\u00e3o \u2013 hoje adaptado para o futsal \u2013 come\u00e7a nos anos 1970, quando acompanhei os Jogos Universit\u00e1rios Brasileiros, realizados em Bras\u00edlia no Gin\u00e1sio do CASEB. Os jogos come\u00e7avam \u00e0s 19h, mas, \u00e0s 16h o gin\u00e1sio j\u00e1 estava lotado, pois o esporte sempre foi um \u00f3timo atrativo &hellip;<\/p>\n","protected":false},"author":2,"featured_media":0,"comment_status":"closed","ping_status":"closed","sticky":false,"template":"","format":"standard","meta":{"footnotes":""},"categories":[13,4,16],"tags":[],"class_list":["post-2720","post","type-post","status-publish","format-standard","","category-colunistas","category-esporte","category-helio-tremendani"],"_links":{"self":[{"href":"https:\/\/memoriadaculturaesportebsb.com.br\/index.php\/wp-json\/wp\/v2\/posts\/2720","targetHints":{"allow":["GET"]}}],"collection":[{"href":"https:\/\/memoriadaculturaesportebsb.com.br\/index.php\/wp-json\/wp\/v2\/posts"}],"about":[{"href":"https:\/\/memoriadaculturaesportebsb.com.br\/index.php\/wp-json\/wp\/v2\/types\/post"}],"author":[{"embeddable":true,"href":"https:\/\/memoriadaculturaesportebsb.com.br\/index.php\/wp-json\/wp\/v2\/users\/2"}],"replies":[{"embeddable":true,"href":"https:\/\/memoriadaculturaesportebsb.com.br\/index.php\/wp-json\/wp\/v2\/comments?post=2720"}],"version-history":[{"count":1,"href":"https:\/\/memoriadaculturaesportebsb.com.br\/index.php\/wp-json\/wp\/v2\/posts\/2720\/revisions"}],"predecessor-version":[{"id":2724,"href":"https:\/\/memoriadaculturaesportebsb.com.br\/index.php\/wp-json\/wp\/v2\/posts\/2720\/revisions\/2724"}],"wp:attachment":[{"href":"https:\/\/memoriadaculturaesportebsb.com.br\/index.php\/wp-json\/wp\/v2\/media?parent=2720"}],"wp:term":[{"taxonomy":"category","embeddable":true,"href":"https:\/\/memoriadaculturaesportebsb.com.br\/index.php\/wp-json\/wp\/v2\/categories?post=2720"},{"taxonomy":"post_tag","embeddable":true,"href":"https:\/\/memoriadaculturaesportebsb.com.br\/index.php\/wp-json\/wp\/v2\/tags?post=2720"}],"curies":[{"name":"wp","href":"https:\/\/api.w.org\/{rel}","templated":true}]}}