{"id":2702,"date":"2024-09-15T20:36:19","date_gmt":"2024-09-15T23:36:19","guid":{"rendered":"https:\/\/memoriadaculturaesportebsb.com.br\/?p=2702"},"modified":"2024-09-15T20:36:19","modified_gmt":"2024-09-15T23:36:19","slug":"um-arbitro-grego-mas-com-alma-brasileira","status":"publish","type":"post","link":"https:\/\/memoriadaculturaesportebsb.com.br\/index.php\/2024\/09\/15\/um-arbitro-grego-mas-com-alma-brasileira\/","title":{"rendered":"Um \u00e1rbitro grego, mas com alma brasileira"},"content":{"rendered":"<p>Por Jos\u00e9 Cruz<\/p>\n<p>Comemora-se, daqui a tr\u00eas anos, em 2027, o centen\u00e1rio de nascimento de Samuel Gobel, um grego que nasceu no ber\u00e7o dos Deuses, Atenas, mas se consagrou em solo brasileiro, numa modalidade que lota est\u00e1dios desde os prim\u00f3rdios, o futebol de sal\u00e3o ou futsal, na era moderna.<\/p>\n<p>Samuel, o Samuca, esteve na II Grande Guerra Mundial, foi capturado, preso em campo de concentra\u00e7\u00e3o, mas ganhou a liberdade ao final do conflito. Em 1956 ele chegou ao Brasil, onde ficou pouco tempo e pegou outro navio para a Su\u00e9cia. Por\u00e9m, a embarca\u00e7\u00e3o sofreu uma pane no litoral do Maranh\u00e3 e Samuca desembarcou por l\u00e1 mesmo e a Europa ficou no esquecimento. Para se sustentar, foi biscateiro, camel\u00f4, vendeu joias, tornou-se comerciante.<\/p>\n<p><strong><em>\u00a0 \u00a0 \u00a0<\/em><\/strong><\/p>\n<figure id=\"attachment_2703\" aria-describedby=\"caption-attachment-2703\" style=\"width: 526px\" class=\"wp-caption aligncenter\"><a href=\"https:\/\/memoriadaculturaesportebsb.com.br\/wp-content\/uploads\/2024\/09\/samuel1.jpg\"><img loading=\"lazy\" decoding=\"async\" class=\"size-full wp-image-2703\" src=\"https:\/\/memoriadaculturaesportebsb.com.br\/wp-content\/uploads\/2024\/09\/samuel1.jpg\" alt=\"\" width=\"526\" height=\"657\" srcset=\"https:\/\/memoriadaculturaesportebsb.com.br\/wp-content\/uploads\/2024\/09\/samuel1.jpg 526w, https:\/\/memoriadaculturaesportebsb.com.br\/wp-content\/uploads\/2024\/09\/samuel1-240x300.jpg 240w\" sizes=\"auto, (max-width: 526px) 100vw, 526px\" \/><\/a><figcaption id=\"caption-attachment-2703\" class=\"wp-caption-text\">Samuel Gobel e o filho Jorge<\/figcaption><\/figure>\n<p><strong>Chegada<\/strong><\/p>\n<p>Nesse mesmo ano, o futebol de sal\u00e3o chegava ao Brasil e aportou nas bandas da capital S\u00e3o Luiz. A modalidade foi logo absorvida pelos jovens, principalmente, como os alunos do Col\u00e9gio Marista da capital maranhense. Samuca divertia-se vendo aquele novo jogo da garotada.<\/p>\n<p>Os desentendimentos entre os jogadores eram comuns, as regras ainda n\u00e3o estavam bem absorvidas e foi ent\u00e3o que Samuca, certa vez, foi convidado para apitar uma partida entre os jovens estudantes. Respeitosos ao \u00e1rbitro, as confus\u00f5es desapareceram e Samuca ganhou prest\u00edgio pela seriedade com que apitava.<\/p>\n<p><strong>Em Bras\u00edlia<\/strong><\/p>\n<figure id=\"attachment_2704\" aria-describedby=\"caption-attachment-2704\" style=\"width: 332px\" class=\"wp-caption alignleft\"><a href=\"https:\/\/memoriadaculturaesportebsb.com.br\/wp-content\/uploads\/2024\/09\/samuel2.jpg\"><img loading=\"lazy\" decoding=\"async\" class=\"size-full wp-image-2704\" src=\"https:\/\/memoriadaculturaesportebsb.com.br\/wp-content\/uploads\/2024\/09\/samuel2.jpg\" alt=\"\" width=\"332\" height=\"235\" srcset=\"https:\/\/memoriadaculturaesportebsb.com.br\/wp-content\/uploads\/2024\/09\/samuel2.jpg 332w, https:\/\/memoriadaculturaesportebsb.com.br\/wp-content\/uploads\/2024\/09\/samuel2-300x212.jpg 300w\" sizes=\"auto, (max-width: 332px) 100vw, 332px\" \/><\/a><figcaption id=\"caption-attachment-2704\" class=\"wp-caption-text\">\u00c1rbitros de Bras\u00edlia &#8211; 1977 &#8211; Ata\u00edde, Samuel Gobel, Pedrinho e Padilha<\/figcaption><\/figure>\n<p>Fora das quadras, Samuca tinha outra paix\u00e3o, Maria L\u00facia, com a qual se casou e teve um filho. Em 1963, a fam\u00edlia se muda para Bras\u00edlia. Dois anos depois, Samuca trouxe a Bras\u00edlia \u201cOs Cometas\u201d, consagrado time de futebol de sal\u00e3o do Maranh\u00e3o, por ele fundado.<\/p>\n<p>Paralelamente, Samuca frequentou um curso de arbitragem, ponto de partida para a sua trajet\u00f3ria na modalidade, na qual se consagrou mundialmente.<\/p>\n<p><strong><em>\u00a0<\/em><\/strong><strong>Prest\u00edgio<\/strong><\/p>\n<p>Com o tempo, Samuca filiou-se \u00e0 antiga Confedera\u00e7\u00e3o Brasileira de Desportos, hoje CBF, \u00e0 Federa\u00e7\u00e3o Internacional de Futebol de Sal\u00e3o), \u00e0 Confedera\u00e7\u00e3o de Desportos Universit\u00e1rios e, por fim, \u00e0 poderosa Fifa.<\/p>\n<p>Prestigiado no Brasil e fora dele, Samuca apitou o primeiro Campeonato Mundial de Futebol de Sal\u00e3o, realizado em Campinas, S\u00e3o Paulo. Nessa ocasi\u00e3o, o Brasil conquistou o seu primeiro t\u00edtulo na modalidade.<\/p>\n<p>A convite de Jos\u00e9 Bonetti, que erra o diretor t\u00e9cnico da Fifa, Samuca presidiu uma comiss\u00e3o que criaria o futebol de cinco. E foi sob essa bandeira que em 1989, na Holanda, foi disputado o primeiro Campeonato Mundial de Futebol de Cinco, organizado pela Fifa.<\/p>\n<p><strong>Campe\u00e3o<\/strong><\/p>\n<p>O Brasil, representado por atletas do Bradesco e alguns de Bras\u00edlia, sagrou-se campe\u00e3o. Na sequ\u00eancia, Samuca viaja pelo mundo divulgando a nova modalidade da Fifa e as regras por ele elaboradas. Diante do sucesso da modalidade, os pa\u00edses se desfiliaram da Federa\u00e7\u00e3o Internacional de Futebol de Sal\u00e3o \u2013 Fifusa \u2013 e aderiram \u00e0 proposta da Fifa. Sucesso total e, assim surgiu o hoje conhecid\u00edssimo \u201cfutsal\u201d.<\/p>\n<p>Em 2005, depois de 42 anos morando em Bras\u00edlia, Samuca voltou para S\u00e3o Luiz, onde morava o filho e netos. Em 2007, ele completou 80 anos e dois meses depois, tristemente,\u00a0 ele faleceu, deixando como legado a sua retid\u00e3o nas arbitragens e o merit\u00f3rio trabalho pela implanta\u00e7\u00e3o e o desenvolvimento dessa modalidade no pa\u00eds.<\/p>\n<blockquote><p><strong><em>\u201cO bom \u00e1rbitro n\u00e3o \u00e9 s\u00f3 aquele que n\u00e3o se corrompe, mas que sabe aplicar a regra, coibir a viol\u00eancia e ter personalidade para se impor na quadra, campo ou onde quer que esteja exercendo a profiss\u00e3o\u201d<\/em><\/strong><\/p><\/blockquote>\n<p><strong><em>\u00a0<\/em><\/strong><strong>Entrevista <\/strong><\/p>\n<p>Em 14 de maio de 1989, Samuca concedeu uma \u00f3tima entrevista ao rep\u00f3rter Sandro Silveira, do Correio Braziliense, cujo texto aqui publicamos, em homenagem a esse grande grego-brasileiro, consagrado internacionalmente como o melhor \u00e1rbitro de futebol de sal\u00e3o do mundo. Confira a entrevista, abaixo:<\/p>\n<p><strong><em>\u00a0\u00a0\u00a0\u00a0\u00a0\u00a0\u00a0\u00a0\u00a0\u00a0 <a href=\"https:\/\/memoriadaculturaesportebsb.com.br\/wp-content\/uploads\/2024\/09\/samuel3.jpg\"><img loading=\"lazy\" decoding=\"async\" class=\"aligncenter size-full wp-image-2705\" src=\"https:\/\/memoriadaculturaesportebsb.com.br\/wp-content\/uploads\/2024\/09\/samuel3.jpg\" alt=\"\" width=\"1299\" height=\"1263\" srcset=\"https:\/\/memoriadaculturaesportebsb.com.br\/wp-content\/uploads\/2024\/09\/samuel3.jpg 1299w, https:\/\/memoriadaculturaesportebsb.com.br\/wp-content\/uploads\/2024\/09\/samuel3-300x292.jpg 300w, https:\/\/memoriadaculturaesportebsb.com.br\/wp-content\/uploads\/2024\/09\/samuel3-1024x996.jpg 1024w, https:\/\/memoriadaculturaesportebsb.com.br\/wp-content\/uploads\/2024\/09\/samuel3-768x747.jpg 768w\" sizes=\"auto, (max-width: 1299px) 100vw, 1299px\" \/><\/a> <\/em><\/strong><\/p>\n<p><strong><em>\u00a0<\/em><\/strong><\/p>\n","protected":false},"excerpt":{"rendered":"<p>Por Jos\u00e9 Cruz Comemora-se, daqui a tr\u00eas anos, em 2027, o centen\u00e1rio de nascimento de Samuel Gobel, um grego que nasceu no ber\u00e7o dos Deuses, Atenas, mas se consagrou em solo brasileiro, numa modalidade que lota est\u00e1dios desde os prim\u00f3rdios, o futebol de sal\u00e3o ou futsal, na era moderna. Samuel, o Samuca, esteve na II &hellip;<\/p>\n","protected":false},"author":2,"featured_media":0,"comment_status":"closed","ping_status":"closed","sticky":false,"template":"","format":"standard","meta":{"footnotes":""},"categories":[13,6,4,14],"tags":[],"class_list":["post-2702","post","type-post","status-publish","format-standard","","category-colunistas","category-entrevistas","category-esporte","category-jose-cruz"],"_links":{"self":[{"href":"https:\/\/memoriadaculturaesportebsb.com.br\/index.php\/wp-json\/wp\/v2\/posts\/2702","targetHints":{"allow":["GET"]}}],"collection":[{"href":"https:\/\/memoriadaculturaesportebsb.com.br\/index.php\/wp-json\/wp\/v2\/posts"}],"about":[{"href":"https:\/\/memoriadaculturaesportebsb.com.br\/index.php\/wp-json\/wp\/v2\/types\/post"}],"author":[{"embeddable":true,"href":"https:\/\/memoriadaculturaesportebsb.com.br\/index.php\/wp-json\/wp\/v2\/users\/2"}],"replies":[{"embeddable":true,"href":"https:\/\/memoriadaculturaesportebsb.com.br\/index.php\/wp-json\/wp\/v2\/comments?post=2702"}],"version-history":[{"count":1,"href":"https:\/\/memoriadaculturaesportebsb.com.br\/index.php\/wp-json\/wp\/v2\/posts\/2702\/revisions"}],"predecessor-version":[{"id":2706,"href":"https:\/\/memoriadaculturaesportebsb.com.br\/index.php\/wp-json\/wp\/v2\/posts\/2702\/revisions\/2706"}],"wp:attachment":[{"href":"https:\/\/memoriadaculturaesportebsb.com.br\/index.php\/wp-json\/wp\/v2\/media?parent=2702"}],"wp:term":[{"taxonomy":"category","embeddable":true,"href":"https:\/\/memoriadaculturaesportebsb.com.br\/index.php\/wp-json\/wp\/v2\/categories?post=2702"},{"taxonomy":"post_tag","embeddable":true,"href":"https:\/\/memoriadaculturaesportebsb.com.br\/index.php\/wp-json\/wp\/v2\/tags?post=2702"}],"curies":[{"name":"wp","href":"https:\/\/api.w.org\/{rel}","templated":true}]}}