{"id":2689,"date":"2024-09-08T12:18:09","date_gmt":"2024-09-08T15:18:09","guid":{"rendered":"https:\/\/memoriadaculturaesportebsb.com.br\/?p=2689"},"modified":"2024-09-08T12:18:09","modified_gmt":"2024-09-08T15:18:09","slug":"ze-pele-um-polivalente-craque-do-esporte","status":"publish","type":"post","link":"https:\/\/memoriadaculturaesportebsb.com.br\/index.php\/2024\/09\/08\/ze-pele-um-polivalente-craque-do-esporte\/","title":{"rendered":"Z\u00c9 PEL\u00c9:\u00a0Um polivalente craque do esporte"},"content":{"rendered":"<p>Por\u00a0H\u00e9lio Tremendani e Jos\u00e9 Cruz<\/p>\n<p><strong><a href=\"https:\/\/memoriadaculturaesportebsb.com.br\/wp-content\/uploads\/2024\/09\/ze1.jpg\"><img loading=\"lazy\" decoding=\"async\" class=\"alignright wp-image-2690 size-medium\" src=\"https:\/\/memoriadaculturaesportebsb.com.br\/wp-content\/uploads\/2024\/09\/ze1-204x300.jpg\" alt=\"\" width=\"204\" height=\"300\" srcset=\"https:\/\/memoriadaculturaesportebsb.com.br\/wp-content\/uploads\/2024\/09\/ze1-204x300.jpg 204w, https:\/\/memoriadaculturaesportebsb.com.br\/wp-content\/uploads\/2024\/09\/ze1.jpg 495w\" sizes=\"auto, (max-width: 204px) 100vw, 204px\" \/><\/a><\/strong><strong><em>Era o ano de 1959, quando Jos\u00e9 das Gra\u00e7as Teodoro chegou em Bras\u00edlia, com a fam\u00edlia, vindo de Formosa (GO). A nova capital, que seria inaugurada um ano depois, estava na reta final da constru\u00e7\u00e3o dos pr\u00e9dios do Poder p\u00fablico e das superquadras residenciais, que surgiam em ritmo acelerado. \u00c1reas de lazer, nem pensar! A cidade dividia-se em obras e o cerrado. <\/em><\/strong><\/p>\n<p><strong><em>Z\u00e9 estava com 11 anos e a op\u00e7\u00e3o da garotada era limitada a campos improvisados para o jogo de bola. E foi assim que Z\u00e9 se divertia, crescendo feliz com a molecada de sua gera\u00e7\u00e3o. J\u00e1 adolescente, poderia ter se tornado um craque no basquete, no atletismo, no futebol. Optou pelos estudos. Ganharam os seus alunos de Matem\u00e1tica, mais tarde, com o talento desse Mestre que cumpriu jornadas na Universidade de Bras\u00edlia, no Col\u00e9gio Militar de Bras\u00edlia e na Funda\u00e7\u00e3o Educacional do Distrito Federal. Agora, aposentado, para manter a paix\u00e3o esportiva, ele joga t\u00eanis. Desportista nato, de ponta a ponta, Z\u00e9 Pel\u00e9 nos brinda com sua linda trajet\u00f3ria. <\/em><\/strong><\/p>\n<p><strong>\u00a0<\/strong><strong>Primeiro time<\/strong><\/p>\n<p>Como se destacava no futebol, Z\u00e9 jogou no time mirim do Guarazinho at\u00e9 os 13 anos. Era meiocampista. Com a mudan\u00e7a da fam\u00edlia \u2013 os pais, Ant\u00f4nio e Ana, e mais 12 irm\u00e3os \u2013 \u00a0para a W3 Sul, surgiu a op\u00e7\u00e3o de jogar futebol de sal\u00e3o, hoje futsal, apesar de n\u00e3o ser essa a prefer\u00eancia dele.<\/p>\n<p>As melhores alternativas esportivas surgiram na escola, onde ele era obrigado a participar de uma nova modalidade a cada semestre. Foi assim que Z\u00e9 conheceu o basquete, o handebol, o atletismo&#8230; O Caseb onde estudava, foi o ber\u00e7o da educa\u00e7\u00e3o escolar em Bras\u00edlia, ao lado da Escola Parque da 308 Sul, institui\u00e7\u00f5es modelos daquela \u00e9poca.<\/p>\n<figure id=\"attachment_2691\" aria-describedby=\"caption-attachment-2691\" style=\"width: 460px\" class=\"wp-caption aligncenter\"><a href=\"https:\/\/memoriadaculturaesportebsb.com.br\/wp-content\/uploads\/2024\/09\/ze2.jpg\"><img loading=\"lazy\" decoding=\"async\" class=\"size-full wp-image-2691\" src=\"https:\/\/memoriadaculturaesportebsb.com.br\/wp-content\/uploads\/2024\/09\/ze2.jpg\" alt=\"\" width=\"460\" height=\"330\" srcset=\"https:\/\/memoriadaculturaesportebsb.com.br\/wp-content\/uploads\/2024\/09\/ze2.jpg 460w, https:\/\/memoriadaculturaesportebsb.com.br\/wp-content\/uploads\/2024\/09\/ze2-300x215.jpg 300w\" sizes=\"auto, (max-width: 460px) 100vw, 460px\" \/><\/a><figcaption id=\"caption-attachment-2691\" class=\"wp-caption-text\">TIME \u00a0DO \u00a0CASEB \u00a0NOS \u00a0ANOS \u00a01970:\u00a0Em p\u00e9: J\u00falio, Samuel e Z\u00e9 Pel\u00e9\u00a0<br \/>Agachados: Z\u00e9 Carlos e Erivan<strong style=\"font-size: 16px;\">\u00a0 \u00a0 \u00a0 \u00a0 \u00a0 \u00a0\u00a0<\/strong><\/figcaption><\/figure>\n<p><strong>O apelido <\/strong><\/p>\n<p>O detalhe \u00e9 que Z\u00e9 Teodoro se dava bem em todas as modalidades. Sempre que convidado para praticar esporte, ele estava pronto e dava o seu recado. Foi assim que ele despertou a aten\u00e7\u00e3o dos colegas e professores. Era \u201catleta para toda obra\u201d, e foi por isso que surgiu o apelido que se perpetuou, \u201cZ\u00e9 Pel\u00e9\u201d, ou seja, craque onde quer que fosse escalado.<\/p>\n<p><strong><em>\u201cO apelido foi do professor e t\u00e9cnico Pedro Rodrigues. Ele que disse que eu era o Pel\u00e9 dos esportes\u201d<\/em><\/strong><\/p>\n<p><strong><em>\u00a0<\/em><\/strong><strong>A op\u00e7\u00e3o<\/strong><\/p>\n<p>Com tantas habilidades esportivas, Z\u00e9 Pel\u00e9 poderia ter se revelado um grande craque, numa ou em outra modalidade. Para o basquete, por exemplo, sua prefer\u00eancia e onde at\u00e9 se federou, quando jogava pelo Minas T\u00eanis Clube, para disputar eventos oficiais.<\/p>\n<p>Orientado pelo t\u00e9cnico Pedro Rodrigues, hoje com 91 anos, ele jogou competi\u00e7\u00f5es locais, nacionais, os Jogos Escolares e o Universit\u00e1rio Brasileiro, ganhando v\u00e1rios t\u00edtulos. A estrada estava aberta para ele evoluir rumo ao profissionalismo. Mas n\u00e3o!<\/p>\n<blockquote><p><strong><em>\u201cEu n\u00e3o tinha a menor chance de seguir a carreira de atleta. Naquele tempo, n\u00e3o se ganhava tanto como hoje e o estudo era prioridade. Era assim que o meu pai pesava e eu obedecia\u201d<\/em><\/strong><\/p><\/blockquote>\n<p>Enquanto avan\u00e7ava nos estudos, Z\u00e9 Pel\u00e9 seguia jogando, mas j\u00e1 com a carreira de profissional fora de cogita\u00e7\u00e3o.<\/p>\n<p><strong>Advers\u00e1rios <\/strong><\/p>\n<p>\u201cEu atuava pelo Minas Bras\u00edlia T\u00eanis Clube e os nossos maiores advers\u00e1rios, em quadra, eram a Federa\u00e7\u00e3o Acad\u00eamica Universit\u00e1ria de Bras\u00edlia, que representava a UnB, o Unidade Vizinhan\u00e7a, clube onde o craque Oscar, o \u201cM\u00e3o Santa\u201d jogava, o Clube Moton\u00e1utica, \u00e0 beira do Lago Norte e, j\u00e1 no final, a APCEF, da Caixa Econ\u00f4mica Federal.<\/p>\n<p><strong>Jogando com Oscar<\/strong><\/p>\n<p>Z\u00e9 testemunhou o in\u00edcio da carreira de Oscar Schimidt, no Unidade Vizinhan\u00e7a, e at\u00e9 participou da Sele\u00e7\u00e3o de Bras\u00edlia em que ele tamb\u00e9m foi convocado. \u201cEsses momentos me deixam muito orgulhoso, diante do que Oscar se tornou, mundialmente reconhecido\u201d, diz Z\u00e9 Pel\u00e9.<\/p>\n<p><a href=\"https:\/\/memoriadaculturaesportebsb.com.br\/wp-content\/uploads\/2024\/09\/ze3.jpg\"><img loading=\"lazy\" decoding=\"async\" class=\"alignleft size-thumbnail wp-image-2692\" src=\"https:\/\/memoriadaculturaesportebsb.com.br\/wp-content\/uploads\/2024\/09\/ze3-150x150.jpg\" alt=\"\" width=\"150\" height=\"150\" srcset=\"https:\/\/memoriadaculturaesportebsb.com.br\/wp-content\/uploads\/2024\/09\/ze3-150x150.jpg 150w, https:\/\/memoriadaculturaesportebsb.com.br\/wp-content\/uploads\/2024\/09\/ze3-70x70.jpg 70w, https:\/\/memoriadaculturaesportebsb.com.br\/wp-content\/uploads\/2024\/09\/ze3-120x120.jpg 120w\" sizes=\"auto, (max-width: 150px) 100vw, 150px\" \/><\/a>Segundo Z\u00e9, desde aquela \u00e9poca, ainda adolescente, Oscar batia bola todos os dias, arremessava todos os dias, treinava at\u00e9 a exaust\u00e3o. \u201cEle era um garoto muito quieto, falava pouco e treinava muito e chamava aten\u00e7\u00e3o porque n\u00e3o errava um s\u00f3 arremesso. Estava visto que seria um grande craque\u201d. Sobre isso, um epis\u00f3dio daqueles tempos ficou marcado para Z\u00e9 Pel\u00e9:<\/p>\n<blockquote><p><strong><em>\u201cUm certo t\u00e9cnico que n\u00e3o queria chamar Oscar para treinar no time principal do Unidade Vizinhan\u00e7a, alegando que ele era muito menino, estava com 15, 16 anos. Depois de muito insistirem, o t\u00e9cnico cedeu. N\u00e3o deu outra, o cara arrebentou no primeiro jogo e n\u00e3o saiu mais dos titulares\u201d<\/em><\/strong><\/p><\/blockquote>\n<p><strong>\u00a0<\/strong><strong>Boas lembran\u00e7as <\/strong><\/p>\n<p>Embora se destacasse como armador, Z\u00e9 Pel\u00e9 n\u00e3o tinha altura exigida pelos t\u00e9cnicos para jogar basquete. Ele tinha \u201capenas\u201d 1,70m, mas se destacava com suas jogadas, velocidade, dribles, entrosamento com o time e arremessos certeiros.<\/p>\n<p><a href=\"https:\/\/memoriadaculturaesportebsb.com.br\/wp-content\/uploads\/2024\/09\/ze4.jpg\"><img loading=\"lazy\" decoding=\"async\" class=\"alignleft size-full wp-image-2693\" src=\"https:\/\/memoriadaculturaesportebsb.com.br\/wp-content\/uploads\/2024\/09\/ze4.jpg\" alt=\"\" width=\"175\" height=\"242\" \/><\/a>Para isso, ele se inspirava no \u00eddolo Wlamir Marques, da \u201cgera\u00e7\u00e3o de ouro do basquete nacional\u201d e integrante da Sele\u00e7\u00e3o bicampe\u00e3 mundial (1959, em Santiago, Chile, e em 1963, no Rio de Janeiro). Ataulfo (j\u00e1 falecido), que do basquete de Bras\u00edlia, tamb\u00e9m inspirou as jogadas de Z\u00e9 Pel\u00e9, assim como \u201c\u00c2ngelo Massaroto, Aquiles Santana, Magu, Babido, o Renato Pantoja\u201d&#8230; \u00a0<em>Na foto, a lenda Wlamir, hoje com 87 anos, conclui uma bandeja.<\/em><\/p>\n<p><strong>\u00a0<\/strong><strong>T\u00edtulos<\/strong><\/p>\n<p>Dos t\u00edtulos conquistados, ficou na mem\u00f3ria a vit\u00f3ria contra o Moton\u00e1utica, na decis\u00e3o do campeonato local. \u201cN\u00e3o lembro o ano, mas fiz a cesta final, de bandeja. O jogo foi no Gin\u00e1sio do Marista, que estava lotado\u201d.<\/p>\n<p>Em 1975, Z\u00e9 Pel\u00e9 liderou a forma\u00e7\u00e3o de um time \u201cB\u201d do Minas T\u00eanis Clube para disputar o Torneio Imprensa de Bras\u00edlia. Isso porque, os reservas, na maioria juvenis e amadores, pouco entravam nos jogos e ficavam a maior parte do tempo no banco.<\/p>\n<p>Depois de algumas negocia\u00e7\u00f5es a turma do Minas aceitou a ideia e as duas equipes, A e B, entraram na competi\u00e7\u00e3o. Ironicamente, as duas se classificaram para a decis\u00e3o do t\u00edtulo, num jogo que Z\u00e9 Pel\u00e9 se orgulha, ainda hoje:<\/p>\n<p><strong><em>\u201cEu estava no time B e enfrentamos os titulares do Minas. Ganhamos, por 59 x 46, com cesta final que eu marquei\u201d<\/em><\/strong><\/p>\n<figure id=\"attachment_2694\" aria-describedby=\"caption-attachment-2694\" style=\"width: 832px\" class=\"wp-caption aligncenter\"><a href=\"https:\/\/memoriadaculturaesportebsb.com.br\/wp-content\/uploads\/2024\/09\/ze5.jpg\"><img loading=\"lazy\" decoding=\"async\" class=\"size-full wp-image-2694\" src=\"https:\/\/memoriadaculturaesportebsb.com.br\/wp-content\/uploads\/2024\/09\/ze5.jpg\" alt=\"\" width=\"832\" height=\"412\" srcset=\"https:\/\/memoriadaculturaesportebsb.com.br\/wp-content\/uploads\/2024\/09\/ze5.jpg 832w, https:\/\/memoriadaculturaesportebsb.com.br\/wp-content\/uploads\/2024\/09\/ze5-300x149.jpg 300w, https:\/\/memoriadaculturaesportebsb.com.br\/wp-content\/uploads\/2024\/09\/ze5-768x380.jpg 768w\" sizes=\"auto, (max-width: 832px) 100vw, 832px\" \/><\/a><figcaption id=\"caption-attachment-2694\" class=\"wp-caption-text\">Conforme registros na cr\u00f4nica esportiva de Bras\u00edlia, Z\u00e9 Pel\u00e9 foi escolhido \u201co melhor jogador do Torneio Imprensa\u201d, al\u00e9m de ter sido o cestinha da competi\u00e7\u00e3o, com 20 pontos.<\/figcaption><\/figure>\n<p><strong>\u00a0<\/strong><strong>Os melhores do mundo<\/strong><\/p>\n<p>Z\u00e9 v\u00ea pouco ou quase nada de futebol na TV. Acompanha mais o basquete norte-americano e tem em LeBron James o seu craque de refer\u00eancia. Atleta do Los Angeles Lakers, LeBron \u00e9 reconhecido como um dos maiores jogadores de basquetebol de todos os tempos, ocupando a segunda posi\u00e7\u00e3o na lista divulgada pela ESPN, em 2020, atr\u00e1s apenas de Michael Jordan.<\/p>\n<p>Em termos de Sele\u00e7\u00e3o dos Estados Unidos, para Z\u00e9 Pel\u00e9 o \u201cDream Team\u201d, que ganhou a medalha de ouro nas Olimp\u00edadas de Barcelona (1992), \u00e9 melhor que a atual Sele\u00e7\u00e3o, tamb\u00e9m primeiro lugar nos Jogos de Paris 2024.<\/p>\n<p>O inesquec\u00edvel Dream Team era formado por Charles Barkley, Patrick Ewing, Karl Malone, Magic Johnson e Michael Jordan. Al\u00e9m do espet\u00e1culo que demostravam em termos de entrosamento t\u00e9cnico, o carisma dos jogadores atra\u00eda multid\u00f5es de f\u00e3s.<\/p>\n<p><strong>Convite<\/strong><\/p>\n<p>Com esp\u00edrito profissional que demonstrava, Z\u00e9 Pel\u00e9 chegou a ser convidado para jogar no Clube Ja\u00f3, de Goi\u00e2nia, que em certa \u00e9poca estava montando um grande time. Mas o convite n\u00e3o foi aceito.<\/p>\n<p>\u201cN\u00e3o fui porque depois que terminassem as contrata\u00e7\u00f5es, com certeza eu n\u00e3o voltaria para o time titular, pois me faltava altura\u201d, diz Z\u00e9. E era justamente atletas altos que mais interessavam ao clube. Assim, para n\u00e3o ficar no banco, rejeitei a proposta\u201d.<\/p>\n<p>Quando se formou no curso superior (Matem\u00e1tica), Z\u00e9 Pel\u00e9 seguiu jogando basquete, e s\u00f3 parou em 1985, sempre atuando pelo Minas T\u00eanis Clube. De vez em quando, vestia outra camisa, a do Unidade Vizinhan\u00e7a, que o convidava para integrar a delega\u00e7\u00e3o, em jogos fora de Bras\u00edlia.<\/p>\n<p><strong>Atletismo<\/strong><\/p>\n<p>Foi com essa rotina de praticar o esporte com seriedade, que Z\u00e9 Pel\u00e9 foi parar no atletismo, onde cumpria a prova de 100m, orientado pelo Professor Marcelo, seu t\u00e9cnico.<\/p>\n<p>Certa vez, nos Jogos Estudantis Brasileiros \u2013 JEBs \u2013 precisavam de um atleta para disputar os 3.000, sob pena de a delega\u00e7\u00e3o ser desclassificada. N\u00e3o houve d\u00favidas, Z\u00e9 Pel\u00e9, \u00e0 \u00e9poca estudante do CASEB, se apresentou, correu e cumpriu tabela, como exigia o regulamento.<\/p>\n<p>Nesse embalo de descobrir novos esportes e provas, ele tamb\u00e9m praticou o salto em altura, onde alcan\u00e7ou 1,67m. Naquele tempo, n\u00e3o havia colch\u00e3o do outro lado para amortecer a queda depois do salto. Ainda com poucos investimentos, ao contr\u00e1rio de hoje, o atletismo tinha instala\u00e7\u00f5es prec\u00e1rias.<\/p>\n<p><strong><em>\u201cA gente fazia o salto e caia na areia! E, se chovia, a areia ficava dura e era assim que se disputava a prova\u201d, diz Z\u00e9 Pel\u00e9.<\/em><\/strong><\/p>\n<p>E, contrariando uma tend\u00eancia nessa modalidade, ele n\u00e3o saltava de costas, fazendo a envergadura sobre o sarrafo, mas de frente, uma t\u00e9cnica inusitada para aqueles tempos. Com o tempo, \u00a0substitu\u00edram a areia por serragem e, finalmente, o colch\u00e3o, mas a\u00ed ele j\u00e1 n\u00e3o disputava mais essa prova e n\u00e3o pegou essa modernidade.<\/p>\n<p><strong>\u00a0<\/strong><strong>Mudan\u00e7a de rumo<\/strong><\/p>\n<p>O tempo passou e chegou a hora de parar, mas s\u00f3 dos jogos que exigiam de Z\u00e9 um maior compromisso coletivo.<\/p>\n<p><strong><em>\u201cAgora, das pr\u00e1ticas sem impacto, o alterocopismo \u00e9 muito bom\u201d,\u00a0<\/em><\/strong>diz ele rindo muito.<\/p>\n<p>\u201cNessas ocasi\u00f5es, encontro aquela velharia toda e fico at\u00e9 arrepiado com a amizade que conservamos. Foram advers\u00e1rios, e hoje \u00e9 s\u00f3 goza\u00e7\u00e3o, s\u00f3 risadas nos nossos encontros. Fizemos um churrasco nos 90 anos de Pedro Rodrigues (2022). Foi a \u00faltima vez que a turma do basquete se reuniu\u201d.<\/p>\n<figure id=\"attachment_2695\" aria-describedby=\"caption-attachment-2695\" style=\"width: 618px\" class=\"wp-caption aligncenter\"><a href=\"https:\/\/memoriadaculturaesportebsb.com.br\/wp-content\/uploads\/2024\/09\/ze6.jpg\"><img loading=\"lazy\" decoding=\"async\" class=\"wp-image-2695 size-large\" src=\"https:\/\/memoriadaculturaesportebsb.com.br\/wp-content\/uploads\/2024\/09\/ze6-847x1024.jpg\" alt=\"\" width=\"618\" height=\"747\" srcset=\"https:\/\/memoriadaculturaesportebsb.com.br\/wp-content\/uploads\/2024\/09\/ze6-847x1024.jpg 847w, https:\/\/memoriadaculturaesportebsb.com.br\/wp-content\/uploads\/2024\/09\/ze6-248x300.jpg 248w, https:\/\/memoriadaculturaesportebsb.com.br\/wp-content\/uploads\/2024\/09\/ze6-768x929.jpg 768w, https:\/\/memoriadaculturaesportebsb.com.br\/wp-content\/uploads\/2024\/09\/ze6.jpg 957w\" sizes=\"auto, (max-width: 618px) 100vw, 618px\" \/><\/a><figcaption id=\"caption-attachment-2695\" class=\"wp-caption-text\">Z\u00e9 compareceu\u00a0ao recente 24\u00ba Encontro do\u00a0 Sal\u00e3o do Futebol,\u00a0reuni\u00e3o anual dos\u00a0atletas \u201cdaqueles tempos\u201d, que se\u00a0realiza \u00a0desde 2005 .\u00a0Na foto, da esquerda para a direita:\u00a0Herm\u00ednio, Z\u00e9 Pel\u00e9, H\u00e9lio Tremendani, Heitorzinho e Netinho<\/figcaption><\/figure>\n<p><strong>Reconhecimento <\/strong><\/p>\n<p>Z\u00e9 Pel\u00e9 \u00e9 agradecido aos professores e t\u00e9cnicos que teve ao longo de sua jornada esportiva.<\/p>\n<p>\u201cO que movimentou muito o esporte em Bras\u00edlia foi a qualidade de professores que t\u00ednhamos. Quando me convidavam para um treino n\u00e3o tinha como n\u00e3o treinar certo, apesar de n\u00e3o se ter boas instala\u00e7\u00f5es naquela \u00e9poca. O professor estava nos dando moral, tinha paci\u00eancia, repetia, apesar de n\u00e3o termos boas instala\u00e7\u00f5es. Fomos uma gera\u00e7\u00e3o privilegiada com os professores fazendo a diferen\u00e7a, sem d\u00favida<\/p>\n<blockquote><p><strong><em>\u201cQuando parei na modalidade coletiva, comecei na individual e fui jogar t\u00eanis. Fiz aulas, treinei, disputei torneios, ganhei trof\u00e9us&#8230; mas, em 2003, parei devido um problema de vis\u00e3o. Hoje, bato bola no pared\u00e3o, todos os dias, vinte minutos, no m\u00ednimo\u201d<\/em><\/strong><\/p><\/blockquote>\n<p><strong>Depoimento<\/strong><\/p>\n<p>H\u00e9lio Tremendani, tamb\u00e9m pioneiro em Bras\u00edlia, acompanhou boa parte da trajet\u00f3ria esportiva de Z\u00e9 Pel\u00e9. \u00c9 dele o seguinte depoimento:<\/p>\n<p><strong><em>\u201cVivi \u00f3timos momentos no esporte e voc\u00ea, Z\u00e9, estava presente em boa parte deles. Voc\u00ea foi uma refer\u00eancia pra gente, pra minha gera\u00e7\u00e3o. Voc\u00ea era \u00eddolo para o pessoal do Cruzeiro. Voc\u00ea quebrava o estigma de que \u201cbaixinho\u201d n\u00e3o podia jogar. Voc\u00ea jogava e jogava muito bem. Com isso, era comum se ouvir dizer que`se o Z\u00e9 Pel\u00e9 joga, eu tamb\u00e9m posso jogar\u00b4. Naquela \u00e9poca, Bras\u00edlia n\u00e3o tinha op\u00e7\u00f5es de lazer, nem festa tinha. Por isso, vivia-se o esporte intensamente\u201d<\/em><\/strong><\/p>\n<p>Afinal, Z\u00e9, depois de toda essa experi\u00eancia esportiva, voc\u00ea mudaria o rumo da hist\u00f3ria se come\u00e7asse tudo outra vez:<\/p>\n<p><strong><em>\u201cN\u00e3o mudaria nada! Fiz tudo errado e deu tudo certo\u201d&#8230;<\/em><\/strong><\/p>\n<p><em><a href=\"https:\/\/memoriadaculturaesportebsb.com.br\/wp-content\/uploads\/2024\/09\/ze8.jpg\"><img loading=\"lazy\" decoding=\"async\" class=\"alignleft wp-image-2697 size-medium\" src=\"https:\/\/memoriadaculturaesportebsb.com.br\/wp-content\/uploads\/2024\/09\/ze8-216x300.jpg\" alt=\"\" width=\"216\" height=\"300\" srcset=\"https:\/\/memoriadaculturaesportebsb.com.br\/wp-content\/uploads\/2024\/09\/ze8-216x300.jpg 216w, https:\/\/memoriadaculturaesportebsb.com.br\/wp-content\/uploads\/2024\/09\/ze8.jpg 363w\" sizes=\"auto, (max-width: 216px) 100vw, 216px\" \/><\/a>Ao final da entrevista, a tradicional foto\u00a0<\/em><em>com o personagem, na nossa\u00a0<\/em><em>\u201csala de entrevistas\u201d.\u00a0<\/em><\/p>\n<p><em>Obrigado, Z\u00e9, essa sua pareceria com a pr\u00e1tica\u00a0<\/em><em>esportiva \u00e9 exemplar e merece entrar para\u00a0<\/em><em>a Mem\u00f3ria da Cultura e do Esporte em Bras\u00edlia.<\/em><\/p>\n<p>&nbsp;<\/p>\n<p>&nbsp;<\/p>\n<p>&nbsp;<\/p>\n<p>&nbsp;<\/p>\n<p>&nbsp;<\/p>\n","protected":false},"excerpt":{"rendered":"<p>Por\u00a0H\u00e9lio Tremendani e Jos\u00e9 Cruz Era o ano de 1959, quando Jos\u00e9 das Gra\u00e7as Teodoro chegou em Bras\u00edlia, com a fam\u00edlia, vindo de Formosa (GO). A nova capital, que seria inaugurada um ano depois, estava na reta final da constru\u00e7\u00e3o dos pr\u00e9dios do Poder p\u00fablico e das superquadras residenciais, que surgiam em ritmo acelerado. \u00c1reas &hellip;<\/p>\n","protected":false},"author":2,"featured_media":0,"comment_status":"closed","ping_status":"closed","sticky":false,"template":"","format":"standard","meta":{"footnotes":""},"categories":[13,3,6,4,16,14],"tags":[],"class_list":["post-2689","post","type-post","status-publish","format-standard","","category-colunistas","category-destaque","category-entrevistas","category-esporte","category-helio-tremendani","category-jose-cruz"],"_links":{"self":[{"href":"https:\/\/memoriadaculturaesportebsb.com.br\/index.php\/wp-json\/wp\/v2\/posts\/2689","targetHints":{"allow":["GET"]}}],"collection":[{"href":"https:\/\/memoriadaculturaesportebsb.com.br\/index.php\/wp-json\/wp\/v2\/posts"}],"about":[{"href":"https:\/\/memoriadaculturaesportebsb.com.br\/index.php\/wp-json\/wp\/v2\/types\/post"}],"author":[{"embeddable":true,"href":"https:\/\/memoriadaculturaesportebsb.com.br\/index.php\/wp-json\/wp\/v2\/users\/2"}],"replies":[{"embeddable":true,"href":"https:\/\/memoriadaculturaesportebsb.com.br\/index.php\/wp-json\/wp\/v2\/comments?post=2689"}],"version-history":[{"count":1,"href":"https:\/\/memoriadaculturaesportebsb.com.br\/index.php\/wp-json\/wp\/v2\/posts\/2689\/revisions"}],"predecessor-version":[{"id":2698,"href":"https:\/\/memoriadaculturaesportebsb.com.br\/index.php\/wp-json\/wp\/v2\/posts\/2689\/revisions\/2698"}],"wp:attachment":[{"href":"https:\/\/memoriadaculturaesportebsb.com.br\/index.php\/wp-json\/wp\/v2\/media?parent=2689"}],"wp:term":[{"taxonomy":"category","embeddable":true,"href":"https:\/\/memoriadaculturaesportebsb.com.br\/index.php\/wp-json\/wp\/v2\/categories?post=2689"},{"taxonomy":"post_tag","embeddable":true,"href":"https:\/\/memoriadaculturaesportebsb.com.br\/index.php\/wp-json\/wp\/v2\/tags?post=2689"}],"curies":[{"name":"wp","href":"https:\/\/api.w.org\/{rel}","templated":true}]}}