{"id":2684,"date":"2024-09-08T11:37:10","date_gmt":"2024-09-08T14:37:10","guid":{"rendered":"https:\/\/memoriadaculturaesportebsb.com.br\/?p=2684"},"modified":"2024-09-08T11:56:17","modified_gmt":"2024-09-08T14:56:17","slug":"galvao-bueno-integrou-a-selecao-de-basquete-do-df","status":"publish","type":"post","link":"https:\/\/memoriadaculturaesportebsb.com.br\/index.php\/2024\/09\/08\/galvao-bueno-integrou-a-selecao-de-basquete-do-df\/","title":{"rendered":"Galv\u00e3o Bueno integrou a\u00a0Sele\u00e7\u00e3o de Basquete do DF"},"content":{"rendered":"<p><a href=\"https:\/\/memoriadaculturaesportebsb.com.br\/wp-content\/uploads\/2024\/09\/galvao1.jpg\"><img loading=\"lazy\" decoding=\"async\" class=\"alignright wp-image-2685 size-medium\" src=\"https:\/\/memoriadaculturaesportebsb.com.br\/wp-content\/uploads\/2024\/09\/galvao1-300x190.jpg\" alt=\"\" width=\"300\" height=\"190\" srcset=\"https:\/\/memoriadaculturaesportebsb.com.br\/wp-content\/uploads\/2024\/09\/galvao1-300x190.jpg 300w, https:\/\/memoriadaculturaesportebsb.com.br\/wp-content\/uploads\/2024\/09\/galvao1.jpg 617w\" sizes=\"auto, (max-width: 300px) 100vw, 300px\" \/><\/a>Al\u00e9m de Oscar Schmidt, que morava em Bras\u00edlia quando nos anos 1960 iniciava carreira no basquete, jogando como juvenil do Unidade Vizinhan\u00e7a, outro consagrado nome do esporte aqui morou e, igualmente, era basqueteiro de primeira hora. Foi carioca Carlos Eduardo dos Santos, Galv\u00e3o Bueno, chegando a ser federado pelo Distrito Federal.<\/p>\n<p>Em 1973, quando ele tinha 15 anos, Galv\u00e3o Bueno jogava na categoria escolar e, depois, a juvenil. Galv\u00e3o integrou a Sele\u00e7\u00e3o Brasiliense que disputou os Jogos Estudantis Brasileiros, realizados em Niter\u00f3i, vestindo a camisa n\u00ba 15. Mas, pouco depois, Galv\u00e3o Bueno iniciava a carreira radiof\u00f4nica, ap\u00f3s vencer um concurso na R\u00e1dio Gazeta. Ali, evoluiu profissionalmente at\u00e9 chegar \u00e0 Rede Globo de Televis\u00e3o, tornando o seu nome uma esp\u00e9cie de \u201cmarca registrada\u201d das narra\u00e7\u00f5es esportivas, at\u00e9 se aposentar, h\u00e1 um ano.<\/p>\n<p><a href=\"https:\/\/memoriadaculturaesportebsb.com.br\/wp-content\/uploads\/2024\/09\/galvao2.jpg\"><img loading=\"lazy\" decoding=\"async\" class=\"aligncenter size-full wp-image-2686\" src=\"https:\/\/memoriadaculturaesportebsb.com.br\/wp-content\/uploads\/2024\/09\/galvao2.jpg\" alt=\"\" width=\"838\" height=\"487\" srcset=\"https:\/\/memoriadaculturaesportebsb.com.br\/wp-content\/uploads\/2024\/09\/galvao2.jpg 838w, https:\/\/memoriadaculturaesportebsb.com.br\/wp-content\/uploads\/2024\/09\/galvao2-300x174.jpg 300w, https:\/\/memoriadaculturaesportebsb.com.br\/wp-content\/uploads\/2024\/09\/galvao2-768x446.jpg 768w\" sizes=\"auto, (max-width: 838px) 100vw, 838px\" \/><\/a><\/p>\n<p>Nessa foto da Sele\u00e7\u00e3o de Basquete de Bras\u00edlia, durante os Jogos Estudantis de Niter\u00f3i, est\u00e3o, em p\u00e9, da esquerda para a direita: Prof. Pedro Rodrigues (t\u00e9cnico), \u00c9der, Toninho, Ant\u00f4nio, Mori, Laerte, Ricardo Attuch, Galv\u00e3o Bueno e o assistente t\u00e9cnico, cujo nome n\u00e3o foi identificado. Agachados: M\u00e1rcio, Careca, Pantoja, Edu e Z\u00e9 Picol\u00e9. (<strong>Fonte:\u00a0 Ant\u00f4nio Mori<\/strong>)<\/p>\n","protected":false},"excerpt":{"rendered":"<p>Al\u00e9m de Oscar Schmidt, que morava em Bras\u00edlia quando nos anos 1960 iniciava carreira no basquete, jogando como juvenil do Unidade Vizinhan\u00e7a, outro consagrado nome do esporte aqui morou e, igualmente, era basqueteiro de primeira hora. Foi carioca Carlos Eduardo dos Santos, Galv\u00e3o Bueno, chegando a ser federado pelo Distrito Federal. Em 1973, quando ele &hellip;<\/p>\n","protected":false},"author":2,"featured_media":0,"comment_status":"closed","ping_status":"closed","sticky":false,"template":"","format":"standard","meta":{"footnotes":""},"categories":[13,4],"tags":[],"class_list":["post-2684","post","type-post","status-publish","format-standard","","category-colunistas","category-esporte"],"_links":{"self":[{"href":"https:\/\/memoriadaculturaesportebsb.com.br\/index.php\/wp-json\/wp\/v2\/posts\/2684","targetHints":{"allow":["GET"]}}],"collection":[{"href":"https:\/\/memoriadaculturaesportebsb.com.br\/index.php\/wp-json\/wp\/v2\/posts"}],"about":[{"href":"https:\/\/memoriadaculturaesportebsb.com.br\/index.php\/wp-json\/wp\/v2\/types\/post"}],"author":[{"embeddable":true,"href":"https:\/\/memoriadaculturaesportebsb.com.br\/index.php\/wp-json\/wp\/v2\/users\/2"}],"replies":[{"embeddable":true,"href":"https:\/\/memoriadaculturaesportebsb.com.br\/index.php\/wp-json\/wp\/v2\/comments?post=2684"}],"version-history":[{"count":2,"href":"https:\/\/memoriadaculturaesportebsb.com.br\/index.php\/wp-json\/wp\/v2\/posts\/2684\/revisions"}],"predecessor-version":[{"id":2688,"href":"https:\/\/memoriadaculturaesportebsb.com.br\/index.php\/wp-json\/wp\/v2\/posts\/2684\/revisions\/2688"}],"wp:attachment":[{"href":"https:\/\/memoriadaculturaesportebsb.com.br\/index.php\/wp-json\/wp\/v2\/media?parent=2684"}],"wp:term":[{"taxonomy":"category","embeddable":true,"href":"https:\/\/memoriadaculturaesportebsb.com.br\/index.php\/wp-json\/wp\/v2\/categories?post=2684"},{"taxonomy":"post_tag","embeddable":true,"href":"https:\/\/memoriadaculturaesportebsb.com.br\/index.php\/wp-json\/wp\/v2\/tags?post=2684"}],"curies":[{"name":"wp","href":"https:\/\/api.w.org\/{rel}","templated":true}]}}