{"id":2680,"date":"2024-09-08T11:23:51","date_gmt":"2024-09-08T14:23:51","guid":{"rendered":"https:\/\/memoriadaculturaesportebsb.com.br\/?p=2680"},"modified":"2024-09-08T11:23:51","modified_gmt":"2024-09-08T14:23:51","slug":"handebol-destaque-esportivo-de-brasilia","status":"publish","type":"post","link":"https:\/\/memoriadaculturaesportebsb.com.br\/index.php\/2024\/09\/08\/handebol-destaque-esportivo-de-brasilia\/","title":{"rendered":"Handebol, destaque esportivo de Bras\u00edlia"},"content":{"rendered":"<p>Por Jos\u00e9 Cruz<\/p>\n<p>As imagens \u201cdaqueles tempos\u201d, que recuperamos neste espa\u00e7o, contam hist\u00f3rias do esporte em Bras\u00edlia, em suas v\u00e1rias modalidades, ao longo dos 64 anos da nossa Capital.<\/p>\n<p>Dessa vez, s\u00e3o os JEBs, tradicionais Jogos Escolares Brasileiros, criados em 1969, pela extinta Divis\u00e3o de Educa\u00e7\u00e3o F\u00edsica e Desporto do ent\u00e3o Minist\u00e9rio da Educa\u00e7\u00e3o e Cultura.<\/p>\n<p>Nesse evento, realizado em Porto Alegre, em 1976, temos a Sele\u00e7\u00e3o de Handebol de Bras\u00edlia. O torneio dessa modalidade foi disputado no Gin\u00e1sio de Esporte de Novo Hamburgo, distante cerca de 30km da capital ga\u00facha.<\/p>\n<p><a href=\"https:\/\/memoriadaculturaesportebsb.com.br\/wp-content\/uploads\/2024\/09\/handebol.jpg\"><img loading=\"lazy\" decoding=\"async\" class=\"aligncenter size-full wp-image-2681\" src=\"https:\/\/memoriadaculturaesportebsb.com.br\/wp-content\/uploads\/2024\/09\/handebol.jpg\" alt=\"\" width=\"391\" height=\"283\" srcset=\"https:\/\/memoriadaculturaesportebsb.com.br\/wp-content\/uploads\/2024\/09\/handebol.jpg 391w, https:\/\/memoriadaculturaesportebsb.com.br\/wp-content\/uploads\/2024\/09\/handebol-300x217.jpg 300w\" sizes=\"auto, (max-width: 391px) 100vw, 391px\" \/><\/a><\/p>\n<p>Na foto, em p\u00e9, da esquerda para a direita, o Professor Pedro Bahia Pradera, Sebasti\u00e3o Carlos da Silva, Ant\u00f4nio Carlos Falc\u00e3o, Wellington Pinto, Jos\u00e9 Carlos Barcelos Martins do Monte, Adalberto Prieto e M\u00e1rcio Jos\u00e9 do Nascimento Sausmikat. E, agachados: Paulo Cesar, Newton Carlos Guimar\u00e3es da Silva (Tito), Abelardo Lopes Monteiro Filho, Jos\u00e9 Marcelo Ramos Mota e Paulo Hermes (Peba).<\/p>\n<p>Natural de Patos Minas, o professor Pedro, hoje com 91 anos, foi um dos maiores incentivadores dessa modalidade no pa\u00eds. Adepto da tese de integrar o esporte no processo da educa\u00e7\u00e3o, em geral, ele come\u00e7ou na modalidade ainda no interior de Minas Gerais, mas foi em Bras\u00edlia que o Professor Pedro se destacou como l\u00edder da modalidade, em especial na parte t\u00e9cnica, colocando esse esporte aqui praticado entre um dos mais premiados nacionalmente.<\/p>\n<p>Abelardo Lopes Monteiro Filho, que se destacou na modalidade como atleta, t\u00e9cnico e gestor, lamentavelmente nos deixou este ano. Por\u00e9m, o seu depoimento \u00e0 Mem\u00f3ria da Cultura e do Esporte em Bras\u00edlia \u00e9 uma aula de amor ao esporte, em geral, e ao handebol, em particular. Confira neste link: <a href=\"https:\/\/memoriadaculturaesportebsb.com.br\/index.php\/2023\/12\/01\/com-os-olhos-da-paixao-abelardo-lopes\/\">https:\/\/memoriadaculturaesportebsb.com.br\/index.php\/2023\/12\/01\/com-os-olhos-da-paixao-abelardo-lopes\/<\/a><\/p>\n<p><strong>Colaborou <em>Wellington Pinto, <\/em>ao qual agradecemos<\/strong><\/p>\n<p>&nbsp;<\/p>\n","protected":false},"excerpt":{"rendered":"<p>Por Jos\u00e9 Cruz As imagens \u201cdaqueles tempos\u201d, que recuperamos neste espa\u00e7o, contam hist\u00f3rias do esporte em Bras\u00edlia, em suas v\u00e1rias modalidades, ao longo dos 64 anos da nossa Capital. Dessa vez, s\u00e3o os JEBs, tradicionais Jogos Escolares Brasileiros, criados em 1969, pela extinta Divis\u00e3o de Educa\u00e7\u00e3o F\u00edsica e Desporto do ent\u00e3o Minist\u00e9rio da Educa\u00e7\u00e3o e &hellip;<\/p>\n","protected":false},"author":2,"featured_media":0,"comment_status":"closed","ping_status":"closed","sticky":false,"template":"","format":"standard","meta":{"footnotes":""},"categories":[13,4,14],"tags":[],"class_list":["post-2680","post","type-post","status-publish","format-standard","","category-colunistas","category-esporte","category-jose-cruz"],"_links":{"self":[{"href":"https:\/\/memoriadaculturaesportebsb.com.br\/index.php\/wp-json\/wp\/v2\/posts\/2680","targetHints":{"allow":["GET"]}}],"collection":[{"href":"https:\/\/memoriadaculturaesportebsb.com.br\/index.php\/wp-json\/wp\/v2\/posts"}],"about":[{"href":"https:\/\/memoriadaculturaesportebsb.com.br\/index.php\/wp-json\/wp\/v2\/types\/post"}],"author":[{"embeddable":true,"href":"https:\/\/memoriadaculturaesportebsb.com.br\/index.php\/wp-json\/wp\/v2\/users\/2"}],"replies":[{"embeddable":true,"href":"https:\/\/memoriadaculturaesportebsb.com.br\/index.php\/wp-json\/wp\/v2\/comments?post=2680"}],"version-history":[{"count":1,"href":"https:\/\/memoriadaculturaesportebsb.com.br\/index.php\/wp-json\/wp\/v2\/posts\/2680\/revisions"}],"predecessor-version":[{"id":2682,"href":"https:\/\/memoriadaculturaesportebsb.com.br\/index.php\/wp-json\/wp\/v2\/posts\/2680\/revisions\/2682"}],"wp:attachment":[{"href":"https:\/\/memoriadaculturaesportebsb.com.br\/index.php\/wp-json\/wp\/v2\/media?parent=2680"}],"wp:term":[{"taxonomy":"category","embeddable":true,"href":"https:\/\/memoriadaculturaesportebsb.com.br\/index.php\/wp-json\/wp\/v2\/categories?post=2680"},{"taxonomy":"post_tag","embeddable":true,"href":"https:\/\/memoriadaculturaesportebsb.com.br\/index.php\/wp-json\/wp\/v2\/tags?post=2680"}],"curies":[{"name":"wp","href":"https:\/\/api.w.org\/{rel}","templated":true}]}}