{"id":2670,"date":"2024-08-31T15:34:25","date_gmt":"2024-08-31T18:34:25","guid":{"rendered":"https:\/\/memoriadaculturaesportebsb.com.br\/?p=2670"},"modified":"2024-08-31T15:36:55","modified_gmt":"2024-08-31T18:36:55","slug":"amigos-para-sempre","status":"publish","type":"post","link":"https:\/\/memoriadaculturaesportebsb.com.br\/index.php\/2024\/08\/31\/amigos-para-sempre\/","title":{"rendered":"Amigos para sempre"},"content":{"rendered":"<p><strong><em>Pioneiros do futebol de sal\u00e3o em Bras\u00edlia mant\u00e9m a tradi\u00e7\u00e3o de reuni\u00e3o festiva anual, desde 2005, onde n\u00e3o faltam \u201ccausos daqueles tempos\u201d<\/em><\/strong><\/p>\n<p><strong>Por <\/strong><strong>H\u00e9lio Tremendani e Jos\u00e9 Cruz<\/strong><\/p>\n<p><strong><a href=\"https:\/\/memoriadaculturaesportebsb.com.br\/wp-content\/uploads\/2024\/08\/renato1.jpg\"><img loading=\"lazy\" decoding=\"async\" class=\"alignleft size-medium wp-image-2671\" src=\"https:\/\/memoriadaculturaesportebsb.com.br\/wp-content\/uploads\/2024\/08\/renato1-269x300.jpg\" alt=\"\" width=\"269\" height=\"300\" srcset=\"https:\/\/memoriadaculturaesportebsb.com.br\/wp-content\/uploads\/2024\/08\/renato1-269x300.jpg 269w, https:\/\/memoriadaculturaesportebsb.com.br\/wp-content\/uploads\/2024\/08\/renato1.jpg 554w\" sizes=\"auto, (max-width: 269px) 100vw, 269px\" \/><\/a>O mineiro de Uberl\u00e2ndia, Renato Aguiar Attuch (foto), estava do Bar do Professor, na 305 Sul, relembrando com amigos \u201ccausos\u201d do futebol de sal\u00e3o \u201cdaqueles tempos\u201d, quando a cidade, ainda nos seus primeiros anos, estava em obras. Na roda de um bom chope, tamb\u00e9m estavam Gast\u00e3o e Paulinho Risada, cada um contando suas lembran\u00e7as, que provocavam gargalhadas. <\/strong><\/p>\n<p><strong>Daquele grupo, muitos foram advers\u00e1rios em quadra, por\u00e9m, sem perder a amizade. De tal forma que, ainda hoje, se abra\u00e7am e festejam os bons tempos vividos, as jogadas de craques realizadas, as vit\u00f3rias e derrotas, os t\u00edtulos, mas, sem esquecer as confus\u00f5es e malandragens das grandes decis\u00f5es&#8230; epis\u00f3dios relembrados por Attuch, nesta entrevista.<\/strong><\/p>\n<p><strong>Ideia<\/strong><\/p>\n<p>Conversa vai, conversa vem e outros nomes e fatos foram aparecendo, numa lembran\u00e7a sem fim, at\u00e9 que surgiu a ideia: \u201cPor que n\u00e3o reunir todo esse pessoal? A proposta prosperou e Renato Attuch, que tinha a fama de bom organizador de eventos, pegou o bast\u00e3o e mandou ver.<\/p>\n<p>O resultado da ideia, concretizado naquele mesmo ano, 2005, foi um sucesso e se renova at\u00e9 hoje. \u201cS\u00f3 paramos de nos encontrar durante a pandemia\u201d, diz Renato, j\u00e1 preparando a pr\u00f3xima reuni\u00e3o para 31 de agosto, num evento que apresenta, a cada edi\u00e7\u00e3o, uma camiseta nova que \u00e9 usada no dia da festa. Numa r\u00e1pida pesquisa, n\u00e3o se encontrou registros de que uma modalidade esportiva pioneira em Bras\u00edlia mantenha tal tradi\u00e7\u00e3o como essa da turma do futebol de sal\u00e3o.<\/p>\n<blockquote><p><strong><em>\u201cA primeira festa come\u00e7ou ao meio-dia e terminou \u00e0 meia-noite. No total foram mais de 180 pessoas que passaram l\u00e1 por casa, onde reunimos o pessoal. Ainda bem que minha fam\u00edlia apoia esses encontros e ajuda muito\u201d (<\/em><\/strong><strong><em>Renato Attuch<\/em><\/strong><strong><em>)<\/em><\/strong><\/p><\/blockquote>\n<p><strong><em>\u00a0<\/em><\/strong><strong>Emocionante<\/strong><\/p>\n<p>A primeira reuni\u00e3o a gente nunca esquece&#8230; e aquela de 2005 ficou marcada na lembran\u00e7a. Atra\u00eddos pela novidade e oportunidade de rever amigos das antigas, a turma aderiu ao convite e foi para a festa, em que os principais craques da \u00e9poca, Axel e Guarac\u00e1, \u201c\u00edcones\u201d, tamb\u00e9m comparecem.<\/p>\n<p>\u201cFoi emocionante. Amigos que n\u00e3o se encontravam h\u00e1 muitos anos puderam se abra\u00e7ar, mesmo aqueles que foram advers\u00e1rios nas quadras, nas competi\u00e7\u00f5es. Homem velho abra\u00e7ando o amigo e chorando por rev\u00ea-lo tantos anos depois, voc\u00ea acredita? Isso \u00e9 amizade que ficou, uma lembran\u00e7a sem igual\u201d, recorda Renato. E anuncia que para o<em> Encontro do Futsal de Bras\u00edlia<\/em>, no pr\u00f3ximo s\u00e1bado, 31 de agosto, as confirma\u00e7\u00f5es j\u00e1 passaram de 100 amigos.<\/p>\n<figure id=\"attachment_2672\" aria-describedby=\"caption-attachment-2672\" style=\"width: 477px\" class=\"wp-caption aligncenter\"><a href=\"https:\/\/memoriadaculturaesportebsb.com.br\/wp-content\/uploads\/2024\/08\/renato2.jpg\"><img loading=\"lazy\" decoding=\"async\" class=\"size-full wp-image-2672\" src=\"https:\/\/memoriadaculturaesportebsb.com.br\/wp-content\/uploads\/2024\/08\/renato2.jpg\" alt=\"\" width=\"477\" height=\"268\" srcset=\"https:\/\/memoriadaculturaesportebsb.com.br\/wp-content\/uploads\/2024\/08\/renato2.jpg 477w, https:\/\/memoriadaculturaesportebsb.com.br\/wp-content\/uploads\/2024\/08\/renato2-300x169.jpg 300w\" sizes=\"auto, (max-width: 477px) 100vw, 477px\" \/><\/a><figcaption id=\"caption-attachment-2672\" class=\"wp-caption-text\">Lembran\u00e7a do 11\u00ba Encontro do Futsal de Bras\u00edlia, realizado em 12\u00a0de setembro de 2015, formado por atletas dos anos 1960, 1970&#8230;<\/figcaption><\/figure>\n<p><strong>Pioneiro<\/strong><\/p>\n<p>Renato pertence \u00e0 gera\u00e7\u00e3o dos pioneiros de Bras\u00edlia. Chegou em 1965, com a fam\u00edlia, quando tinha 18 anos. J\u00e1 praticava o futebol de sal\u00e3o \u2013 hoje futsal \u2013 no Praia Clube, de Uberl\u00e2ndia, um dos grandes clubes sociais do pa\u00eds, fornecedor de atletas para equipes ol\u00edmpicas, no masculino e no feminino, com \u00eanfase no v\u00f4lei de quadra, de praia, no basquete 3&#215;3, tiro esportivo, atletismo e no t\u00eanis de mesa.<\/p>\n<p>\u201cPratiquei esportes dos 7 aos 62 anos. O primeiro clube, aqui, foi o Minas Bras\u00edlia T\u00eanis Clube, jogando os campeonatos internos. Em 1968 fui para o Iate Clube, que eu frequentava como convidado. Com o tempo fui me envolvendo com o clube a acabei ocupando o cargo de diretor Futebol e Diretor de Esportes Terrestres, durante oito anos. Foi nessa \u00e9poca que come\u00e7amos a montar equipes de futebol de sal\u00e3o para disputar torneios da cidade\u201d, relembra Renato a sua trajet\u00f3ria esportiva em Bras\u00edlia.<\/p>\n<p>Devido ao seu intenso envolvimento com o esporte, na gest\u00e3o, inclusive, ajudou a criar o Centro Esportivo Universit\u00e1rio de Bras\u00edlia (CEUB), em 1969, para a pr\u00e1tica de futebol amador\u00a0 e que, mais tarde, tornou-se marca famosa, CEUB Esporte Clube, j\u00e1 como time profissional. Nessa fase, o time chegou a disputar uma temporada do Campeonato Nacional.<\/p>\n<p><strong>Campe\u00e3o Ol\u00edmpico<\/strong><\/p>\n<p><a href=\"https:\/\/memoriadaculturaesportebsb.com.br\/wp-content\/uploads\/2024\/08\/renato3.jpg\"><img loading=\"lazy\" decoding=\"async\" class=\"alignright size-medium wp-image-2673\" src=\"https:\/\/memoriadaculturaesportebsb.com.br\/wp-content\/uploads\/2024\/08\/renato3-240x300.jpg\" alt=\"\" width=\"240\" height=\"300\" srcset=\"https:\/\/memoriadaculturaesportebsb.com.br\/wp-content\/uploads\/2024\/08\/renato3-240x300.jpg 240w, https:\/\/memoriadaculturaesportebsb.com.br\/wp-content\/uploads\/2024\/08\/renato3.jpg 469w\" sizes=\"auto, (max-width: 240px) 100vw, 240px\" \/><\/a>Foi quando estava na dire\u00e7\u00e3o do Esporte que Renato Attuch levou Luiz Alberto de Oliveira para o Iate Clube (\u00e0 direita, na foto, com seu atleta, Joaquim Cruz).<\/p>\n<p>T\u00e9cnico do brasiliense Joaquim Cruz, que viria a se tornar campe\u00e3o ol\u00edmpico dos 800m, nos Jogos de Los Angeles, 1984, Luiz Alberto era um profissional polivalente, mas centrava as suas pr\u00e1ticas no atletismo, no basquete e no futebol de sal\u00e3o.<\/p>\n<p>Tristemente, o Brasil esportivo perdeu esse t\u00e9cnico em 2021, quando treinava uma equipe em Doha, no Catar. V\u00edtima de problemas renais, Luiz Alberto morreu aos 71 anos. Por\u00e9m, os seus feitos e ousadias ficaram registrados, inclusive nos bons tempos vividos por Renato Attuch, que conta o seguinte epis\u00f3dio:<\/p>\n<p>\u201cEram tempos muito dif\u00edceis. Luiz Alberto comandava treinos de basquete na Asbac, onde Joaquim Cruz jogava, antes de se decidir pelo atletismo. Depois, os dois se deslocavam at\u00e9 o Iate Clube. Isso l\u00e1 pelas 11 horas da noite, porque era o \u00fanico hor\u00e1rio que nosso time de futebol de sal\u00e3o tinha para treinar, depois do trabalho e da faculdade dos atletas. O interessante nesse deslocamento de Luiz Alberto \u00e9 que ele ia dirigindo o seu carro, um Corcel, e Joaquim fazia o percurso a p\u00e9, correndo, j\u00e1 valendo uma etapa de treinamento. Quando chegavam no Iate, Luiz ia dar o treino e Joaquim entrava no carro e dormia\u201d&#8230;<\/p>\n<figure id=\"attachment_2674\" aria-describedby=\"caption-attachment-2674\" style=\"width: 413px\" class=\"wp-caption aligncenter\"><a href=\"https:\/\/memoriadaculturaesportebsb.com.br\/wp-content\/uploads\/2024\/08\/renato4.jpg\"><img loading=\"lazy\" decoding=\"async\" class=\"size-full wp-image-2674\" src=\"https:\/\/memoriadaculturaesportebsb.com.br\/wp-content\/uploads\/2024\/08\/renato4.jpg\" alt=\"\" width=\"413\" height=\"273\" srcset=\"https:\/\/memoriadaculturaesportebsb.com.br\/wp-content\/uploads\/2024\/08\/renato4.jpg 413w, https:\/\/memoriadaculturaesportebsb.com.br\/wp-content\/uploads\/2024\/08\/renato4-300x198.jpg 300w, https:\/\/memoriadaculturaesportebsb.com.br\/wp-content\/uploads\/2024\/08\/renato4-310x205.jpg 310w\" sizes=\"auto, (max-width: 413px) 100vw, 413px\" \/><\/a><figcaption id=\"caption-attachment-2674\" class=\"wp-caption-text\">Futsal do Iate no Brasileiro de 1990<br \/>EM P\u00c9 (da esquerda para a direita): Zunga,\u00a0Adriano, Bet\u00e3o, Gils\u00e3o, Fitinha, Dirceu e Ubaldo\u00a0Oliveira (treinador)\u00a0<br \/>AGACHADOS: Pirica, Gildo Daniel, Saliba, Toinha\u00a0e Nelsinho<\/figcaption><\/figure>\n<p><strong>Competitivo<\/strong><\/p>\n<p>H\u00e9lio Tremendani, tamb\u00e9m pioneiro em Bras\u00edlia e ex-presidente da Aruc, viveu intensamente aqueles tempos e indagou como Renato conseguia montar times t\u00e3o fortes.<\/p>\n<p>Attuch lembrou que o futebol de sal\u00e3o de Bras\u00edlia era muito competitivo, mas o Iate sempre conseguia montar equipes fortes, gra\u00e7as ao relacionamento do t\u00e9cnico Luiz Alberto, que atra\u00eda alguns dos melhores atletas da cidade e esses chamavam os amigos que jogavam bem para entrar na equipe.<\/p>\n<p>\u201cLuiz Alberto era uma fera como treinador. Tinha muito conhecimento te\u00f3rico e t\u00e9cnico. A maior parte das nossas conquistas foi com ele no comando. Era rigoroso, mas tamb\u00e9m tranquilo e brincalh\u00e3o. Um cara que eu tentei demais contratar foi o Ceceu (Dirceu Ventura), que era do Minas. Era um dos melhores que tinha em Bras\u00edlia. Ele era mais jovem e fez a transi\u00e7\u00e3o da gera\u00e7\u00e3o de Axel, Guarac\u00e1 e Fitinha, craques da elite do futebol de sal\u00e3o.<\/p>\n<p>Na verdade, a modalidade era muito competitiva, campeonatos equilibrados. N\u00e3o tinha favoritos, segundo Renato. Mas, em princ\u00edpio, o time em que jogavam Axel e Guarac\u00e1 eram os favoritos. Eram grandes craques, reconhecem Renato e H\u00e9lio.<\/p>\n<p><strong>Apoio<\/strong><\/p>\n<p>\u00c0 \u00e9poca, Paulo Jardim era o comodoro do Iate Clube, \u201cum tremendo incentivador do esporte\u201d, reconhece Renato.<\/p>\n<p>\u201cO Paulo dava autonomia para se trabalhar, comprava uniformes para as delega\u00e7\u00f5es, liberava a frequ\u00eancia ao clube para os atletas e at\u00e9 oferecia a oportunidade de comprar um t\u00edtulo do clube em presta\u00e7\u00f5es. Era a forma que se tinha de atrair bons jogadores, porque n\u00e3o havia dinheiro nas negocia\u00e7\u00f5es\u201d, conta Renato.<\/p>\n<p>Foi assim que Renato, na dire\u00e7\u00e3o de Esportes do Iate, promoveu eventos internos, intensificou as rela\u00e7\u00f5es com a Federa\u00e7\u00e3o de Futebol de Sal\u00e3o, ganhou quase dez t\u00edtulos da cidade e levou o time do clube para disputar Campeonatos Brasileiros em Natal e em Fortaleza.<\/p>\n<p>Em quadra, os principais advers\u00e1rios em Bras\u00edlia eram a Aruc, a Asbac, o Economi\u00e1rios, Afusta, de Taguatinga, o Telestar, o Vizinhan\u00e7a e o Clube do Servidor P\u00fablico e Civil (CSPC). Esses clubes participavam de um campeonato bem disputado e isso agitava a \u00e1rea esportiva do Iate.<\/p>\n<p><strong>\u00a0<\/strong><strong>Catimbas<\/strong><\/p>\n<p>H\u00e9lio lembra que numa dessas disputas, nos anos 1980, o Iate ganhou um jogo importante na catimba. Numa semifinal, contra o Iate, Augusto ia fazer um gol. Na hora do chute, o t\u00e9cnico do Iate, Luiz Alberto, jogou uma toalha em quadra, tumultuando a jogada e armando-se a confus\u00e3o. H\u00e9lio era o delegado da Federa\u00e7\u00e3o de Futebol de Sal\u00e3o e com a expuls\u00e3o de Luiz Alberto, foi tir\u00e1-lo de campo. Saiu na boa. \u201cA gente ria muito, de tudo isso, depois\u201d, recorda Renato.<\/p>\n<p>Em outra decis\u00e3o, tamb\u00e9m contra o Minas, Renato atrapalhou uma jogada advers\u00e1ria jogando a bolsa do massagista na quadra. O esparramo foi geral e foi assim que ele conseguiu esfriar a press\u00e3o daquele momento.<\/p>\n<p><strong>O troco<\/strong><\/p>\n<p>Por\u00e9m, o troco daquela atitude veio num torneio de Veteranos. Iate e Minas novamente em quadra. Valdemir, j\u00e1 falecido, foi expulso e o time ficou com quatro contra cinco, no jeito para o Iate vencer. A narrativa seguinte \u00e9 de Renato:<\/p>\n<p>\u201cCom desvantagem em n\u00famero de jogadores, eles (Minas) simularam a contus\u00e3o de um jogador. No atendimento, jogaram \u00f3leo naquele peda\u00e7o da quadra, que ficou escorregadia, de forma que era imposs\u00edvel jogar por ali. E foi assim que nos ganharam, com um jogador a menos&#8230; pura malandragem. Foi o troco que nos deram, mas, apesar disso, a amizade entre os jogadores continuava\u201d.<\/p>\n<p><strong>Time base<\/strong><\/p>\n<p>O time base do Iate que ficou na mem\u00f3ria de Renato era formado por Seracusa; Heitor e Rob\u00e9rio (ou Rog\u00e9rio); Netinho e Hugo. Rob\u00e9rio e Rog\u00e9rio eram irm\u00e3os e se revezavam na equipe.<\/p>\n<p><strong>\u00a0<\/strong><strong>Os melhores<\/strong><\/p>\n<p>&#8211; Afinal, quais os melhores jogadores daquele tempo -, indaga H\u00e9lio Tremendani ao entrevistado.<\/p>\n<p>Renato afirma que tem na lembran\u00e7a v\u00e1rios craques, mas Guarac\u00e1 e Pedro Federal, \u201cque tinha uma habilidade monstruosa, eram muito bons\u201d. E complementa: \u201cGuarac\u00e1 \u00e9 uma das refer\u00eancias, sem d\u00favidas, mas tem que colocar o Axel junto, n\u00e3o separa os dois. Al\u00e9m desses, tinha o Netinho, o Luiz Henrique, o Fitinha, Mosquito&#8230; tinha muita gente boa&#8230;\u201d<\/p>\n<p>&#8211; E por que o futsal de hoje est\u00e1 no ostracismo? \u2013 indagou H\u00e9lio.<\/p>\n<p>\u201cEu acho que o futsal est\u00e1 vivo, s\u00f3 n\u00e3o est\u00e1 nos clubes, que se retiraram da Federa\u00e7\u00e3o e porque os s\u00f3cios pressionam para que os clubes invistam mais no social&#8230;\u201d<\/p>\n<figure id=\"attachment_2675\" aria-describedby=\"caption-attachment-2675\" style=\"width: 597px\" class=\"wp-caption aligncenter\"><a href=\"https:\/\/memoriadaculturaesportebsb.com.br\/wp-content\/uploads\/2024\/08\/renato5.jpg\"><img loading=\"lazy\" decoding=\"async\" class=\"size-full wp-image-2675\" src=\"https:\/\/memoriadaculturaesportebsb.com.br\/wp-content\/uploads\/2024\/08\/renato5.jpg\" alt=\"\" width=\"597\" height=\"515\" srcset=\"https:\/\/memoriadaculturaesportebsb.com.br\/wp-content\/uploads\/2024\/08\/renato5.jpg 597w, https:\/\/memoriadaculturaesportebsb.com.br\/wp-content\/uploads\/2024\/08\/renato5-300x259.jpg 300w\" sizes=\"auto, (max-width: 597px) 100vw, 597px\" \/><\/a><figcaption id=\"caption-attachment-2675\" class=\"wp-caption-text\">Renato Attuch (de bon\u00e9), ao lado de H\u00e9lio Tremendani, em tarde de depoimento para\u00a0o Mem\u00f3ria da Cultura e do Esporte em\u00a0Bras\u00edlia, com Jos\u00e9 Cruz ao teclado, nas\u00a0anota\u00e7\u00f5es<\/figcaption><\/figure>\n<p>&nbsp;<\/p>\n<p>&nbsp;<\/p>\n","protected":false},"excerpt":{"rendered":"<p>Pioneiros do futebol de sal\u00e3o em Bras\u00edlia mant\u00e9m a tradi\u00e7\u00e3o de reuni\u00e3o festiva anual, desde 2005, onde n\u00e3o faltam \u201ccausos daqueles tempos\u201d Por H\u00e9lio Tremendani e Jos\u00e9 Cruz O mineiro de Uberl\u00e2ndia, Renato Aguiar Attuch (foto), estava do Bar do Professor, na 305 Sul, relembrando com amigos \u201ccausos\u201d do futebol de sal\u00e3o \u201cdaqueles tempos\u201d, quando &hellip;<\/p>\n","protected":false},"author":2,"featured_media":0,"comment_status":"closed","ping_status":"closed","sticky":false,"template":"","format":"standard","meta":{"footnotes":""},"categories":[13,6,4,16],"tags":[],"class_list":["post-2670","post","type-post","status-publish","format-standard","","category-colunistas","category-entrevistas","category-esporte","category-helio-tremendani"],"_links":{"self":[{"href":"https:\/\/memoriadaculturaesportebsb.com.br\/index.php\/wp-json\/wp\/v2\/posts\/2670","targetHints":{"allow":["GET"]}}],"collection":[{"href":"https:\/\/memoriadaculturaesportebsb.com.br\/index.php\/wp-json\/wp\/v2\/posts"}],"about":[{"href":"https:\/\/memoriadaculturaesportebsb.com.br\/index.php\/wp-json\/wp\/v2\/types\/post"}],"author":[{"embeddable":true,"href":"https:\/\/memoriadaculturaesportebsb.com.br\/index.php\/wp-json\/wp\/v2\/users\/2"}],"replies":[{"embeddable":true,"href":"https:\/\/memoriadaculturaesportebsb.com.br\/index.php\/wp-json\/wp\/v2\/comments?post=2670"}],"version-history":[{"count":3,"href":"https:\/\/memoriadaculturaesportebsb.com.br\/index.php\/wp-json\/wp\/v2\/posts\/2670\/revisions"}],"predecessor-version":[{"id":2677,"href":"https:\/\/memoriadaculturaesportebsb.com.br\/index.php\/wp-json\/wp\/v2\/posts\/2670\/revisions\/2677"}],"wp:attachment":[{"href":"https:\/\/memoriadaculturaesportebsb.com.br\/index.php\/wp-json\/wp\/v2\/media?parent=2670"}],"wp:term":[{"taxonomy":"category","embeddable":true,"href":"https:\/\/memoriadaculturaesportebsb.com.br\/index.php\/wp-json\/wp\/v2\/categories?post=2670"},{"taxonomy":"post_tag","embeddable":true,"href":"https:\/\/memoriadaculturaesportebsb.com.br\/index.php\/wp-json\/wp\/v2\/tags?post=2670"}],"curies":[{"name":"wp","href":"https:\/\/api.w.org\/{rel}","templated":true}]}}