{"id":2661,"date":"2024-08-18T19:17:10","date_gmt":"2024-08-18T22:17:10","guid":{"rendered":"https:\/\/memoriadaculturaesportebsb.com.br\/?p=2661"},"modified":"2024-08-18T19:17:49","modified_gmt":"2024-08-18T22:17:49","slug":"universo-df-campeao-nacional-de-2007-um-time-inesquecivel","status":"publish","type":"post","link":"https:\/\/memoriadaculturaesportebsb.com.br\/index.php\/2024\/08\/18\/universo-df-campeao-nacional-de-2007-um-time-inesquecivel\/","title":{"rendered":"Universo DF campe\u00e3o nacional\u00a0de 2007: um time inesquec\u00edvel"},"content":{"rendered":"<p>Por Ronaldo Pacheco<\/p>\n<p>Essa foto hist\u00f3rica para o Basquete de Bras\u00edlia registra o primeiro t\u00edtulo brasileiro da equipe de profissionais do Universo DF, em 2007, com vit\u00f3ria (93&#215;88) no quarto jogo contra o time da Unimed Franca, de S\u00e3o Paulo. Com esse resultado, o time de Bras\u00edlia fechou a s\u00e9rie em 3&#215;1. O \u00faltimo jogo foi disputado no Gin\u00e1sio Pedroc\u00e3o, \u00a0na cidade de Franca, local desse registro.<\/p>\n<p>Naquela temporada, o Universo DF sempre levava grande p\u00fablico aos gin\u00e1sios gra\u00e7as \u00e0 campanha desenvolvida, que terminou com o saldo de 23 jogos, 22 vit\u00f3rias e apenas uma derrota. Na partida contra o Flamengo, do Rio de Janeiro, o Universo venceu por 101&#215;78 e bateu o recorde de p\u00fablico, com 24.286 torcedores na arquibancada do gin\u00e1sio em Bras\u00edlia.<\/p>\n<p><a href=\"https:\/\/memoriadaculturaesportebsb.com.br\/wp-content\/uploads\/2024\/08\/basquete.jpg\"><img loading=\"lazy\" decoding=\"async\" class=\"aligncenter size-full wp-image-2662\" src=\"https:\/\/memoriadaculturaesportebsb.com.br\/wp-content\/uploads\/2024\/08\/basquete.jpg\" alt=\"\" width=\"419\" height=\"306\" srcset=\"https:\/\/memoriadaculturaesportebsb.com.br\/wp-content\/uploads\/2024\/08\/basquete.jpg 419w, https:\/\/memoriadaculturaesportebsb.com.br\/wp-content\/uploads\/2024\/08\/basquete-300x219.jpg 300w\" sizes=\"auto, (max-width: 419px) 100vw, 419px\" \/><\/a><br \/>\n<strong>Em p\u00e9\u00a0 da esquerda para a direita<\/strong>: Ronaldo Pacheco, Jos\u00e9 Carlos Vidal, Paul\u00e3o, Al\u00edrio, Luiz Fernando, Dr. Montenegro, Jo\u00e3o Veloso,\u00a0Ricardo Oliveira, Di\u00f3genes e Espanha;<\/p>\n<p><strong>Agachados da esquerda para a direita<\/strong>: Duda, Alex,\u00a0 Rato, Nezinho,\u00a0Rossi e Arthur.<\/p>\n<p><strong>Fonte:<\/strong> Ronaldo\u00a0Pacheco.<\/p>\n<p><strong><em>Nos playoffs, o Universo venceu tr\u00eas dos quatro jogos contra Franca, <\/em><\/strong><strong><em>com os placares que aqui registramos<\/em><\/strong><\/p>\n<p><a href=\"https:\/\/memoriadaculturaesportebsb.com.br\/wp-content\/uploads\/2024\/08\/basquete2.jpg\"><img loading=\"lazy\" decoding=\"async\" class=\"aligncenter size-full wp-image-2663\" src=\"https:\/\/memoriadaculturaesportebsb.com.br\/wp-content\/uploads\/2024\/08\/basquete2.jpg\" alt=\"\" width=\"686\" height=\"150\" srcset=\"https:\/\/memoriadaculturaesportebsb.com.br\/wp-content\/uploads\/2024\/08\/basquete2.jpg 686w, https:\/\/memoriadaculturaesportebsb.com.br\/wp-content\/uploads\/2024\/08\/basquete2-300x66.jpg 300w\" sizes=\"auto, (max-width: 686px) 100vw, 686px\" \/><\/a><\/p>\n","protected":false},"excerpt":{"rendered":"<p>Por Ronaldo Pacheco Essa foto hist\u00f3rica para o Basquete de Bras\u00edlia registra o primeiro t\u00edtulo brasileiro da equipe de profissionais do Universo DF, em 2007, com vit\u00f3ria (93&#215;88) no quarto jogo contra o time da Unimed Franca, de S\u00e3o Paulo. Com esse resultado, o time de Bras\u00edlia fechou a s\u00e9rie em 3&#215;1. O \u00faltimo jogo &hellip;<\/p>\n","protected":false},"author":2,"featured_media":0,"comment_status":"closed","ping_status":"closed","sticky":false,"template":"","format":"standard","meta":{"footnotes":""},"categories":[3,4,14],"tags":[],"class_list":["post-2661","post","type-post","status-publish","format-standard","","category-destaque","category-esporte","category-jose-cruz"],"_links":{"self":[{"href":"https:\/\/memoriadaculturaesportebsb.com.br\/index.php\/wp-json\/wp\/v2\/posts\/2661","targetHints":{"allow":["GET"]}}],"collection":[{"href":"https:\/\/memoriadaculturaesportebsb.com.br\/index.php\/wp-json\/wp\/v2\/posts"}],"about":[{"href":"https:\/\/memoriadaculturaesportebsb.com.br\/index.php\/wp-json\/wp\/v2\/types\/post"}],"author":[{"embeddable":true,"href":"https:\/\/memoriadaculturaesportebsb.com.br\/index.php\/wp-json\/wp\/v2\/users\/2"}],"replies":[{"embeddable":true,"href":"https:\/\/memoriadaculturaesportebsb.com.br\/index.php\/wp-json\/wp\/v2\/comments?post=2661"}],"version-history":[{"count":2,"href":"https:\/\/memoriadaculturaesportebsb.com.br\/index.php\/wp-json\/wp\/v2\/posts\/2661\/revisions"}],"predecessor-version":[{"id":2665,"href":"https:\/\/memoriadaculturaesportebsb.com.br\/index.php\/wp-json\/wp\/v2\/posts\/2661\/revisions\/2665"}],"wp:attachment":[{"href":"https:\/\/memoriadaculturaesportebsb.com.br\/index.php\/wp-json\/wp\/v2\/media?parent=2661"}],"wp:term":[{"taxonomy":"category","embeddable":true,"href":"https:\/\/memoriadaculturaesportebsb.com.br\/index.php\/wp-json\/wp\/v2\/categories?post=2661"},{"taxonomy":"post_tag","embeddable":true,"href":"https:\/\/memoriadaculturaesportebsb.com.br\/index.php\/wp-json\/wp\/v2\/tags?post=2661"}],"curies":[{"name":"wp","href":"https:\/\/api.w.org\/{rel}","templated":true}]}}