{"id":2635,"date":"2024-08-03T22:33:01","date_gmt":"2024-08-04T01:33:01","guid":{"rendered":"https:\/\/memoriadaculturaesportebsb.com.br\/?p=2635"},"modified":"2024-08-03T22:33:01","modified_gmt":"2024-08-04T01:33:01","slug":"carioca-o-time-dos-sonhos","status":"publish","type":"post","link":"https:\/\/memoriadaculturaesportebsb.com.br\/index.php\/2024\/08\/03\/carioca-o-time-dos-sonhos\/","title":{"rendered":"Carioca, &#8220;O time dos Sonhos&#8221;"},"content":{"rendered":"<p><strong>Por H\u00e9lio Tremendani<\/strong><\/p>\n<p style=\"text-align: center;\"><strong><em>Equipe que marcou \u00e9poca no final dos anos 1970, o Carioca foi assim batizado porque o seu criador, Carlos Mascarenhas, jogava em um time no Rio de Janeiro com o mesmo nome. Ele veio morar em Bras\u00edlia e criou uma esp\u00e9cie de \u201cfilial\u201d da equipe da Cidade Maravilhosa, que entrou para a mem\u00f3ria do nosso esporte.<\/em><\/strong><\/p>\n<p><strong>Sele\u00e7\u00e3o<\/strong><\/p>\n<figure id=\"attachment_2636\" aria-describedby=\"caption-attachment-2636\" style=\"width: 189px\" class=\"wp-caption alignleft\"><a href=\"https:\/\/memoriadaculturaesportebsb.com.br\/wp-content\/uploads\/2024\/08\/h1.jpg\"><img loading=\"lazy\" decoding=\"async\" class=\"wp-image-2636 size-medium\" src=\"https:\/\/memoriadaculturaesportebsb.com.br\/wp-content\/uploads\/2024\/08\/h1-189x300.jpg\" alt=\"\" width=\"189\" height=\"300\" srcset=\"https:\/\/memoriadaculturaesportebsb.com.br\/wp-content\/uploads\/2024\/08\/h1-189x300.jpg 189w, https:\/\/memoriadaculturaesportebsb.com.br\/wp-content\/uploads\/2024\/08\/h1.jpg 358w\" sizes=\"auto, (max-width: 189px) 100vw, 189px\" \/><\/a><figcaption id=\"caption-attachment-2636\" class=\"wp-caption-text\">O craque Axel<\/figcaption><\/figure>\n<p>O <em>Carioca<\/em> era ousado. Em 1976, o time participou do Torneio Aberto da Aruc com jogadores que disputavam os campeonatos federados pelas principais agremia\u00e7\u00f5es da cidade, tais como o Minas T\u00eanis, o Iate Clube, o Moton\u00e1utica, o Unidade Vizinhan\u00e7a, Ascade e outros.<\/p>\n<p>Ou seja, o time recebia os melhores atletas e formava uma verdadeira sele\u00e7\u00e3o e assim foi, durante quatro anos, com craques como Valtinho, Axel, Guairac\u00e1, Arnaldo Gomes, Hugo, Pantera, Zequinha e outros, sob o comando do grande desportista Carlos Mascarenhas. Resultado dessa ideia: logo no primeiro ano o time sagrou-se campe\u00e3o do Torneio da Aruc, sendo que o t\u00e9cnico Carlos Macarenhas tinha \u00e0 disposi\u00e7\u00e3o os jogadores que est\u00e3o nessas fotos:<\/p>\n<figure id=\"attachment_2637\" aria-describedby=\"caption-attachment-2637\" style=\"width: 698px\" class=\"wp-caption aligncenter\"><a href=\"https:\/\/memoriadaculturaesportebsb.com.br\/wp-content\/uploads\/2024\/08\/h2.jpg\"><img loading=\"lazy\" decoding=\"async\" class=\"wp-image-2637 size-full\" src=\"https:\/\/memoriadaculturaesportebsb.com.br\/wp-content\/uploads\/2024\/08\/h2.jpg\" alt=\"\" width=\"698\" height=\"549\" srcset=\"https:\/\/memoriadaculturaesportebsb.com.br\/wp-content\/uploads\/2024\/08\/h2.jpg 698w, https:\/\/memoriadaculturaesportebsb.com.br\/wp-content\/uploads\/2024\/08\/h2-300x236.jpg 300w\" sizes=\"auto, (max-width: 698px) 100vw, 698px\" \/><\/a><figcaption id=\"caption-attachment-2637\" class=\"wp-caption-text\">Em p\u00e9, da esquerda para a direita: Zequinha, Axel, Taso, Gilson, Pantera, Orlando e o treinador\u00a0 Carlos Mascarenhas: Agachados: Milton, Hugo, Almeidinha e Z\u00e9<\/figcaption><\/figure>\n<figure id=\"attachment_2638\" aria-describedby=\"caption-attachment-2638\" style=\"width: 212px\" class=\"wp-caption alignright\"><a href=\"https:\/\/memoriadaculturaesportebsb.com.br\/wp-content\/uploads\/2024\/08\/h3.jpg\"><img loading=\"lazy\" decoding=\"async\" class=\"size-medium wp-image-2638\" src=\"https:\/\/memoriadaculturaesportebsb.com.br\/wp-content\/uploads\/2024\/08\/h3-212x300.jpg\" alt=\"\" width=\"212\" height=\"300\" srcset=\"https:\/\/memoriadaculturaesportebsb.com.br\/wp-content\/uploads\/2024\/08\/h3-212x300.jpg 212w, https:\/\/memoriadaculturaesportebsb.com.br\/wp-content\/uploads\/2024\/08\/h3.jpg 466w\" sizes=\"auto, (max-width: 212px) 100vw, 212px\" \/><\/a><figcaption id=\"caption-attachment-2638\" class=\"wp-caption-text\">Arnaldo Gomes, que, aposentado das quadras,\u00a0\u00a0se tornou gestor da Federa\u00e7\u00e3o de T\u00eanis do DF<\/figcaption><\/figure>\n<p><strong>Bicampe\u00e3o<\/strong><\/p>\n<p style=\"text-align: left;\">A partir da\u00ed, come\u00e7ou uma trajet\u00f3ria vitoriosa, sendo a grande atra\u00e7\u00e3o do ent\u00e3o futebol de sal\u00e3o, em Bras\u00edlia, sempre levando um grande p\u00fablico \u00e0 quadra da Aruc. O Torneio do tradicional clube do Cruzeiro reunia equipes de todo o Distrito Federal.<\/p>\n<p>Em 1977, o <em>Carioca<\/em> ganhou o refor\u00e7o de Arnaldo Gomes (foto \u00e0 direita) e Guairac\u00e1, craques reconhecidos nacionalmente no futsal federado e universit\u00e1rio.<\/p>\n<p>A arquibancada da Aruc era pequena para o p\u00fablico que comparecia aos jogos do Carioca, principalmente, n\u00e3o s\u00f3 pelo n\u00edvel t\u00e9cnico apresentado pela equipe, como pela simpatia dos atletas, que sempre interagiam com os torcedores. E foi assim que o Carioca sagrou-se bicampe\u00e3o da competi\u00e7\u00e3o, na temporada de 1977. (foto )<\/p>\n<figure id=\"attachment_2639\" aria-describedby=\"caption-attachment-2639\" style=\"width: 974px\" class=\"wp-caption aligncenter\"><a href=\"https:\/\/memoriadaculturaesportebsb.com.br\/wp-content\/uploads\/2024\/08\/h4.jpg\"><img loading=\"lazy\" decoding=\"async\" class=\"wp-image-2639 size-full\" src=\"https:\/\/memoriadaculturaesportebsb.com.br\/wp-content\/uploads\/2024\/08\/h4.jpg\" alt=\"\" width=\"974\" height=\"642\" srcset=\"https:\/\/memoriadaculturaesportebsb.com.br\/wp-content\/uploads\/2024\/08\/h4.jpg 974w, https:\/\/memoriadaculturaesportebsb.com.br\/wp-content\/uploads\/2024\/08\/h4-300x198.jpg 300w, https:\/\/memoriadaculturaesportebsb.com.br\/wp-content\/uploads\/2024\/08\/h4-768x506.jpg 768w, https:\/\/memoriadaculturaesportebsb.com.br\/wp-content\/uploads\/2024\/08\/h4-310x205.jpg 310w\" sizes=\"auto, (max-width: 974px) 100vw, 974px\" \/><\/a><figcaption id=\"caption-attachment-2639\" class=\"wp-caption-text\">A equipe bicampe\u00e3, em p\u00e9, da esquerda para a direita:\u00a0Herman, Saul, Walmir, Taso, Arnaldo Gomes e\u00a0Carlos Mascarenhas;\u00a0Agachados: Axel, Guairac\u00e1, Gugu e \u00a0Luciano\u00a0\u00a0(foto de Chagas Bor\u00f3; fonte: Instituto Aruc).<\/figcaption><\/figure>\n<p><strong>Quarto lugar\u00a0 \u00a0 <\/strong><\/p>\n<p>No terceiro ano do Torneio, em 1978, o Carioca n\u00e3o foi bem, ficando em quarto lugar. O campe\u00e3o foi o Correio Braziliense, que derrotou o Panathinaikos, de Sobradinho, por 3&#215;2.<\/p>\n<p>No ano seguinte, em 1979, o Carioca voltou a conquistar o t\u00edtulo vencendo o Bradisa por 4&#215;2, numa final amplamente divulgada pela imprensa, tal era o interesse dos torcedores pela competi\u00e7\u00e3o e, tamb\u00e9m, pela qualidade t\u00e9cnica dos jogos.<\/p>\n<p><strong>Fim de jogo<\/strong><\/p>\n<p>Al\u00e9m do torneio aberto da Aruc, o Carioca sagrou-se tricampe\u00e3o do Torneio da Primavera da Aruc, em 1979, quando encerrou as suas apresenta\u00e7\u00f5es.<\/p>\n<p>Os compromissos de Carlos Mascarenhas \u2013 que lamentavelmente j\u00e1 nos deixou \u2013 eram grandes e n\u00e3o havia mais tempo para ele se dedicar ao <em>Carioca,<\/em> tomando a decis\u00e3o \u00a0extrema de deixar aquele time apenas nas boas lembran\u00e7as que, parte delas, aqui recuperamos.<\/p>\n<figure id=\"attachment_2640\" aria-describedby=\"caption-attachment-2640\" style=\"width: 567px\" class=\"wp-caption aligncenter\"><a href=\"https:\/\/memoriadaculturaesportebsb.com.br\/wp-content\/uploads\/2024\/08\/h5.jpg\"><img loading=\"lazy\" decoding=\"async\" class=\"size-full wp-image-2640\" src=\"https:\/\/memoriadaculturaesportebsb.com.br\/wp-content\/uploads\/2024\/08\/h5.jpg\" alt=\"\" width=\"567\" height=\"346\" srcset=\"https:\/\/memoriadaculturaesportebsb.com.br\/wp-content\/uploads\/2024\/08\/h5.jpg 567w, https:\/\/memoriadaculturaesportebsb.com.br\/wp-content\/uploads\/2024\/08\/h5-300x183.jpg 300w\" sizes=\"auto, (max-width: 567px) 100vw, 567px\" \/><\/a><figcaption id=\"caption-attachment-2640\" class=\"wp-caption-text\">Em p\u00e9, da esquerda para a direita: Carlos Mascarenhas, Cavalcanti, Axel, Hugo, Valtinho e Carioca; agachados: Dirceu, Daniel, Guairac\u00e1 e Carlinhos<\/figcaption><\/figure>\n<p><strong><em>\u00a0<\/em><\/strong><strong>Legado<\/strong><\/p>\n<p>Vale ressaltar que o Torneio da Aruc revelou atletas e incentivou o surgimento de equipes para o futsal de Bras\u00edlia, principalmente nas cidades sat\u00e9lites.<\/p>\n<p>Nesse contexto, o <em>Carioca<\/em> era a marca do sucesso dos eventos. E atletas dos demais times queriam ter o prazer de atuar contra verdadeiros craques, que vale repetir: Valtinho, Axel, Guairac\u00e1, Arnaldo Gomes, Hugo, Pantera, Zequinha e tantos outros que surgiram no futsal da nossa Capital.<\/p>\n<p>N\u00e3o \u00e9 demais lembrar que isso foi poss\u00edvel pela iniciativa do grande desportista Carlos Mascarenhas, sem d\u00favida grande incentivador do desenvolvimento do futsal na nossa cidade.<\/p>\n<p><strong>Mem\u00f3ria<\/strong><\/p>\n<p>Hoje, a cada ba\u00fa, gaveta ou arm\u00e1rio que se abra surge uma lembran\u00e7a \u201cdaqueles tempos\u201d, que s\u00e3o preciosas informa\u00e7\u00f5es para a reconstru\u00e7\u00e3o da hist\u00f3ria do desenvolvimento do esporte em Bras\u00edlia.<\/p>\n<p>O time do Carioca jogava com camisa listrada de azul e branco. Mas, por vezes, se apresentava com verde e branco. \u201cNaqueles tempos, era dif\u00edcil uma impress\u00e3o de camisas como se queria\u201d, recorda Arnaldo Gomes, que ainda guarda o uniforme que usou no tricampeonato do Carioca.<\/p>\n<p>Bons tempos&#8230; bons tempos. Que venham outras lembran\u00e7as para divulgarmos aqui, neste espa\u00e7o criado justamente para recuperar Mem\u00f3ria da Cultura e do Esporte em Bras\u00edlia.<\/p>\n<p><strong>AS ESTRELAS DOS ESPET\u00c1CULO<\/strong><\/p>\n<p><strong>Depoimentos de craques que integraram a equipe <em>Carioca<\/em><\/strong><\/p>\n<p><strong>\u00a0<\/strong><strong>LUCIANO GOMES<\/strong><\/p>\n<p><em><a href=\"https:\/\/memoriadaculturaesportebsb.com.br\/wp-content\/uploads\/2024\/08\/h6.jpg\"><img loading=\"lazy\" decoding=\"async\" class=\"alignleft size-thumbnail wp-image-2641\" src=\"https:\/\/memoriadaculturaesportebsb.com.br\/wp-content\/uploads\/2024\/08\/h6-150x150.jpg\" alt=\"\" width=\"150\" height=\"150\" srcset=\"https:\/\/memoriadaculturaesportebsb.com.br\/wp-content\/uploads\/2024\/08\/h6-150x150.jpg 150w, https:\/\/memoriadaculturaesportebsb.com.br\/wp-content\/uploads\/2024\/08\/h6-70x70.jpg 70w, https:\/\/memoriadaculturaesportebsb.com.br\/wp-content\/uploads\/2024\/08\/h6-120x120.jpg 120w\" sizes=\"auto, (max-width: 150px) 100vw, 150px\" \/><\/a>\u00a0<\/em><em>\u201cO Carioca era um time de um velho amigo que j\u00e1 nos deixou, Carlos Soares. O nosso time era muito bom tecnicamente e todos t\u00ednhamos uma amizade fraterna o que facilitava muito. Para quem jogou no Carioca foram momentos incr\u00edveis\u201d.<\/em><\/p>\n<p>&nbsp;<\/p>\n<p>&nbsp;<\/p>\n<p><strong>ARNALDO GOMES <\/strong><\/p>\n<p><em> <a href=\"https:\/\/memoriadaculturaesportebsb.com.br\/wp-content\/uploads\/2024\/08\/h7.jpg\"><img loading=\"lazy\" decoding=\"async\" class=\"alignleft size-thumbnail wp-image-2642\" src=\"https:\/\/memoriadaculturaesportebsb.com.br\/wp-content\/uploads\/2024\/08\/h7-150x150.jpg\" alt=\"\" width=\"150\" height=\"150\" srcset=\"https:\/\/memoriadaculturaesportebsb.com.br\/wp-content\/uploads\/2024\/08\/h7-150x150.jpg 150w, https:\/\/memoriadaculturaesportebsb.com.br\/wp-content\/uploads\/2024\/08\/h7-70x70.jpg 70w, https:\/\/memoriadaculturaesportebsb.com.br\/wp-content\/uploads\/2024\/08\/h7-120x120.jpg 120w\" sizes=\"auto, (max-width: 150px) 100vw, 150px\" \/><\/a>\u201cO Carioca era um time de pelada, mas organizado na gest\u00e3o e, em quadra, jogava muito. Era o melhor time de Bras\u00edlia, quase uma Sele\u00e7\u00e3o da cidade. No in\u00edcio, eu jogava sempre, mas, como trabalhava, faltei a muitos jogos. Sem d\u00favida, foi um belo grupo que deixou saudades\u201d.<\/em><\/p>\n<p>&nbsp;<\/p>\n<p>&nbsp;<\/p>\n<p><strong>HUGO BALZANI<\/strong><\/p>\n<p><em><a href=\"https:\/\/memoriadaculturaesportebsb.com.br\/wp-content\/uploads\/2024\/08\/h8.jpg\"><img loading=\"lazy\" decoding=\"async\" class=\"alignleft size-thumbnail wp-image-2643\" src=\"https:\/\/memoriadaculturaesportebsb.com.br\/wp-content\/uploads\/2024\/08\/h8-150x150.jpg\" alt=\"\" width=\"150\" height=\"150\" srcset=\"https:\/\/memoriadaculturaesportebsb.com.br\/wp-content\/uploads\/2024\/08\/h8-150x150.jpg 150w, https:\/\/memoriadaculturaesportebsb.com.br\/wp-content\/uploads\/2024\/08\/h8-205x205.jpg 205w, https:\/\/memoriadaculturaesportebsb.com.br\/wp-content\/uploads\/2024\/08\/h8-70x70.jpg 70w, https:\/\/memoriadaculturaesportebsb.com.br\/wp-content\/uploads\/2024\/08\/h8-120x120.jpg 120w\" sizes=\"auto, (max-width: 150px) 100vw, 150px\" \/><\/a>\u201cConquistei seis t\u00edtulos de campe\u00e3o jogando pelo Carioca, que era uma verdadeira Sele\u00e7\u00e3o de Futsal. Tinha jogadores do n\u00edvel de Axel, Guarac\u00e1, Waltinho, Pantera, Carlinhos, Ceceu e Valmir, al\u00e9m do entusiasta pelo esporte, Carlos Soares, que foi uma grande pessoa. Lembro que quando jog\u00e1vamos a quadra estava sempre lotada de torcedores\u201d<\/em><\/p>\n<p><em>\u00a0<\/em><\/p>\n","protected":false},"excerpt":{"rendered":"<p>Por H\u00e9lio Tremendani Equipe que marcou \u00e9poca no final dos anos 1970, o Carioca foi assim batizado porque o seu criador, Carlos Mascarenhas, jogava em um time no Rio de Janeiro com o mesmo nome. Ele veio morar em Bras\u00edlia e criou uma esp\u00e9cie de \u201cfilial\u201d da equipe da Cidade Maravilhosa, que entrou para a &hellip;<\/p>\n","protected":false},"author":2,"featured_media":0,"comment_status":"closed","ping_status":"closed","sticky":false,"template":"","format":"standard","meta":{"footnotes":""},"categories":[13,3,4,16],"tags":[],"class_list":["post-2635","post","type-post","status-publish","format-standard","","category-colunistas","category-destaque","category-esporte","category-helio-tremendani"],"_links":{"self":[{"href":"https:\/\/memoriadaculturaesportebsb.com.br\/index.php\/wp-json\/wp\/v2\/posts\/2635","targetHints":{"allow":["GET"]}}],"collection":[{"href":"https:\/\/memoriadaculturaesportebsb.com.br\/index.php\/wp-json\/wp\/v2\/posts"}],"about":[{"href":"https:\/\/memoriadaculturaesportebsb.com.br\/index.php\/wp-json\/wp\/v2\/types\/post"}],"author":[{"embeddable":true,"href":"https:\/\/memoriadaculturaesportebsb.com.br\/index.php\/wp-json\/wp\/v2\/users\/2"}],"replies":[{"embeddable":true,"href":"https:\/\/memoriadaculturaesportebsb.com.br\/index.php\/wp-json\/wp\/v2\/comments?post=2635"}],"version-history":[{"count":6,"href":"https:\/\/memoriadaculturaesportebsb.com.br\/index.php\/wp-json\/wp\/v2\/posts\/2635\/revisions"}],"predecessor-version":[{"id":2649,"href":"https:\/\/memoriadaculturaesportebsb.com.br\/index.php\/wp-json\/wp\/v2\/posts\/2635\/revisions\/2649"}],"wp:attachment":[{"href":"https:\/\/memoriadaculturaesportebsb.com.br\/index.php\/wp-json\/wp\/v2\/media?parent=2635"}],"wp:term":[{"taxonomy":"category","embeddable":true,"href":"https:\/\/memoriadaculturaesportebsb.com.br\/index.php\/wp-json\/wp\/v2\/categories?post=2635"},{"taxonomy":"post_tag","embeddable":true,"href":"https:\/\/memoriadaculturaesportebsb.com.br\/index.php\/wp-json\/wp\/v2\/tags?post=2635"}],"curies":[{"name":"wp","href":"https:\/\/api.w.org\/{rel}","templated":true}]}}