{"id":2625,"date":"2024-08-01T10:44:37","date_gmt":"2024-08-01T13:44:37","guid":{"rendered":"https:\/\/memoriadaculturaesportebsb.com.br\/?p=2625"},"modified":"2024-08-01T11:06:51","modified_gmt":"2024-08-01T14:06:51","slug":"caio-sena-bonfim-sobradinho-df-entra-para-o-mapa-do-atletismo-olimpico-mundial","status":"publish","type":"post","link":"https:\/\/memoriadaculturaesportebsb.com.br\/index.php\/2024\/08\/01\/caio-sena-bonfim-sobradinho-df-entra-para-o-mapa-do-atletismo-olimpico-mundial\/","title":{"rendered":"Caio Sena Bonfim: Sobradinho entra para o mapa do atletismo ol\u00edmpico"},"content":{"rendered":"<p style=\"text-align: center;\"><strong><em>Tendo a majestosa Torre Eifel como painel de fundo o brasiliense de Sobradinho, Caio Bonfim, conquistou a medalha de prata na prova de marcha atl\u00e9tica de 20km dos Jogos Ol\u00edmpicos de Paris. <\/em><\/strong><\/p>\n<p style=\"text-align: center;\"><strong><em>O feito ocorreu na madrugada desta quinta-feira, primeiro de agosto, inaugurando as provas de atletismo da competi\u00e7\u00e3o.<\/em><\/strong><\/p>\n<figure id=\"attachment_2626\" aria-describedby=\"caption-attachment-2626\" style=\"width: 577px\" class=\"wp-caption aligncenter\"><a href=\"https:\/\/memoriadaculturaesportebsb.com.br\/wp-content\/uploads\/2024\/08\/caio1.jpg\"><img loading=\"lazy\" decoding=\"async\" class=\"wp-image-2626 size-full\" src=\"https:\/\/memoriadaculturaesportebsb.com.br\/wp-content\/uploads\/2024\/08\/caio1.jpg\" alt=\"\" width=\"577\" height=\"867\" srcset=\"https:\/\/memoriadaculturaesportebsb.com.br\/wp-content\/uploads\/2024\/08\/caio1.jpg 577w, https:\/\/memoriadaculturaesportebsb.com.br\/wp-content\/uploads\/2024\/08\/caio1-200x300.jpg 200w\" sizes=\"auto, (max-width: 577px) 100vw, 577px\" \/><\/a><figcaption id=\"caption-attachment-2626\" class=\"wp-caption-text\">Foto: COB<\/figcaption><\/figure>\n<p><strong><em>Chegar ao p\u00f3dio ol\u00edmpico do atletismo \u00e9 o primeiro feito de um atleta do Distrito Federal 40 anos depois da medalha de outro brasiliense, Joaquim Cruz, ouro nas Olimp\u00edadas de Los Angeles, 1984. Cruz tamb\u00e9m ganhou prata, na mesma prova, nos Jogos de Seul, 1988.<\/em><\/strong><\/p>\n<p><strong>Fazendo hist\u00f3ria<\/strong><\/p>\n<p><a href=\"https:\/\/memoriadaculturaesportebsb.com.br\/wp-content\/uploads\/2024\/08\/caio2.jpg\"><img loading=\"lazy\" decoding=\"async\" class=\"alignleft wp-image-2627 size-medium\" src=\"https:\/\/memoriadaculturaesportebsb.com.br\/wp-content\/uploads\/2024\/08\/caio2-295x300.jpg\" alt=\"\" width=\"295\" height=\"300\" srcset=\"https:\/\/memoriadaculturaesportebsb.com.br\/wp-content\/uploads\/2024\/08\/caio2-295x300.jpg 295w, https:\/\/memoriadaculturaesportebsb.com.br\/wp-content\/uploads\/2024\/08\/caio2-70x70.jpg 70w, https:\/\/memoriadaculturaesportebsb.com.br\/wp-content\/uploads\/2024\/08\/caio2.jpg 395w\" sizes=\"auto, (max-width: 295px) 100vw, 295px\" \/><\/a>Caio, filho de pais intimamente ligados ao atletismo, Jo\u00e3o Sena, t\u00e9cnico, e Gianetti Sena, ex-atleta, heptacampe\u00e3 brasileira da marcha e treinadora do filho, cumpriu os 20km em Paris com o tempo de 1h19m09s. O medalhista de ouro, Brian Daniel Pintado, do Equador, fez 14s menos, 1h18min55s. O p\u00f3dio foi fechado pelo espanhol Alvaro Martin, bronze, com 1h19m11s. 39\u00b0.<\/p>\n<p><strong>Depoimento<\/strong><\/p>\n<p><strong><em>\u201cOlimp\u00edadas \u00e9 diferente de tudo, n\u00e9, cara? Tinha uma expectativa, mas voc\u00ea viu tanto que \u00e9 forte o n\u00edvel. E Deus proporcionou esse momento. A gente se entregou. Jogos ol\u00edmpicos n\u00e3o s\u00e3o s\u00f3 essas 20 voltas aqui. \u00c9 um trabalho, mas tamb\u00e9m o resultado, gra\u00e7as a Deus, valeu a pena. Eu queria, eu entreguei o meu melhor todos os dias, todas as voltas, todos os momentos, todos os treinamentos deste ciclo ol\u00edmpico curto de tr\u00eas anos para que eu passasse antes da minha chegada olhar para tr\u00e1s e falar: &#8220;cara, eu entreguei&#8221;. Tudo que eu podia entregar. Tomara que seja suficiente, e gra\u00e7as a Deus foi. Eu estava com duas faltas ali no final, ent\u00e3o pra mim n\u00e3o importava &#8211; disse Caio Bonfim ap\u00f3s a prata.<\/em><\/strong><\/p>\n<p><strong><em>\u00a0<\/em><\/strong><strong>A carreira<\/strong><\/p>\n<p>A carreira de Caio em n\u00edvel pr\u00e9-ol\u00edmpico come\u00e7ou nos Jogos Pan-Americanos do M\u00e9xico em 2011. Por\u00e9m, a 50 metros da chegada, ele foi punido pelo terceiro cart\u00e3o e foi eliminado da prova.<\/p>\n<p>J\u00e1 em Jogos Ol\u00edmpicos, Caio estreou em Londres 2012, quando terminou a prova de 20km em 39\u00ba lugar. Sem desanimar voltou para Sobradinho, no Distrito Federal, e intensificou os treinos, sobre a orienta\u00e7\u00e3o da m\u00e3e, na pista do est\u00e1dio Augostinho Lima.<\/p>\n<p><a href=\"https:\/\/memoriadaculturaesportebsb.com.br\/wp-content\/uploads\/2024\/08\/caio3.jpg\"><img loading=\"lazy\" decoding=\"async\" class=\"alignleft size-full wp-image-2628\" src=\"https:\/\/memoriadaculturaesportebsb.com.br\/wp-content\/uploads\/2024\/08\/caio3.jpg\" alt=\"\" width=\"248\" height=\"208\" \/><\/a>Tr\u00eas anos depois de Londres, veio, enfim, a medalha, bronze, nos Jogos Pan-Americanos de Toronto, em 2015. Foi uma esp\u00e9cie de treinamento para as Olimp\u00edadas Rio 2016. Apesar do bom desempenho, ficou em quarto lugar, mas o p\u00f3dio se aproximava desse abnegado e persistente atleta, na foto com sua m\u00e3e, Gianetti.<\/p>\n<p>Caio j\u00e1 era conhecido no mundo do atletismo pela sua evolu\u00e7\u00e3o na modalidade. Assim, foi duas vezes medalha de bronze nos Mundiais de Marcha Atl\u00e9ticop, Londres, em 2017 e Budapeste 2023.<\/p>\n<p>Com esse desempenho, Caio j\u00e1 aparecia entre os favoritos para as Olimp\u00edadas de Paris. Nessa prova, disparou, logo no in\u00edcio, mas foi advertido duas vezes e moderou. Ele n\u00e3o poderia receber o terceiro cart\u00e3o sob pena de ser desclassificado. Em determinado momento da prova, chegou a estar em 30\u00ba lugar, mas reagiu at\u00e9 chegar ao pelot\u00e3o dos l\u00edderes, onde assumiu a vice-lideran\u00e7a at\u00e9 fechar a prova.<\/p>\n<p><strong>Dificuldades<\/strong><\/p>\n<p>Quando nasceu, em 1991, na cidade sat\u00e9lite de Sobradinho, h\u00e1 20km do centro de Bras\u00edlia, Caio foi identificado com intoler\u00e2ncia \u00e0 lactose. Em decorr\u00eancias, as suas perninhas ficaram arqueadas, devido \u00e0 falta de lactose. O tratamento foi longo e de muitas expectativas.<\/p>\n<p>Caio passou por v\u00e1rias cirurgias logo nos primeiros anos de vida, realizadas pelo m\u00e9dico \u00c1lvaro Nomura. A aplica\u00e7\u00e3o de gesso na p\u00f3s-cirurgia ajudava no realinhamento das perninhas da crian\u00e7a, mas tudo indicava que ele teria dificuldades para andar normalmente.<\/p>\n<p>O tempo passou, os primeiros passos, as caminhadas, vieram os treinos, as viagens e as competi\u00e7\u00f5es.<\/p>\n<p>Caio, que era apaixonado por futebol,<\/p>\n<p><strong><em>\u00a0 \u00a0 \u00a0 \u00a0<\/em><\/strong><\/p>\n<figure id=\"attachment_2629\" aria-describedby=\"caption-attachment-2629\" style=\"width: 284px\" class=\"wp-caption aligncenter\"><a href=\"https:\/\/memoriadaculturaesportebsb.com.br\/wp-content\/uploads\/2024\/08\/caio4.jpg\"><img loading=\"lazy\" decoding=\"async\" class=\"size-full wp-image-2629\" src=\"https:\/\/memoriadaculturaesportebsb.com.br\/wp-content\/uploads\/2024\/08\/caio4.jpg\" alt=\"\" width=\"284\" height=\"555\" srcset=\"https:\/\/memoriadaculturaesportebsb.com.br\/wp-content\/uploads\/2024\/08\/caio4.jpg 284w, https:\/\/memoriadaculturaesportebsb.com.br\/wp-content\/uploads\/2024\/08\/caio4-154x300.jpg 154w\" sizes=\"auto, (max-width: 284px) 100vw, 284px\" \/><\/a><figcaption id=\"caption-attachment-2629\" class=\"wp-caption-text\">Foto: \u00e1lbum de fam\u00edlia<\/figcaption><\/figure>\n<p>come\u00e7ou a acompanhar Jo\u00e3o e Gianetti, ent\u00e3o atleta, na pista de atletismo de Sobradinho&#8230; E, aos poucos, vieram as primeiras marchas&#8230;<\/p>\n<p><strong><em>\u00a0<\/em><\/strong><strong><em>Paris, 1\u00ba de agosto de 2024. <\/em><\/strong><\/p>\n<p><strong><em>O garoto de perninhas tortas nos anos 1990 est\u00e1 no p\u00f3dio ol\u00edmpico dos Jogos de Paris. Medalha de prata na marcha atl\u00e9tica!<\/em><\/strong><\/p>\n<p><a href=\"https:\/\/memoriadaculturaesportebsb.com.br\/wp-content\/uploads\/2024\/08\/caio5.jpg\"><img loading=\"lazy\" decoding=\"async\" class=\"aligncenter size-full wp-image-2630\" src=\"https:\/\/memoriadaculturaesportebsb.com.br\/wp-content\/uploads\/2024\/08\/caio5.jpg\" alt=\"\" width=\"630\" height=\"783\" srcset=\"https:\/\/memoriadaculturaesportebsb.com.br\/wp-content\/uploads\/2024\/08\/caio5.jpg 630w, https:\/\/memoriadaculturaesportebsb.com.br\/wp-content\/uploads\/2024\/08\/caio5-241x300.jpg 241w\" sizes=\"auto, (max-width: 630px) 100vw, 630px\" \/><\/a><\/p>\n<p><strong><em>\u00a0<\/em><\/strong><\/p>\n","protected":false},"excerpt":{"rendered":"<p>Tendo a majestosa Torre Eifel como painel de fundo o brasiliense de Sobradinho, Caio Bonfim, conquistou a medalha de prata na prova de marcha atl\u00e9tica de 20km dos Jogos Ol\u00edmpicos de Paris. O feito ocorreu na madrugada desta quinta-feira, primeiro de agosto, inaugurando as provas de atletismo da competi\u00e7\u00e3o. Chegar ao p\u00f3dio ol\u00edmpico do atletismo &hellip;<\/p>\n","protected":false},"author":2,"featured_media":0,"comment_status":"closed","ping_status":"closed","sticky":false,"template":"","format":"standard","meta":{"footnotes":""},"categories":[13,4,14],"tags":[],"class_list":["post-2625","post","type-post","status-publish","format-standard","","category-colunistas","category-esporte","category-jose-cruz"],"_links":{"self":[{"href":"https:\/\/memoriadaculturaesportebsb.com.br\/index.php\/wp-json\/wp\/v2\/posts\/2625","targetHints":{"allow":["GET"]}}],"collection":[{"href":"https:\/\/memoriadaculturaesportebsb.com.br\/index.php\/wp-json\/wp\/v2\/posts"}],"about":[{"href":"https:\/\/memoriadaculturaesportebsb.com.br\/index.php\/wp-json\/wp\/v2\/types\/post"}],"author":[{"embeddable":true,"href":"https:\/\/memoriadaculturaesportebsb.com.br\/index.php\/wp-json\/wp\/v2\/users\/2"}],"replies":[{"embeddable":true,"href":"https:\/\/memoriadaculturaesportebsb.com.br\/index.php\/wp-json\/wp\/v2\/comments?post=2625"}],"version-history":[{"count":4,"href":"https:\/\/memoriadaculturaesportebsb.com.br\/index.php\/wp-json\/wp\/v2\/posts\/2625\/revisions"}],"predecessor-version":[{"id":2634,"href":"https:\/\/memoriadaculturaesportebsb.com.br\/index.php\/wp-json\/wp\/v2\/posts\/2625\/revisions\/2634"}],"wp:attachment":[{"href":"https:\/\/memoriadaculturaesportebsb.com.br\/index.php\/wp-json\/wp\/v2\/media?parent=2625"}],"wp:term":[{"taxonomy":"category","embeddable":true,"href":"https:\/\/memoriadaculturaesportebsb.com.br\/index.php\/wp-json\/wp\/v2\/categories?post=2625"},{"taxonomy":"post_tag","embeddable":true,"href":"https:\/\/memoriadaculturaesportebsb.com.br\/index.php\/wp-json\/wp\/v2\/tags?post=2625"}],"curies":[{"name":"wp","href":"https:\/\/api.w.org\/{rel}","templated":true}]}}