{"id":2582,"date":"2024-07-21T17:14:27","date_gmt":"2024-07-21T20:14:27","guid":{"rendered":"https:\/\/memoriadaculturaesportebsb.com.br\/?p=2582"},"modified":"2024-07-21T17:16:12","modified_gmt":"2024-07-21T20:16:12","slug":"o-carnaval-a-censura-e-o-medo-dos-folioes","status":"publish","type":"post","link":"https:\/\/memoriadaculturaesportebsb.com.br\/index.php\/2024\/07\/21\/o-carnaval-a-censura-e-o-medo-dos-folioes\/","title":{"rendered":"O Carnaval, a censura e o medo dos foli\u00f5es"},"content":{"rendered":"<p><strong><em>Por H\u00e9lio Tremendani<\/em><\/strong><\/p>\n<blockquote><p><strong><em>A hist\u00f3ria que vou contar \u00e9 real, aconteceu mesmo e dela participei no olho do furac\u00e3o. Ocorreu nos tempos da ditadura militar, jornalisticamente conhecidos como \u201canos de chumbo\u201d, devido \u00e0 dureza do regime, que os militares sintetizavam como do \u201cprende e arrebenta\u201d.<\/em><\/strong><\/p><\/blockquote>\n<p><a href=\"https:\/\/memoriadaculturaesportebsb.com.br\/wp-content\/uploads\/2024\/07\/pacotao4.jpg\"><img loading=\"lazy\" decoding=\"async\" class=\"alignleft wp-image-2587 size-medium\" src=\"https:\/\/memoriadaculturaesportebsb.com.br\/wp-content\/uploads\/2024\/07\/pacotao4-243x300.jpg\" alt=\"\" width=\"243\" height=\"300\" srcset=\"https:\/\/memoriadaculturaesportebsb.com.br\/wp-content\/uploads\/2024\/07\/pacotao4-243x300.jpg 243w, https:\/\/memoriadaculturaesportebsb.com.br\/wp-content\/uploads\/2024\/07\/pacotao4.jpg 498w\" sizes=\"auto, (max-width: 243px) 100vw, 243px\" \/><\/a>O fato come\u00e7ou em 1977 e terminou em 1988, mais de 10 anos depois de implantado o regime que suspendeu elei\u00e7\u00f5es e fechou o Congresso Nacional. O jogo era pesado e todo cuidado era pouco.<\/p>\n<p><strong>A reuni\u00e3o<\/strong><\/p>\n<p>Eu e os amigos Sabino e Thi\u00f3 fomos convidados para uma reuni\u00e3o num bar da Asa Norte. O objetivo do encontro era para que a ARUC, de cuja diretoria n\u00f3s particip\u00e1vamos, apoiasse o bloco carnavalesco \u201cPacot\u00e3o\u201d, fundado pelos jornalistas e que faria o seu primeiro desfile no Carnaval de 1978. Resumindo: os jornalistas queriam a ades\u00e3o da Bateria da ARUC, que desfilava com excelentes ritmistas. As reuni\u00f5es se sucederam e entraram no ano seguinte, 1978.<\/p>\n<p>Para quem n\u00e3o conheceu, \u00e9 bom lembrar que o Pacot\u00e3o era um bloco que afrontava \u00e0s autoridades da \u00e9poca com faixas criativas e cr\u00edticas ao regime. A ousadia e criatividade de seus desfiles ganharam o notici\u00e1rio nacional e levavam milhares de foli\u00f5es \u00e0s ruas, sempre com o seu tradicional estandarte que abria o desfile:<\/p>\n<p><strong>\u201cSociedade Armorial, Pataf\u00edsica e Rusticana O Pacot\u00e3o\u201d<\/strong><\/p>\n<figure id=\"attachment_2586\" aria-describedby=\"caption-attachment-2586\" style=\"width: 330px\" class=\"wp-caption aligncenter\"><a href=\"https:\/\/memoriadaculturaesportebsb.com.br\/wp-content\/uploads\/2024\/07\/pacotao3.jpg\"><img loading=\"lazy\" decoding=\"async\" class=\"wp-image-2586 size-full\" src=\"https:\/\/memoriadaculturaesportebsb.com.br\/wp-content\/uploads\/2024\/07\/pacotao3.jpg\" alt=\"\" width=\"330\" height=\"270\" srcset=\"https:\/\/memoriadaculturaesportebsb.com.br\/wp-content\/uploads\/2024\/07\/pacotao3.jpg 330w, https:\/\/memoriadaculturaesportebsb.com.br\/wp-content\/uploads\/2024\/07\/pacotao3-300x245.jpg 300w\" sizes=\"auto, (max-width: 330px) 100vw, 330px\" \/><\/a><figcaption id=\"caption-attachment-2586\" class=\"wp-caption-text\">Desfile sempre na contram\u00e3o<\/figcaption><\/figure>\n<p><strong>\u00a0<\/strong><strong>Censura <\/strong><\/p>\n<p>Conversa vai, conversa vem e numa daquelas reuni\u00f5es foi dito por algu\u00e9m que no desfile do ano seguinte a ARUC n\u00e3o poderia citar o nome \u201cJK\u201d, no samba enredo de homenagem a Juscelino Kubitscheck. JK havia tido os seus direitos pol\u00edticos cassados e a censura n\u00e3o permitiria homenagem p\u00fablica t\u00e3o expl\u00edcita. A not\u00edcia da censura a JK era in\u00e9dita e&#8230;<\/p>\n<p><strong>Furo do JB<\/strong><\/p>\n<p>Na reuni\u00e3o tamb\u00e9m estavam experientes jornalistas-foli\u00f5es que, claro, aproveitaram essa informa\u00e7\u00e3o para abrir manchetes, como disse o Jornal do Brasil, por exemplo:<\/p>\n<p><strong><em>\u201cCensura pro\u00edbe escola de mencionar\u00a0<\/em><\/strong><strong><em>Juscelino em samba-exalta\u00e7\u00e3o a Bras\u00edlia\u201d<\/em><\/strong><\/p>\n<p>O Jornal do Brasil era o principal e o mais influente jornal do pa\u00eds naquela \u00e9poca. O que sa\u00eda repercutia muito e a tal not\u00edcia carnavalesca deixou os militares muito irados.<\/p>\n<p><a href=\"https:\/\/memoriadaculturaesportebsb.com.br\/wp-content\/uploads\/2024\/07\/pacotao2.jpg\"><img loading=\"lazy\" decoding=\"async\" class=\"aligncenter wp-image-2585 size-full\" src=\"https:\/\/memoriadaculturaesportebsb.com.br\/wp-content\/uploads\/2024\/07\/pacotao2.jpg\" alt=\"\" width=\"431\" height=\"316\" srcset=\"https:\/\/memoriadaculturaesportebsb.com.br\/wp-content\/uploads\/2024\/07\/pacotao2.jpg 431w, https:\/\/memoriadaculturaesportebsb.com.br\/wp-content\/uploads\/2024\/07\/pacotao2-300x220.jpg 300w\" sizes=\"auto, (max-width: 431px) 100vw, 431px\" \/><\/a><\/p>\n<p>Foi tanta a indigna\u00e7\u00e3o da turma do outro lado que eu, Sabino e Thi\u00f3 passamos a ser perseguidos e a receber amea\u00e7as di\u00e1rias.\u00a0 O que mais tem\u00edamos era a pris\u00e3o. Se isso se concretizasse, sabe-se l\u00e1 o que poderia ter acontecido com a gente.<\/p>\n<p><strong>Grande Oliveira Bastos!<\/strong><\/p>\n<p>A barra ficou pesada nos dias seguintes e as amea\u00e7as cresciam. Foi ent\u00e3o que decidimos ir conversar com o jornalista Oliveira Bastos, que trabalhava no Correio Braziliense. Com texto brilhante, ele era muito influente e respeitado na cidade, inclusive pelos militares.<\/p>\n<p>\u201cVoc\u00eas n\u00e3o sabem no que mexeram\u201d, ele nos disse. \u201cOs milicos est\u00e3o uma fera e prometem reagir\u201d, garantiu, segundo informa\u00e7\u00f5es que ele tinha.<\/p>\n<p>Nosso medo aumentou. Afinal, vazar uma informa\u00e7\u00e3o que era tida como segredo entre a turma que mandava o pa\u00eds, era um fato grav\u00edssimo. Nossos dias se tornaram um pesadelo. Caminh\u00e1vamos pelas ruas de Bras\u00edlia olhando para os lados e para tr\u00e1s. O medo era constante.<\/p>\n<p><strong><em>Imprensa de Bras\u00edlia tamb\u00e9m deu ampla cobertura ao epis\u00f3dio que censurou homenagem da ARUC a JK<\/em><\/strong><\/p>\n<figure id=\"attachment_2584\" aria-describedby=\"caption-attachment-2584\" style=\"width: 617px\" class=\"wp-caption aligncenter\"><a href=\"https:\/\/memoriadaculturaesportebsb.com.br\/wp-content\/uploads\/2024\/07\/pacotao1.jpg\"><img loading=\"lazy\" decoding=\"async\" class=\"wp-image-2584 size-full\" src=\"https:\/\/memoriadaculturaesportebsb.com.br\/wp-content\/uploads\/2024\/07\/pacotao1.jpg\" alt=\"\" width=\"617\" height=\"302\" srcset=\"https:\/\/memoriadaculturaesportebsb.com.br\/wp-content\/uploads\/2024\/07\/pacotao1.jpg 617w, https:\/\/memoriadaculturaesportebsb.com.br\/wp-content\/uploads\/2024\/07\/pacotao1-300x147.jpg 300w\" sizes=\"auto, (max-width: 617px) 100vw, 617px\" \/><\/a><figcaption id=\"caption-attachment-2584\" class=\"wp-caption-text\">Calem a boca<\/figcaption><\/figure>\n<p>Oliveira nos aconselhou silenciar, calar a boca, n\u00e3o falar mais nada sobre o assunto. \u201cCalem a boca que vou ver o que posso fazer\u201d, afirmou ele.<\/p>\n<p>E foi assim, gra\u00e7as a interfer\u00eancia de Oliveira Bastos \u2013 que gostava muito da ARUC e sempre nos apoiou noticiando os nossos eventos \u2013 que estamos aqui para contar esta hist\u00f3ria.<\/p>\n<p>Bons tempos aqueles do querido Pacot\u00e3o. Os sambas-enredos eram geniais. A gente sambava, se divertia e, nesse caso, tamb\u00e9m trememos muito. Com pavor da pris\u00e3o!<\/p>\n<p>&nbsp;<\/p>\n","protected":false},"excerpt":{"rendered":"<p>Por H\u00e9lio Tremendani A hist\u00f3ria que vou contar \u00e9 real, aconteceu mesmo e dela participei no olho do furac\u00e3o. Ocorreu nos tempos da ditadura militar, jornalisticamente conhecidos como \u201canos de chumbo\u201d, devido \u00e0 dureza do regime, que os militares sintetizavam como do \u201cprende e arrebenta\u201d. O fato come\u00e7ou em 1977 e terminou em 1988, mais &hellip;<\/p>\n","protected":false},"author":2,"featured_media":2586,"comment_status":"closed","ping_status":"closed","sticky":false,"template":"","format":"standard","meta":{"footnotes":""},"categories":[13,2,16],"tags":[],"class_list":["post-2582","post","type-post","status-publish","format-standard","has-post-thumbnail","","category-colunistas","category-cultura","category-helio-tremendani"],"_links":{"self":[{"href":"https:\/\/memoriadaculturaesportebsb.com.br\/index.php\/wp-json\/wp\/v2\/posts\/2582","targetHints":{"allow":["GET"]}}],"collection":[{"href":"https:\/\/memoriadaculturaesportebsb.com.br\/index.php\/wp-json\/wp\/v2\/posts"}],"about":[{"href":"https:\/\/memoriadaculturaesportebsb.com.br\/index.php\/wp-json\/wp\/v2\/types\/post"}],"author":[{"embeddable":true,"href":"https:\/\/memoriadaculturaesportebsb.com.br\/index.php\/wp-json\/wp\/v2\/users\/2"}],"replies":[{"embeddable":true,"href":"https:\/\/memoriadaculturaesportebsb.com.br\/index.php\/wp-json\/wp\/v2\/comments?post=2582"}],"version-history":[{"count":1,"href":"https:\/\/memoriadaculturaesportebsb.com.br\/index.php\/wp-json\/wp\/v2\/posts\/2582\/revisions"}],"predecessor-version":[{"id":2588,"href":"https:\/\/memoriadaculturaesportebsb.com.br\/index.php\/wp-json\/wp\/v2\/posts\/2582\/revisions\/2588"}],"wp:featuredmedia":[{"embeddable":true,"href":"https:\/\/memoriadaculturaesportebsb.com.br\/index.php\/wp-json\/wp\/v2\/media\/2586"}],"wp:attachment":[{"href":"https:\/\/memoriadaculturaesportebsb.com.br\/index.php\/wp-json\/wp\/v2\/media?parent=2582"}],"wp:term":[{"taxonomy":"category","embeddable":true,"href":"https:\/\/memoriadaculturaesportebsb.com.br\/index.php\/wp-json\/wp\/v2\/categories?post=2582"},{"taxonomy":"post_tag","embeddable":true,"href":"https:\/\/memoriadaculturaesportebsb.com.br\/index.php\/wp-json\/wp\/v2\/tags?post=2582"}],"curies":[{"name":"wp","href":"https:\/\/api.w.org\/{rel}","templated":true}]}}