{"id":2566,"date":"2024-07-21T16:29:05","date_gmt":"2024-07-21T19:29:05","guid":{"rendered":"https:\/\/memoriadaculturaesportebsb.com.br\/?p=2566"},"modified":"2024-07-21T16:38:00","modified_gmt":"2024-07-21T19:38:00","slug":"michael-o-craque-de-sobradinho-que-se-tornou-mestre","status":"publish","type":"post","link":"https:\/\/memoriadaculturaesportebsb.com.br\/index.php\/2024\/07\/21\/michael-o-craque-de-sobradinho-que-se-tornou-mestre\/","title":{"rendered":"MICHAEL:\u00a0O craque de Sobradinho que se tornou Mestre"},"content":{"rendered":"<p><strong>\u00a0P<\/strong><strong>or <\/strong><strong>H\u00e9lio Tremendani e Jos\u00e9 Cruz<\/strong><\/p>\n<p>Sobradinho, a cerca de 20km do centro de Bras\u00edlia, a mais serrana das cidades-sat\u00e9lites do Distrito Federal, est\u00e1 localizada \u00e0s margens da estrada rumo ao Nordeste do pa\u00eds.<\/p>\n<p>Com intenso com\u00e9rcio, ali respira-se o ar da altitude, tamb\u00e9m gra\u00e7as aos morros e farta vegeta\u00e7\u00e3o que circundam a regi\u00e3o. A cidade surgiu a partir da desapropria\u00e7\u00e3o de terras nas fazendas Paranoazinho e Sobradinho e foi se formando com boa participa\u00e7\u00e3o de cariocas, principalmente bombeiros e policiais militares, que vinham para a nova capital. E, claro, o futebol logo se integrou \u00e0 nova comunidade e dali surgiram talentos que, agora, contam suas hist\u00f3rias.<\/p>\n<p><strong><em><a href=\"https:\/\/memoriadaculturaesportebsb.com.br\/wp-content\/uploads\/2024\/07\/mi1.jpg\"><img loading=\"lazy\" decoding=\"async\" class=\"alignleft wp-image-2567 size-medium\" src=\"https:\/\/memoriadaculturaesportebsb.com.br\/wp-content\/uploads\/2024\/07\/mi1-175x300.jpg\" alt=\"\" width=\"175\" height=\"300\" srcset=\"https:\/\/memoriadaculturaesportebsb.com.br\/wp-content\/uploads\/2024\/07\/mi1-175x300.jpg 175w, https:\/\/memoriadaculturaesportebsb.com.br\/wp-content\/uploads\/2024\/07\/mi1.jpg 324w\" sizes=\"auto, (max-width: 175px) 100vw, 175px\" \/><\/a>Com 80 mil habitantes, em Sobradinho mora um desportista \u201clegitimo filho da terra\u201d, Michael Jos\u00e9 Bastos (foto), hoje com 58 anos, um dos pioneiros do bom futebol daquelas bandas da Capital federal.<\/em><\/strong><strong><em>\u00a0 \u00a0 \u00a0 \u00a0 \u00a0 \u00a0 \u00a0 \u00a0 \u00a0 \u00a0 \u00a0 \u00a0 \u00a0 \u00a0 \u00a0 \u00a0 \u00a0 \u00a0 \u00a0 \u00a0 \u00a0 \u00a0 \u00a0 \u00a0 \u00a0\u00a0<\/em><\/strong><\/p>\n<p><strong><em>Cidade de desportistas<\/em><\/strong><\/p>\n<p>Em termos esportivos, a cidade ganhou destaque nacional em 1995, quando Carmem de Oliveira, que ali mora at\u00e9 hoje, consagrou-se como a primeira brasileira a vencer a tradicional corrida de S\u00e3o Silvestre, a mais antiga prova de rua do pa\u00eds, que no ano que vem completar\u00e1 o seu centen\u00e1rio.<\/p>\n<p>Um ano antes, Carmem j\u00e1 havia se destacado nas provas de rua ao se tornar a primeira corredora sul-americana a concluir uma maratona em menos de 2h30min: ela fez 2h27min na tradicional Maratona de Boston (EUA).<\/p>\n<figure id=\"attachment_2568\" aria-describedby=\"caption-attachment-2568\" style=\"width: 222px\" class=\"wp-caption aligncenter\"><a href=\"https:\/\/memoriadaculturaesportebsb.com.br\/wp-content\/uploads\/2024\/07\/mi2.jpg\"><img loading=\"lazy\" decoding=\"async\" class=\"wp-image-2568 size-full\" src=\"https:\/\/memoriadaculturaesportebsb.com.br\/wp-content\/uploads\/2024\/07\/mi2.jpg\" alt=\"\" width=\"222\" height=\"131\" \/><\/a><figcaption id=\"caption-attachment-2568\" class=\"wp-caption-text\">Carmem, ex-atleta de Sobradinho<\/figcaption><\/figure>\n<p><strong>De juvenil a profissional<\/strong><\/p>\n<p>Corridas \u00e0 parte, vamos para o campo de jogo, onde o personagem da vez \u00e9 Michael, sobradinhense que foi peladeiro como todo garoto da \u00e9poca, em campos de terra batida ou de barro, nas temporadas chuvosas do Centro-Oeste brasileiro.<\/p>\n<p>Hoje, aos 58 anos ele lembra a sua evolu\u00e7\u00e3o no futebol e se orgulha de fazer parte da hist\u00f3ria esportiva da cidade como jogador, inicialmente e, agora, como vice-presidente do clube onde se formou aleta, o Sobradinho Esporte Clube.<\/p>\n<blockquote><p><strong><em>\u201cTenho orgulho de fazer parte da gera\u00e7\u00e3o de desportistas da cidade. Tenho orgulho de ser de Sobradinho\u201d<\/em><\/strong><\/p><\/blockquote>\n<p><strong>Entendimento<\/strong><\/p>\n<p>O Sobradinho surgiu em 1975, resultado de um entendimento de dois personagens de atividades extremas: Tuchiello, empres\u00e1rio que era dono do Internacional, time formador, e o Imperial, ent\u00e3o dirigido por Anibal, que era gari nas ruas da cidade.<\/p>\n<p>O futebol, todos sabem, \u00e9 capaz dessas proezas, e foi assim que a dupla se acertou e juntou a garotada para formar o Sobradinho Esporte Clube, o \u201cLe\u00e3o da Serra\u201d, que tem o est\u00e1dio Jornalista Augustinho Lima, em cuja pista que circunda o campo de futebol s\u00e3o realizadas atividades de atletismo.<\/p>\n<p>Al\u00e9m disso, o Sobradinho surgiu usando, tamb\u00e9m, a estrutura de outro clube formador da \u00e9poca, o Campineira, que j\u00e1 havia se tornado bicampe\u00e3o brasileiro da \u201cTa\u00e7a Arizona\u201d, correspondente ao campeonato brasileiro de futebol amador.<\/p>\n<p><strong>O in\u00edcio<\/strong><\/p>\n<p>\u201cComecei no futebol ainda garoto e em 1977, me sagrei bicampe\u00e3o no campeonato de Escolinhas, quando eu tinha 11 anos, jogando pelo Internacional\u201d, conta Michael.<\/p>\n<figure id=\"attachment_2569\" aria-describedby=\"caption-attachment-2569\" style=\"width: 210px\" class=\"wp-caption alignleft\"><a href=\"https:\/\/memoriadaculturaesportebsb.com.br\/wp-content\/uploads\/2024\/07\/mi3.jpg\"><img loading=\"lazy\" decoding=\"async\" class=\"wp-image-2569 size-medium\" src=\"https:\/\/memoriadaculturaesportebsb.com.br\/wp-content\/uploads\/2024\/07\/mi3-210x300.jpg\" alt=\"\" width=\"210\" height=\"300\" srcset=\"https:\/\/memoriadaculturaesportebsb.com.br\/wp-content\/uploads\/2024\/07\/mi3-210x300.jpg 210w, https:\/\/memoriadaculturaesportebsb.com.br\/wp-content\/uploads\/2024\/07\/mi3.jpg 427w\" sizes=\"auto, (max-width: 210px) 100vw, 210px\" \/><\/a><figcaption id=\"caption-attachment-2569\" class=\"wp-caption-text\">Michael ergue a ta\u00e7a de seu primeiro t\u00edtulo.\u00a0Orgulho da mam\u00e3e Eni<\/figcaption><\/figure>\n<p>Com 15 anos, Michael j\u00e1 estava na base do Sobradinho, como meia direita. Um ano depois, ganhou o Campeonato Juvenil de Bras\u00edlia.<\/p>\n<p>O tempo passou e, em termos profissionais, os principais t\u00edtulos que ele conquistou foram os de 1985 e 1986, quando o Sobradinho se sagrou bicampe\u00e3o brasiliense. Titular, Michael marcou o gol do t\u00edtulo na segunda conquista, 1&#215;0 sobre o Taguatinga.<\/p>\n<p><strong>Um bom time<\/strong><\/p>\n<p>Daqueles tempos, Michael tem boas lembran\u00e7as do colega de time, Toni, excelente finalizador e artilheiro. Foi vendido ao Botafogo do Rio de Janeiro e de l\u00e1 para o Val\u00eancia, da Espanha.<\/p>\n<p>\u201cNosso time era muito bom. O goleiro era o Bocaiuva, que veio do Cruzeiro, de Minas Gerais; o Artur e o Jamil eram do Vila Nova, de Goi\u00e1s, Chiquinho, Rildo, Toinz\u00e9&#8230; Os demais eram da base. Enfim, era um bom time, dirigido pelo t\u00e9cnico Jos\u00e9 Ant\u00f4nio.<\/p>\n<p><strong><em>\u00a0\u00a0\u00a0\u00a0\u00a0\u00a0\u00a0\u00a0\u00a0\u00a0\u00a0\u00a0\u00a0\u00a0\u00a0\u00a0\u00a0\u00a0\u00a0\u00a0\u00a0\u00a0\u00a0\u00a0\u00a0\u00a0\u00a0\u00a0\u00a0\u00a0\u00a0\u00a0\u00a0\u00a0\u00a0\u00a0\u00a0\u00a0\u00a0\u00a0\u00a0\u00a0\u00a0\u00a0\u00a0<\/em><\/strong><\/p>\n<figure id=\"attachment_2570\" aria-describedby=\"caption-attachment-2570\" style=\"width: 210px\" class=\"wp-caption aligncenter\"><a href=\"https:\/\/memoriadaculturaesportebsb.com.br\/wp-content\/uploads\/2024\/07\/mi4.jpg\"><img loading=\"lazy\" decoding=\"async\" class=\"wp-image-2570 size-full\" src=\"https:\/\/memoriadaculturaesportebsb.com.br\/wp-content\/uploads\/2024\/07\/mi4.jpg\" alt=\"\" width=\"210\" height=\"304\" srcset=\"https:\/\/memoriadaculturaesportebsb.com.br\/wp-content\/uploads\/2024\/07\/mi4.jpg 210w, https:\/\/memoriadaculturaesportebsb.com.br\/wp-content\/uploads\/2024\/07\/mi4-207x300.jpg 207w\" sizes=\"auto, (max-width: 210px) 100vw, 210px\" \/><\/a><figcaption id=\"caption-attachment-2570\" class=\"wp-caption-text\">R\u00e9gis, Toni e Michael, no\u00a0Sobradinho E.C.<\/figcaption><\/figure>\n<p>Na carreira profissional, Michael chegou a atuar pelo Taubat\u00e9, do interior de S\u00e3o Paulo. \u201cCampeonato pesado, dif\u00edcil, muitas viagens\u201d, lembra ele. Outros craques tamb\u00e9m sa\u00edram, como o Fil\u00f3 e Babinha, que foi para o Atl\u00e9tico MG; e R\u00e9gis, para o Fluminense. \u201cSempre tivemos jogadores bons, talentos vindos da base\u201d, revela Michael.<\/p>\n<p><strong>Dificuldades<\/strong><\/p>\n<p>Michael lembra, tamb\u00e9m, das dificuldades. Por exemplo: quando o time sagrou-se bicampe\u00e3o brasiliense, o uniforme usado era \u00fanico. No jogo decisivo de 1982, contra o Taguatinga, por exemplo, precisaram fazer remendos no uniforme, pois o material j\u00e1 estava bem desgastado de tanto usar e lavar. Tempos dif\u00edceis!<\/p>\n<p><strong><em>\u201cMas a gente jogava por amor \u00e0 cidade. Eu gosto demais de l\u00e1, gosto pra caramba de Sobradinho\u201d<\/em><\/strong><\/p>\n<figure id=\"attachment_2571\" aria-describedby=\"caption-attachment-2571\" style=\"width: 401px\" class=\"wp-caption aligncenter\"><a href=\"https:\/\/memoriadaculturaesportebsb.com.br\/wp-content\/uploads\/2024\/07\/mi5.jpg\"><img loading=\"lazy\" decoding=\"async\" class=\"wp-image-2571 size-full\" src=\"https:\/\/memoriadaculturaesportebsb.com.br\/wp-content\/uploads\/2024\/07\/mi5.jpg\" alt=\"\" width=\"401\" height=\"243\" srcset=\"https:\/\/memoriadaculturaesportebsb.com.br\/wp-content\/uploads\/2024\/07\/mi5.jpg 401w, https:\/\/memoriadaculturaesportebsb.com.br\/wp-content\/uploads\/2024\/07\/mi5-300x182.jpg 300w\" sizes=\"auto, (max-width: 401px) 100vw, 401px\" \/><\/a><figcaption id=\"caption-attachment-2571\" class=\"wp-caption-text\">O time bicampe\u00e3o brasiliense: da esquerda para a direita: Em p\u00e9: Bocaiuva, Chiquinho, Fil\u00f3, Toinz\u00e9, Claudinho, Rildo e Z\u00e9 Geraldo. Agachados: Regis, Michael, Toni Wellington e Jamil<\/figcaption><\/figure>\n<p><strong>O legado<\/strong><\/p>\n<p>O que ficou daqueles tempos valoriza a hist\u00f3ria do clube. O Sobradinho, por exemplo, foi o \u00fanico time de Bras\u00edlia que passou de fase na competi\u00e7\u00e3o que hoje corresponde \u00e0 Copa do Brasil. Na campanha, empatou duas vezes com Atl\u00e9tico MG (1&#215;1 e 0x0); tamb\u00e9m empatou com o S\u00e3o Paulo (1&#215;1) e com o Corinthians (0x0), em jogos que eram realizados no antigo est\u00e1dio Man\u00e9 Garrincha. Mas, foi eliminado pelo Internacional, de Porto Alegre, que venceu por 1&#215;0, aqui, e 3&#215;1, no Sul.<\/p>\n<p><strong>Estudante e gestor<\/strong><\/p>\n<p>Michael estudou no Centro Educacional n\u00ba 4. E hoje, aos 58 anos, ele est\u00e1 de volta \u00e0 mesma escola onde se apresenta como professor de Geografia, disciplina que escolheu para fazer a sua forma\u00e7\u00e3o superior.<\/p>\n<p>Mais: Michael \u00e9, tamb\u00e9m, o vice-presidente do clube em que se projetou para o futebol, depois de ter ocupado a presid\u00eancia no in\u00edcio dos anos 2000. O atual presidente \u00e9 Gildo Viana e o presidente de Honra \u00e9 Ricardo Vale. Augusto C\u00e9sar, ex-jogador do Corinthians \u00e9 o t\u00e9cnico.<\/p>\n<p><strong><em>\u201cSubir o time, atualmente disputando a segunda divis\u00e3o, para a elite do futebol candango \u00e9 a meta da atual diretoria\u201d<\/em><\/strong><\/p>\n<p>Fora da gest\u00e3o do clube, Michael ainda joga o seu futebol no bem cuidado campo do Minas Bras\u00edlia T\u00eanis Clube, tradicional agremia\u00e7\u00e3o de Bras\u00edlia, assim como no Cataventos, de Sobradinho.<\/p>\n<p><strong>Mensagem aos jovens<\/strong><\/p>\n<p>Michael conheceu os dois extremos da realidade da juventude em Sobradinho que, em resumo, era a mesma em toda Bras\u00edlia. Na adolesc\u00eancia, jogou bola, foi peladeiro e passou pelas categorias de base at\u00e9 se formar profissional. \u201cHoje, ao contr\u00e1rio, falta a base\u201d, quando havia fartura, antes.<\/p>\n<p>A quest\u00e3o educacional-social tamb\u00e9m \u00e9 outra. \u201cSou professor de uma gera\u00e7\u00e3o que, na maioria dos estudantes, h\u00e1 internet \u00e0 disposi\u00e7\u00e3o. Dei aula na periferia de Sobradinho e l\u00e1 o tablet n\u00e3o chega a todos os estudantes\u201d, diz ele.<\/p>\n<p>H\u00e1 mais diferen\u00e7as. \u201cNa minha \u00e9poca a divers\u00e3o era o futebol e s\u00f3! Nem videogame se tinha! Hoje, a divers\u00e3o com eletr\u00f4nicos predomina, o que afasta a conviv\u00eancia social.<\/p>\n<p><strong><em>\u201cA nova gera\u00e7\u00e3o conversa mais com o computador\u201d!<\/em><\/strong><\/p>\n<p><strong><em>\u00a0<\/em><\/strong>A constitui\u00e7\u00e3o da fam\u00edlia tamb\u00e9m est\u00e1 mudando, ele comentou. Temos crian\u00e7as com tr\u00eas pais e irm\u00e3os que, em muitos casos, ele nem conhece&#8230;\u00a0 \u00c9 uma outra sociedade, bem diferente das fam\u00edlias tradicionais em que fomos criados.<\/p>\n<blockquote><p><strong><em>\u201cEm Sobradinho II o poder aquisitivo \u00e9 baixo e l\u00e1 a realidade \u00e9 outra, principalmente no crescimento da crian\u00e7a e na adolesc\u00eancia. E a\u00ed que entra o esporte, o futebol em especial, como ferramenta de lazer, de integra\u00e7\u00e3o social\u201d&#8230;,\u00a0<\/em><\/strong><strong><em>ensina o agora \u201cMestre\u201d Michael.<\/em><\/strong><\/p><\/blockquote>\n<p><strong>Os t\u00edtulos de Michael<\/strong><\/p>\n<p><strong>1982 \u2013<\/strong> Campe\u00e3o juvenil pelo sobradinho<\/p>\n<p><strong>1985\/86 \u2013<\/strong> bicampe\u00e3o profissional, pelo sobradinho<\/p>\n<p><strong>1988 \u2013<\/strong> Campe\u00e3o pelo Tiradentes, o \u00fanico t\u00edtulo do clube<\/p>\n<p><strong>1990 \u2013 <\/strong>Campe\u00e3o pelo Gama<\/p>\n<p><strong>2005 \u2013<\/strong> Treinador do Sobradinho, quando encerrou a carreira<\/p>\n<p>profissional.<\/p>\n","protected":false},"excerpt":{"rendered":"<p>\u00a0Por H\u00e9lio Tremendani e Jos\u00e9 Cruz Sobradinho, a cerca de 20km do centro de Bras\u00edlia, a mais serrana das cidades-sat\u00e9lites do Distrito Federal, est\u00e1 localizada \u00e0s margens da estrada rumo ao Nordeste do pa\u00eds. Com intenso com\u00e9rcio, ali respira-se o ar da altitude, tamb\u00e9m gra\u00e7as aos morros e farta vegeta\u00e7\u00e3o que circundam a regi\u00e3o. A &hellip;<\/p>\n","protected":false},"author":2,"featured_media":0,"comment_status":"closed","ping_status":"closed","sticky":false,"template":"","format":"standard","meta":{"footnotes":""},"categories":[13,6,4,16,14],"tags":[],"class_list":["post-2566","post","type-post","status-publish","format-standard","","category-colunistas","category-entrevistas","category-esporte","category-helio-tremendani","category-jose-cruz"],"_links":{"self":[{"href":"https:\/\/memoriadaculturaesportebsb.com.br\/index.php\/wp-json\/wp\/v2\/posts\/2566","targetHints":{"allow":["GET"]}}],"collection":[{"href":"https:\/\/memoriadaculturaesportebsb.com.br\/index.php\/wp-json\/wp\/v2\/posts"}],"about":[{"href":"https:\/\/memoriadaculturaesportebsb.com.br\/index.php\/wp-json\/wp\/v2\/types\/post"}],"author":[{"embeddable":true,"href":"https:\/\/memoriadaculturaesportebsb.com.br\/index.php\/wp-json\/wp\/v2\/users\/2"}],"replies":[{"embeddable":true,"href":"https:\/\/memoriadaculturaesportebsb.com.br\/index.php\/wp-json\/wp\/v2\/comments?post=2566"}],"version-history":[{"count":4,"href":"https:\/\/memoriadaculturaesportebsb.com.br\/index.php\/wp-json\/wp\/v2\/posts\/2566\/revisions"}],"predecessor-version":[{"id":2576,"href":"https:\/\/memoriadaculturaesportebsb.com.br\/index.php\/wp-json\/wp\/v2\/posts\/2566\/revisions\/2576"}],"wp:attachment":[{"href":"https:\/\/memoriadaculturaesportebsb.com.br\/index.php\/wp-json\/wp\/v2\/media?parent=2566"}],"wp:term":[{"taxonomy":"category","embeddable":true,"href":"https:\/\/memoriadaculturaesportebsb.com.br\/index.php\/wp-json\/wp\/v2\/categories?post=2566"},{"taxonomy":"post_tag","embeddable":true,"href":"https:\/\/memoriadaculturaesportebsb.com.br\/index.php\/wp-json\/wp\/v2\/tags?post=2566"}],"curies":[{"name":"wp","href":"https:\/\/api.w.org\/{rel}","templated":true}]}}