{"id":2552,"date":"2024-06-30T11:39:52","date_gmt":"2024-06-30T14:39:52","guid":{"rendered":"https:\/\/memoriadaculturaesportebsb.com.br\/?p=2552"},"modified":"2024-06-30T11:39:52","modified_gmt":"2024-06-30T14:39:52","slug":"fabiola-na-quadra-ou-fora-dela-uma-atleta-que-vive-o-esporte","status":"publish","type":"post","link":"https:\/\/memoriadaculturaesportebsb.com.br\/index.php\/2024\/06\/30\/fabiola-na-quadra-ou-fora-dela-uma-atleta-que-vive-o-esporte\/","title":{"rendered":"Fab\u00edola:\u00a0Na quadra ou fora dela, uma\u00a0atleta que vive o esporte"},"content":{"rendered":"<p>Por <strong>\u00a0<\/strong>H\u00e9lio Tremendani e Jos\u00e9 Cruz<\/p>\n<p style=\"text-align: center;\"><strong>\u00a0<\/strong><strong><em>A brasiliense Fab\u00edola Lima Const\u00e2ncio, que chegou a ser a oitava do ranking brasileiro no v\u00f4lei de praia, teve uma surpresa quando retornou \u00e0s quadras, dois anos depois de afastada para o tratamento de um c\u00e2ncer: a sua pontua\u00e7\u00e3o no ranking havia sido zerada. A medida fazia parte das normas da Confedera\u00e7\u00e3o de V\u00f4lei e o preju\u00edzo em termos t\u00e9cnicos foi enorme. Sem pontos e fora do ranking, a atleta perde, por exemplo, as vantagens do patrocinador para as viagens e disputas do circuito nacional.<\/em><\/strong><\/p>\n<p style=\"text-align: center;\"><strong><em>Atleta que se destaca como um dos \u00edcones da cidade no v\u00f4lei de praia e atividades s\u00f3cio-educativas que desenvolve, Fab\u00edola, 35 anos, faz parte da gera\u00e7\u00e3o brasiliense que j\u00e1 integra a hist\u00f3ria do desporto no Distrito Federal.<\/em><\/strong><\/p>\n<p><strong><em>\u00a0<\/em><\/strong><strong>O in\u00edcio<\/strong><\/p>\n<p><a href=\"https:\/\/memoriadaculturaesportebsb.com.br\/wp-content\/uploads\/2024\/06\/fab1.jpg\"><img loading=\"lazy\" decoding=\"async\" class=\"alignleft wp-image-2553 size-medium\" src=\"https:\/\/memoriadaculturaesportebsb.com.br\/wp-content\/uploads\/2024\/06\/fab1-225x300.jpg\" alt=\"\" width=\"225\" height=\"300\" srcset=\"https:\/\/memoriadaculturaesportebsb.com.br\/wp-content\/uploads\/2024\/06\/fab1-225x300.jpg 225w, https:\/\/memoriadaculturaesportebsb.com.br\/wp-content\/uploads\/2024\/06\/fab1.jpg 405w\" sizes=\"auto, (max-width: 225px) 100vw, 225px\" \/><\/a>Fab\u00edola era uma crian\u00e7a habilidosa, mas a timidez dificultava o seu relacionamento. Orientada pela m\u00e3e, Maria de F\u00e1tima, foi para o esporte buscar maior integra\u00e7\u00e3o social. A dan\u00e7a, inicialmente, depois a gin\u00e1stica ol\u00edmpica, o v\u00f4lei e, finalmente, o v\u00f4lei de praia. O pai, Francisco de Assis, contribuiu nessa carreira: \u201cEle foi a minha inspira\u00e7\u00e3o. Me incentivou muito no esporte\u201d, diz ela.<\/p>\n<p>Os primeiros contatos com o v\u00f4lei foram nas quadras do Sesi, em Taguatinga. Depois, foi jogar na AABB, AABR, Clube Unidade Vizinhan\u00e7a, ainda como juvenil. Nesse \u00faltimo clube chegou j\u00e1 como tricampe\u00e3 dos Jogos Brasileiros Universit\u00e1rios, atuando pela UPIS, onde estudava Administra\u00e7\u00e3o \u2013 gest\u00e3o em hotelaria.<\/p>\n<p><strong>\u00a0<\/strong><strong>A transi\u00e7\u00e3o<\/strong><\/p>\n<p>Por\u00e9m, Fab\u00edola achava que \u201cn\u00e3o seria uma jogadora de ponta\u201d. Por isso, n\u00e3o tinha pretens\u00f5es de continuar na quadra. Foi quando se decidiu pelo v\u00f4lei de praia, come\u00e7ando pelas areias do Parque da Cidade, em Bras\u00edlia, sua cidade natal. \u201cGostei da modalidade e, em parceria com Fabiana Silva, entramos no circuito brasileiro. Isso l\u00e1 pelos 24 anos\u201d.<\/p>\n<p>A proposta evoluiu e, em 2015, depois de come\u00e7ar a temporada em 18\u00ba lugar, a dupla Fab\u00edola\/Tha\u00edsa Ferreira encerrou a temporada em oitavo lugar no ranking brasileiro. Em 2017, Fab\u00edola sagrou-se campe\u00e3 sul-americana, conquistando, tamb\u00e9m, a medalha de bronze no Campeonato Mundial Militar, em Walendorff, Alemanha, j\u00e1 como atletas da FAB, no projeto For\u00e7a no Esporte, e sob a orienta\u00e7\u00e3o t\u00e9cnica de Ti\u00ea Santana.<\/p>\n<p><strong>\u00a0 \u00a0 \u00a0 \u00a0 \u00a0 \u00a0 \u00a0 \u00a0 \u00a0 \u00a0 \u00a0<\/strong><\/p>\n<figure id=\"attachment_2554\" aria-describedby=\"caption-attachment-2554\" style=\"width: 520px\" class=\"wp-caption aligncenter\"><a href=\"https:\/\/memoriadaculturaesportebsb.com.br\/wp-content\/uploads\/2024\/06\/fab2.jpg\"><img loading=\"lazy\" decoding=\"async\" class=\"size-full wp-image-2554\" src=\"https:\/\/memoriadaculturaesportebsb.com.br\/wp-content\/uploads\/2024\/06\/fab2.jpg\" alt=\"\" width=\"520\" height=\"509\" \/><\/a><figcaption id=\"caption-attachment-2554\" class=\"wp-caption-text\">Fab\u00edola, Ti\u00ea e Tha\u00edsa, bronze na Alemanha<strong style=\"font-size: 16px;\"><em>\u00a0 \u00a0 \u00a0 \u00a0 \u00a0 \u00a0 \u00a0 \u00a0 \u00a0 \u00a0 \u00a0 \u00a0 \u00a0 \u00a0 \u00a0 \u00a0 \u00a0\u00a0<\/em><\/strong><\/figcaption><\/figure>\n<p>&nbsp;<\/p>\n<p><strong>A doen\u00e7a<\/strong><\/p>\n<p>Fab\u00edola jogou at\u00e9 2018, quando soube que precisaria parar para tratar de um c\u00e2ncer. As mudan\u00e7as em suas rotinas foram inevit\u00e1veis.<\/p>\n<blockquote><p><strong><em>\u201cFiquei fora de quadra por um ano, em tratamento. No fim das contas, foram dois anos afastada e isso zerou a minha pontua\u00e7\u00e3o, segundo o antigo regulamento da Confedera\u00e7\u00e3o Brasileira de V\u00f4lei. At\u00e9 argumentei e mostrei o problema enfrentado, esperando que entendessem a gravidade daquele momento, mas, n\u00e3o adiantou\u201d<\/em><\/strong><\/p><\/blockquote>\n<p><strong><em>\u00a0<\/em><\/strong><strong>Rea\u00e7\u00e3o<\/strong><\/p>\n<p>Quando recebeu a not\u00edcia de que tinha um c\u00e2ncer, Fab\u00edola n\u00e3o encarou como uma senten\u00e7a de morte.<\/p>\n<blockquote><p><strong><em>\u201cO atleta aprende a lidar com derrotas e a se recuperar rapidamente. Encarei como se fosse, literalmente, um jogo. Tinha um novo advers\u00e1rio a enfrentar&#8230; E pensei assim: a doen\u00e7a entrou o meu corpo, mas n\u00e3o entrar\u00e1 na minha mente. Vou manter a mente forte e n\u00e3o vou permitir ter mais um problema. Tamb\u00e9m me mantive em movimento, em atividade f\u00edsica, mas, dentro dos meus limites, claro\u201d <\/em><\/strong><\/p><\/blockquote>\n<p><strong>Estrutura forte<\/strong><\/p>\n<p>Em 2023, lamentavelmente, ela precisou refazer o seu planejamento, pois o c\u00e2ncer havia voltado. Por\u00e9m, na conversa de pouco mais de uma hora com essa atleta, n\u00e3o se observa uma s\u00f3 manifesta\u00e7\u00e3o de lamentos. Ao contr\u00e1rio, ouve-se palavras de otimismo, de planos e avan\u00e7os.<\/p>\n<p><strong>Legisla\u00e7\u00e3o<\/strong><\/p>\n<p>Fab\u00edola jogou at\u00e9 2018, parou em 2019 para o tratamento e retornou em 2021. Nesse tempo, ela conseguiu o apoio do deputado distrital Rodrigo Delmasso, que apresentou e aprovou um projeto de lei na C\u00e2mara Legislativa do Distrito Federal, mantendo a pontua\u00e7\u00e3o dos atletas em tratamento de sa\u00fade.<\/p>\n<p><strong>\u00a0<\/strong><strong>Planos<\/strong><\/p>\n<p>Fab\u00edola n\u00e3o esconde que gosta de ser atleta e sente falta de competir. N\u00e3o gosta de treinar por treinar, mas para manter uma rotina com vistas a um determinado foco, o jogo, justamente o que n\u00e3o pode fazer, agora. Estava nesse impasse, sem conseguir ter uma meta quando decidiu fixar uma: praticar corridas de rua.<\/p>\n<p><strong><em>\u201cVoltar para o v\u00f4lei de praia como emprego \u00e9 dif\u00edcil, devido \u00e0 medica\u00e7\u00e3o que recebo, o que dificulta o meu melhor rendimento. Por isso me decidi pelas corridas e ter maior dedica\u00e7\u00e3o ao Instituto Esporte e Sa\u00fade Fab\u00edola Constt\u00e2ncio, que fundei\u201d<\/em><\/strong><\/p>\n<p>Nesse Instituto, ela promove eventos, como as corridas de rua, em que busca usar o esporte como apoio \u00e0 valoriza\u00e7\u00e3o das mulheres, em especial as que passam pelo memo problema que ela.<\/p>\n<p>Al\u00e9m disso, Fab\u00edola voltou a estudar e faz Educa\u00e7\u00e3o F\u00edsica da Universidade Cat\u00f3lica, onde desenvolve um projeto de pesquisa para demonstrar a import\u00e2ncia da atividade f\u00edsica como benef\u00edcio ao tratamento do c\u00e2ncer de mama.<\/p>\n<figure id=\"attachment_2555\" aria-describedby=\"caption-attachment-2555\" style=\"width: 787px\" class=\"wp-caption aligncenter\"><a href=\"https:\/\/memoriadaculturaesportebsb.com.br\/wp-content\/uploads\/2024\/06\/fab3.jpg\"><img loading=\"lazy\" decoding=\"async\" class=\"size-full wp-image-2555\" src=\"https:\/\/memoriadaculturaesportebsb.com.br\/wp-content\/uploads\/2024\/06\/fab3.jpg\" alt=\"\" width=\"787\" height=\"520\" srcset=\"https:\/\/memoriadaculturaesportebsb.com.br\/wp-content\/uploads\/2024\/06\/fab3.jpg 787w, https:\/\/memoriadaculturaesportebsb.com.br\/wp-content\/uploads\/2024\/06\/fab3-300x198.jpg 300w, https:\/\/memoriadaculturaesportebsb.com.br\/wp-content\/uploads\/2024\/06\/fab3-768x507.jpg 768w, https:\/\/memoriadaculturaesportebsb.com.br\/wp-content\/uploads\/2024\/06\/fab3-310x205.jpg 310w\" sizes=\"auto, (max-width: 787px) 100vw, 787px\" \/><\/a><figcaption id=\"caption-attachment-2555\" class=\"wp-caption-text\">Fab\u00edola (de cal\u00e7a Jeans) promotora de eventos: \u201cPara a minha cabe\u00e7a de atleta as corridas s\u00e3o muito boas; nelas, tamb\u00e9m estou buscando objetivos\u201d<\/figcaption><\/figure>\n<p><strong>O esporte<\/strong><\/p>\n<p>Fab\u00edola avalia que o v\u00f4lei de praia em Bras\u00edlia cresceu muito e que a cidade tem muitos atletas no circuito brasileiro. Por\u00e9m, sente falta de um maior incentivo da pr\u00e1tica esportiva nas escolas, principalmente nestes tempos em que \u201cos pais est\u00e3o com a cabe\u00e7a mais aberta para que os seus filhos se tornem atletas\u201d. Al\u00e9m disso h\u00e1 incentivos do governo, como a Bolsa Atleta e a Lei de Incentivo ao Esporte, assim como as bolsas oferecidas por universidades, como o Uniceub e a UPIS.<\/p>\n<p>\u201cMas, tamb\u00e9m se observa que a maioria dos projetos de inicia\u00e7\u00e3o n\u00e3o t\u00eam longevidade para que se construa um atleta\u201d, diz ela. E cita o exemplo de que as mudan\u00e7as de governo acabam influenciando nas mudan\u00e7as dos projetos que at\u00e9 ent\u00e3o existiam.<\/p>\n<p>Atualmente, Fab\u00edola trabalha num projeto de inicia\u00e7\u00e3o ao v\u00f4lei de praia, no Sesc Ol\u00edmpico, na Ceil\u00e2ndia.<\/p>\n<p><strong><em>\u201cDesde 2022 sou coordenadora desse projeto, que tem estrutura muito boa, tipo um clube, uma academia. Destina-se \u00e0 crian\u00e7ada, a partir dos 14 anos, que gosta muito. At\u00e9 se observa que h\u00e1 uma migra\u00e7\u00e3o do v\u00f4lei de quadra para o de areia. Se esse aprendizado avan\u00e7ar at\u00e9 a fase adulta, a ideia \u00e9 criar atletas de alto rendimento\u201d<\/em><\/strong><\/p>\n<figure id=\"attachment_2556\" aria-describedby=\"caption-attachment-2556\" style=\"width: 361px\" class=\"wp-caption aligncenter\"><a href=\"https:\/\/memoriadaculturaesportebsb.com.br\/wp-content\/uploads\/2024\/06\/fab4.jpg\"><img loading=\"lazy\" decoding=\"async\" class=\"size-full wp-image-2556\" src=\"https:\/\/memoriadaculturaesportebsb.com.br\/wp-content\/uploads\/2024\/06\/fab4.jpg\" alt=\"\" width=\"361\" height=\"272\" srcset=\"https:\/\/memoriadaculturaesportebsb.com.br\/wp-content\/uploads\/2024\/06\/fab4.jpg 361w, https:\/\/memoriadaculturaesportebsb.com.br\/wp-content\/uploads\/2024\/06\/fab4-300x226.jpg 300w\" sizes=\"auto, (max-width: 361px) 100vw, 361px\" \/><\/a><figcaption id=\"caption-attachment-2556\" class=\"wp-caption-text\">Fab\u00edola (de rosa), ensinando as novas gera\u00e7\u00f5es<\/figcaption><\/figure>\n<p><strong>Executiva otimista<\/strong><\/p>\n<p>Fab\u00edola faz planos e fala sobre os seus projetos de executiva no esporte, tamb\u00e9m. A sua estrutura de atleta se sobressai com otimismo como diante de um advers\u00e1rio, em quadra. E exp\u00f5e a realidade de que ali est\u00e1 uma vencedora, tamb\u00e9m fora do campo de jogo, que ela t\u00e3o bem conhece.<\/p>\n<p><em>\u00a0*<\/em><em>As fotos que ilustram esta mat\u00e9ria s\u00e3o do arquivo pessoal de Fab\u00edola.<\/em><\/p>\n","protected":false},"excerpt":{"rendered":"<p>Por \u00a0H\u00e9lio Tremendani e Jos\u00e9 Cruz \u00a0A brasiliense Fab\u00edola Lima Const\u00e2ncio, que chegou a ser a oitava do ranking brasileiro no v\u00f4lei de praia, teve uma surpresa quando retornou \u00e0s quadras, dois anos depois de afastada para o tratamento de um c\u00e2ncer: a sua pontua\u00e7\u00e3o no ranking havia sido zerada. A medida fazia parte das &hellip;<\/p>\n","protected":false},"author":2,"featured_media":2554,"comment_status":"closed","ping_status":"closed","sticky":false,"template":"","format":"standard","meta":{"footnotes":""},"categories":[13,3,6,4,16,14],"tags":[],"class_list":["post-2552","post","type-post","status-publish","format-standard","has-post-thumbnail","","category-colunistas","category-destaque","category-entrevistas","category-esporte","category-helio-tremendani","category-jose-cruz"],"_links":{"self":[{"href":"https:\/\/memoriadaculturaesportebsb.com.br\/index.php\/wp-json\/wp\/v2\/posts\/2552","targetHints":{"allow":["GET"]}}],"collection":[{"href":"https:\/\/memoriadaculturaesportebsb.com.br\/index.php\/wp-json\/wp\/v2\/posts"}],"about":[{"href":"https:\/\/memoriadaculturaesportebsb.com.br\/index.php\/wp-json\/wp\/v2\/types\/post"}],"author":[{"embeddable":true,"href":"https:\/\/memoriadaculturaesportebsb.com.br\/index.php\/wp-json\/wp\/v2\/users\/2"}],"replies":[{"embeddable":true,"href":"https:\/\/memoriadaculturaesportebsb.com.br\/index.php\/wp-json\/wp\/v2\/comments?post=2552"}],"version-history":[{"count":1,"href":"https:\/\/memoriadaculturaesportebsb.com.br\/index.php\/wp-json\/wp\/v2\/posts\/2552\/revisions"}],"predecessor-version":[{"id":2557,"href":"https:\/\/memoriadaculturaesportebsb.com.br\/index.php\/wp-json\/wp\/v2\/posts\/2552\/revisions\/2557"}],"wp:featuredmedia":[{"embeddable":true,"href":"https:\/\/memoriadaculturaesportebsb.com.br\/index.php\/wp-json\/wp\/v2\/media\/2554"}],"wp:attachment":[{"href":"https:\/\/memoriadaculturaesportebsb.com.br\/index.php\/wp-json\/wp\/v2\/media?parent=2552"}],"wp:term":[{"taxonomy":"category","embeddable":true,"href":"https:\/\/memoriadaculturaesportebsb.com.br\/index.php\/wp-json\/wp\/v2\/categories?post=2552"},{"taxonomy":"post_tag","embeddable":true,"href":"https:\/\/memoriadaculturaesportebsb.com.br\/index.php\/wp-json\/wp\/v2\/tags?post=2552"}],"curies":[{"name":"wp","href":"https:\/\/api.w.org\/{rel}","templated":true}]}}