{"id":2545,"date":"2024-06-16T12:10:38","date_gmt":"2024-06-16T15:10:38","guid":{"rendered":"https:\/\/memoriadaculturaesportebsb.com.br\/?p=2545"},"modified":"2024-07-15T21:15:25","modified_gmt":"2024-07-16T00:15:25","slug":"rabello-foi-o-primeiro-campeao-profissional-do-distrito-federal","status":"publish","type":"post","link":"https:\/\/memoriadaculturaesportebsb.com.br\/index.php\/2024\/06\/16\/rabello-foi-o-primeiro-campeao-profissional-do-distrito-federal\/","title":{"rendered":"Rabello foi o primeiro campe\u00e3o profissional do Distrito Federal"},"content":{"rendered":"<div>Por H\u00e9lio Tremendani<\/div>\n<div><\/div>\n<div>\nFoi em 1965, quando Bras\u00edlia j\u00e1 tinha cinco anos de funda\u00e7\u00e3o, que a cidade conheceu o seu primeiro campe\u00e3o oficial de futebol profissional, o Rabello Futebol Clube.<\/div>\n<div>\n<p>O time era formado por jogadores profissionais. As cores do clube eram o preto e o branco, com um uniforme que guardava semelhan\u00e7a ao do Botafogo de Futebol e Regatas. O feito foi registrado com destaque na edi\u00e7\u00e3o 365 da Revista do Esporte, do Rio de Janeiro.<\/p>\n<p>Para chegar ao primeiro t\u00edtulo profissional de Bras\u00edlia, o Rabello disputou com outros tr\u00eas times da cidade, Guar\u00e1, Colombo e Defel\u00ea. Na campanha, perdeu apenas dois pontos, derrota para o Colombo, no primeiro turno.<\/p>\n<p>Fundado em 17 de agosto de 1957, pela dire\u00e7\u00e3o e trabalhadores da Companhia Construtora Rabello, o clube foi o segundo grande time de Bras\u00edlia, depois do Guar\u00e1. \u00c0 \u00e9poca, recebia subven\u00e7\u00e3o de Cr$ 12 milh\u00f5es anuais do presidente da empresa, Marcos Paulo Rabello, que era grande amigo do ent\u00e3o presidente Juscelino Kubistchek de Oliveira.<\/p>\n<p>O gesto do presidente do Rabello motivou outras construtoras a seguirem o modelo, conforme registro no Almanaque do Futebol. \u201cEm pouco tempo chegaram a 18 times\u201d, registra a publica\u00e7\u00e3o.<\/p>\n<p>Os campeonatos oficiais de Bras\u00edlia come\u00e7aram a ser disputados j\u00e1 no ano de funda\u00e7\u00e3o da cidade, 1960 por\u00e9m, na categoria amadora. Em 1964, a competi\u00e7\u00e3o foi suspensa, quando foi realizado o Torneio Experimental com vistas \u00e0 profissionaliza\u00e7\u00e3o do futebol na capital.<br \/>\nEm 22 de junho de 1971 uma assembleia aprovou a desfilia\u00e7\u00e3o do clube da Federa\u00e7\u00e3o local, encerrando-se, assim, as suas atividades profissionais.<\/p>\n<p><strong><em>A foto oficial do t\u00edtulo de 1965<\/em><\/strong><br \/>\nDa esquerda para a direita<br \/>\n<strong>Em p\u00e9<\/strong>: Grita (ex-Am\u00e9rica e treinador do Rabello); J.Pereira, Z\u00e9 Maria, Cand\u00e3o, Melo, Pedrinho, Valter e Jair.<br \/>\n<strong>Agachados<\/strong>: Zez\u00e9 (artilheiro do campeonato), Djalma, Invas\u00e3o,, Beto,, Zoca e Fuminho (massagista).<\/p>\n<\/div>\n","protected":false},"excerpt":{"rendered":"<p>Por H\u00e9lio Tremendani Foi em 1965, quando Bras\u00edlia j\u00e1 tinha cinco anos de funda\u00e7\u00e3o, que a cidade conheceu o seu primeiro campe\u00e3o oficial de futebol profissional, o Rabello Futebol Clube. O time era formado por jogadores profissionais. As cores do clube eram o preto e o branco, com um uniforme que guardava semelhan\u00e7a ao do &hellip;<\/p>\n","protected":false},"author":2,"featured_media":2546,"comment_status":"closed","ping_status":"closed","sticky":false,"template":"","format":"standard","meta":{"footnotes":""},"categories":[13,4,16],"tags":[],"class_list":["post-2545","post","type-post","status-publish","format-standard","has-post-thumbnail","","category-colunistas","category-esporte","category-helio-tremendani"],"_links":{"self":[{"href":"https:\/\/memoriadaculturaesportebsb.com.br\/index.php\/wp-json\/wp\/v2\/posts\/2545","targetHints":{"allow":["GET"]}}],"collection":[{"href":"https:\/\/memoriadaculturaesportebsb.com.br\/index.php\/wp-json\/wp\/v2\/posts"}],"about":[{"href":"https:\/\/memoriadaculturaesportebsb.com.br\/index.php\/wp-json\/wp\/v2\/types\/post"}],"author":[{"embeddable":true,"href":"https:\/\/memoriadaculturaesportebsb.com.br\/index.php\/wp-json\/wp\/v2\/users\/2"}],"replies":[{"embeddable":true,"href":"https:\/\/memoriadaculturaesportebsb.com.br\/index.php\/wp-json\/wp\/v2\/comments?post=2545"}],"version-history":[{"count":8,"href":"https:\/\/memoriadaculturaesportebsb.com.br\/index.php\/wp-json\/wp\/v2\/posts\/2545\/revisions"}],"predecessor-version":[{"id":2565,"href":"https:\/\/memoriadaculturaesportebsb.com.br\/index.php\/wp-json\/wp\/v2\/posts\/2545\/revisions\/2565"}],"wp:featuredmedia":[{"embeddable":true,"href":"https:\/\/memoriadaculturaesportebsb.com.br\/index.php\/wp-json\/wp\/v2\/media\/2546"}],"wp:attachment":[{"href":"https:\/\/memoriadaculturaesportebsb.com.br\/index.php\/wp-json\/wp\/v2\/media?parent=2545"}],"wp:term":[{"taxonomy":"category","embeddable":true,"href":"https:\/\/memoriadaculturaesportebsb.com.br\/index.php\/wp-json\/wp\/v2\/categories?post=2545"},{"taxonomy":"post_tag","embeddable":true,"href":"https:\/\/memoriadaculturaesportebsb.com.br\/index.php\/wp-json\/wp\/v2\/tags?post=2545"}],"curies":[{"name":"wp","href":"https:\/\/api.w.org\/{rel}","templated":true}]}}