{"id":2535,"date":"2024-06-16T11:58:45","date_gmt":"2024-06-16T14:58:45","guid":{"rendered":"https:\/\/memoriadaculturaesportebsb.com.br\/?p=2535"},"modified":"2024-06-16T12:08:00","modified_gmt":"2024-06-16T15:08:00","slug":"bons-tempos-aqueles","status":"publish","type":"post","link":"https:\/\/memoriadaculturaesportebsb.com.br\/index.php\/2024\/06\/16\/bons-tempos-aqueles\/","title":{"rendered":"Bons tempos aqueles&#8230;"},"content":{"rendered":"<div>Por H\u00e9lio Tremendani<a href=\"https:\/\/memoriadaculturaesportebsb.com.br\/wp-content\/uploads\/2024\/06\/WhatsApp-Image-2024-06-08-at-22.28.59.jpeg\"><br \/>\n<\/a><\/p>\n<figure id=\"attachment_2536\" aria-describedby=\"caption-attachment-2536\" style=\"width: 618px\" class=\"wp-caption aligncenter\"><a href=\"https:\/\/memoriadaculturaesportebsb.com.br\/wp-content\/uploads\/2024\/06\/WhatsApp-Image-2024-06-08-at-22.28.59.jpeg\"><img loading=\"lazy\" decoding=\"async\" class=\"wp-image-2536 size-large\" src=\"https:\/\/memoriadaculturaesportebsb.com.br\/wp-content\/uploads\/2024\/06\/WhatsApp-Image-2024-06-08-at-22.28.59-754x1024.jpeg\" alt=\"\" width=\"618\" height=\"839\" srcset=\"https:\/\/memoriadaculturaesportebsb.com.br\/wp-content\/uploads\/2024\/06\/WhatsApp-Image-2024-06-08-at-22.28.59-754x1024.jpeg 754w, https:\/\/memoriadaculturaesportebsb.com.br\/wp-content\/uploads\/2024\/06\/WhatsApp-Image-2024-06-08-at-22.28.59-221x300.jpeg 221w, https:\/\/memoriadaculturaesportebsb.com.br\/wp-content\/uploads\/2024\/06\/WhatsApp-Image-2024-06-08-at-22.28.59-768x1043.jpeg 768w, https:\/\/memoriadaculturaesportebsb.com.br\/wp-content\/uploads\/2024\/06\/WhatsApp-Image-2024-06-08-at-22.28.59.jpeg 1056w\" sizes=\"auto, (max-width: 618px) 100vw, 618px\" \/><\/a><figcaption id=\"caption-attachment-2536\" class=\"wp-caption-text\">Mel\u00e3o e Ademar Pantera (Acervo pessoal)<\/figcaption><\/figure>\n<\/div>\n<div>\n<p>&nbsp;<\/p>\n<p>Em fevereiro de 1967 o Flamengo, do Rio de Janeiro, realizou dois amistosos em Bras\u00edlia. Em ambos, goleou os times locais: fez 4 x 0 no Guar\u00e1 e, tr\u00eas dias depois, 5 x 0 no Rabello. Na foto, o zagueiro Mel\u00e3o, do time brasiliense, com o atacante Ademar Pantera, que ganhou esse apelido devido o seu porte f\u00edsico e disposi\u00e7\u00e3o para enfrentar as defesas advers\u00e1rias. Pantera foi o artilheiro do Torneio Roberto Gomes Pedrosa de 1966, mas n\u00e3o foi convocado para a Copa do Mundo de 1966, na Inglaterra, devido uma fratura na perna, num choque com Baldocchi, do Botafogo de Ribeir\u00e3o Preto.<\/p>\n<p>J\u00e1 o zagueiro central Mel\u00e3o iniciou carreira no Cruzeiro do Sul, campe\u00e3o Brasiliense de 1963. No ano seguinte, se transferiu para o Rabello, onde se sagrou tetracampe\u00e3o brasiliense. Durante a sua carreira, participou de todas as Sele\u00e7\u00f5es de Bras\u00edlia. O seu jogo de destaque foi quando marcou Pel\u00e9, no amistoso em que o Santos derrotou o Sele\u00e7\u00e3o local por 5&#215;1.<\/p>\n<\/div>\n","protected":false},"excerpt":{"rendered":"<p>Por H\u00e9lio Tremendani &nbsp; Em fevereiro de 1967 o Flamengo, do Rio de Janeiro, realizou dois amistosos em Bras\u00edlia. Em ambos, goleou os times locais: fez 4 x 0 no Guar\u00e1 e, tr\u00eas dias depois, 5 x 0 no Rabello. Na foto, o zagueiro Mel\u00e3o, do time brasiliense, com o atacante Ademar Pantera, que ganhou &hellip;<\/p>\n","protected":false},"author":2,"featured_media":0,"comment_status":"closed","ping_status":"closed","sticky":false,"template":"","format":"standard","meta":{"footnotes":""},"categories":[13,4,16],"tags":[],"class_list":["post-2535","post","type-post","status-publish","format-standard","","category-colunistas","category-esporte","category-helio-tremendani"],"_links":{"self":[{"href":"https:\/\/memoriadaculturaesportebsb.com.br\/index.php\/wp-json\/wp\/v2\/posts\/2535","targetHints":{"allow":["GET"]}}],"collection":[{"href":"https:\/\/memoriadaculturaesportebsb.com.br\/index.php\/wp-json\/wp\/v2\/posts"}],"about":[{"href":"https:\/\/memoriadaculturaesportebsb.com.br\/index.php\/wp-json\/wp\/v2\/types\/post"}],"author":[{"embeddable":true,"href":"https:\/\/memoriadaculturaesportebsb.com.br\/index.php\/wp-json\/wp\/v2\/users\/2"}],"replies":[{"embeddable":true,"href":"https:\/\/memoriadaculturaesportebsb.com.br\/index.php\/wp-json\/wp\/v2\/comments?post=2535"}],"version-history":[{"count":7,"href":"https:\/\/memoriadaculturaesportebsb.com.br\/index.php\/wp-json\/wp\/v2\/posts\/2535\/revisions"}],"predecessor-version":[{"id":2544,"href":"https:\/\/memoriadaculturaesportebsb.com.br\/index.php\/wp-json\/wp\/v2\/posts\/2535\/revisions\/2544"}],"wp:attachment":[{"href":"https:\/\/memoriadaculturaesportebsb.com.br\/index.php\/wp-json\/wp\/v2\/media?parent=2535"}],"wp:term":[{"taxonomy":"category","embeddable":true,"href":"https:\/\/memoriadaculturaesportebsb.com.br\/index.php\/wp-json\/wp\/v2\/categories?post=2535"},{"taxonomy":"post_tag","embeddable":true,"href":"https:\/\/memoriadaculturaesportebsb.com.br\/index.php\/wp-json\/wp\/v2\/tags?post=2535"}],"curies":[{"name":"wp","href":"https:\/\/api.w.org\/{rel}","templated":true}]}}