{"id":2516,"date":"2024-06-16T11:31:06","date_gmt":"2024-06-16T14:31:06","guid":{"rendered":"https:\/\/memoriadaculturaesportebsb.com.br\/?p=2516"},"modified":"2024-06-16T11:36:44","modified_gmt":"2024-06-16T14:36:44","slug":"leomon-moreno-o-craque-do-mundo-no-goalball","status":"publish","type":"post","link":"https:\/\/memoriadaculturaesportebsb.com.br\/index.php\/2024\/06\/16\/leomon-moreno-o-craque-do-mundo-no-goalball\/","title":{"rendered":"LEOMON MORENO: o craque do mundo no goalball"},"content":{"rendered":"<p><strong>Por\u00a0Jos\u00e9 Cruz<\/strong><\/p>\n<p><strong>\u00a0<\/strong>A falta de vis\u00e3o de tr\u00eas irm\u00e3os brasilienses, Leandro, Leonardo e Leomon da Silva, os motivou, desde cedo, a buscar a inser\u00e7\u00e3o social. Praticaram esporte e, assim, cresceram apoiando um ao outro. O ca\u00e7ula, Leomon, teve exemplos dos irm\u00e3os e a partir dos 14 anos ele investiu para se tornar um profissional no goalball.<\/p>\n<p>A proposta vingou. Leomon Moreno se tornou atleta paral\u00edmpico internacionalmente reconhecido. Atleta do Santos F.C, ele se sagrou bicampe\u00e3o mundial (Finl\u00e2ndia, 2014 e Su\u00e9cia, 2018), ganhou as medalhas de ouro, prata e bronze em Paralimp\u00edadas e\u00a0foi considerado o melhor no Campeonato Mundial de Goalball da Su\u00e9cia, em 2018, na avalia\u00e7\u00e3o da imprensa, dos organizadores do evento e espectadores.<\/p>\n<figure id=\"attachment_2517\" aria-describedby=\"caption-attachment-2517\" style=\"width: 219px\" class=\"wp-caption aligncenter\"><a href=\"https:\/\/memoriadaculturaesportebsb.com.br\/wp-content\/uploads\/2024\/06\/goalball1.jpg\"><img loading=\"lazy\" decoding=\"async\" class=\"wp-image-2517 size-full\" src=\"https:\/\/memoriadaculturaesportebsb.com.br\/wp-content\/uploads\/2024\/06\/goalball1.jpg\" alt=\"\" width=\"219\" height=\"277\" \/><\/a><figcaption id=\"caption-attachment-2517\" class=\"wp-caption-text\">\u00a0Foto: Comit\u00ea Paral\u00edmpico Brasileiro<\/figcaption><\/figure>\n<p style=\"text-align: center;\"><strong><em>\u201cEu enxergava pouco at\u00e9 os sete anos, quando passei a ter estimula\u00e7\u00e3o precoce de meus irm\u00e3os, <\/em><\/strong><\/p>\n<p style=\"text-align: center;\"><strong><em>no Centro de Ensino Especial, e fui me interessando por esportes. <\/em><\/strong><\/p>\n<p style=\"text-align: center;\"><strong><em>Pratiquei atletismo, nata\u00e7\u00e3o, jud\u00f4 e xadrez. <\/em><\/strong><\/p>\n<p style=\"text-align: center;\"><strong><em>Sempre fui competitivo, me dedicava muito ao que eu fazia. <\/em><\/strong><\/p>\n<p style=\"text-align: center;\"><strong><em>Com 12 anos, me decidi pelo goalball\u201d<\/em><\/strong><\/p>\n<p><strong><em>\u00a0<\/em><\/strong>Filhos de Dami\u00e3o Moreno da Silva, falecido, e Maria Jos\u00e9 do Carmo da Silva, Leomon, tem 30 anos, Leandro, 36 e Leonardo 40. Eles nasceram no Riacho Fundo, a 20km do centro de Bras\u00edlia. Os tr\u00eas vieram ao mundo com \u201cretinose pigmentar\u201d, uma patologia heredit\u00e1ria que provoca a perda de vis\u00e3o. Leomon foi apresentado ao goalball pelos irm\u00e3os. \u00c9 uma modalidade paral\u00edmpica praticada exclusivamente por atletas sem vis\u00e3o.<\/p>\n<p><strong><em>\u00a0<\/em><\/strong><strong>O goalball<\/strong><\/p>\n<p>O goalball \u00e9 a \u00fanica modalidade paral\u00edmpica que n\u00e3o foi adaptada de um esporte ol\u00edmpico. Criado em 1946 por um austr\u00edaco e um alem\u00e3o, especificamente para os soldados que retornavam da guerra, sem vis\u00e3o, esse esporte incentiva o uso do tato e da audi\u00e7\u00e3o, para que os praticantes desenvolvam a concentra\u00e7\u00e3o e explorem as suas qualidades f\u00edsicas. A modalidade foi introduzida nas Paral\u00edmpiadas de Toronto (Canad\u00e1) em 1976. Em 1978, na \u00c1ustria, foi realizado o I Campeonato Mundial, que ocorre a cada quatro anos.<\/p>\n<p><strong>\u00a0<\/strong><strong>Quadra e bola<\/strong><\/p>\n<p>A quadra para a pr\u00e1tica do goalball tem a mesma dimens\u00e3o de uma de v\u00f4lei, 18m de comprimento por 9m de largura.\u00a0 J\u00e1 a trave tem 9m por 1,30 de altura. S\u00e3o tr\u00eas jogadores em cada time (e tr\u00eas reservas), que defendem o arremesso da bola e atacam o gol advers\u00e1rio. A bola tem 76cm de di\u00e2metro e pesa 1,25kg, com guizos no seu interior para que os jogadores, com olhos vendados, ou\u00e7am o barulho e identifiquem o seu deslocamento. Por isso, n\u00e3o pode haver barulho no gin\u00e1sio durante os arremessos. O jogo dura 24 minutos, em dois tempos de 12 minutos.<\/p>\n<p>&nbsp;<\/p>\n<figure id=\"attachment_2518\" aria-describedby=\"caption-attachment-2518\" style=\"width: 327px\" class=\"wp-caption aligncenter\"><a href=\"https:\/\/memoriadaculturaesportebsb.com.br\/wp-content\/uploads\/2024\/06\/goalball2.jpg.png\"><img loading=\"lazy\" decoding=\"async\" class=\"size-full wp-image-2518\" src=\"https:\/\/memoriadaculturaesportebsb.com.br\/wp-content\/uploads\/2024\/06\/goalball2.jpg.png\" alt=\"\" width=\"327\" height=\"189\" srcset=\"https:\/\/memoriadaculturaesportebsb.com.br\/wp-content\/uploads\/2024\/06\/goalball2.jpg.png 327w, https:\/\/memoriadaculturaesportebsb.com.br\/wp-content\/uploads\/2024\/06\/goalball2.jpg-300x173.png 300w\" sizes=\"auto, (max-width: 327px) 100vw, 327px\" \/><\/a><figcaption id=\"caption-attachment-2518\" class=\"wp-caption-text\">Ao fundo, os jogadores posicionados para tentar a defesa do time que lan\u00e7ar\u00e1 a bola. Leomon \u00e9 o n\u00famero 4<br \/>Foto: Divulga\u00e7\u00e3o\/TV Brasil<\/figcaption><\/figure>\n<p><strong>T\u00edtulos e convite<\/strong><\/p>\n<p>A partir dos 19 anos, j\u00e1 atleta do Santos F.C, Leomon cresceu na modalidade, quando foi convocado para a Sele\u00e7\u00e3o Brasileira e come\u00e7ou a se destacar em eventos internacionais. Ele j\u00e1 tem tr\u00eas medalhas paral\u00edmpicas, sendo a \u00faltima de ouro, conquistada nos Jogos de T\u00f3quio, em 2020. Oito anos antes, em Londres, 2012, ganhou a medalha de prata, numa equipe que tinha a presen\u00e7a de seu irm\u00e3o, Leandro, e mais os seguintes atletas, entre titulares e reservas: Alexsander Almeida Maciel, Jos\u00e9 Roberto Ferreira de Oliveira, Rom\u00e1rio Diego Marques e Filippe Santos Silvestre. A terceira medalha paral\u00edmpica \u00e9 a de bronze, conquistada nos Jogos Paral\u00edmpicos Rio 2016.<\/p>\n<figure id=\"attachment_2519\" aria-describedby=\"caption-attachment-2519\" style=\"width: 609px\" class=\"wp-caption aligncenter\"><a href=\"https:\/\/memoriadaculturaesportebsb.com.br\/wp-content\/uploads\/2024\/06\/goalball3.jpg\"><img loading=\"lazy\" decoding=\"async\" class=\"wp-image-2519 size-full\" src=\"https:\/\/memoriadaculturaesportebsb.com.br\/wp-content\/uploads\/2024\/06\/goalball3.jpg\" alt=\"\" width=\"609\" height=\"636\" \/><\/a><figcaption id=\"caption-attachment-2519\" class=\"wp-caption-text\">Leomon arremessando, com jogadores posicionados para tentar a defesa (Foto: Comit\u00ea Paral\u00edmpico Brasileiro)<\/figcaption><\/figure>\n<p>Com esse desempenho, Leomon Moreno chamou a aten\u00e7\u00e3o de clubes europeus, onde o goalball tem forte mercado devido as valorizadas competi\u00e7\u00f5es que l\u00e1 ocorrem. Assim, em 2016 ele recebeu convite para atuar pelo Sporting, tradicional clube de Portugal, o mesmo que projetou o craque Cristiano Ronaldo, no futebol.<\/p>\n<p>Com um poderoso programa de marketing, o clube busca ter um destaque em todas as modalidades que disputa, paral\u00edmpicas, inclusive, no mesmo n\u00edvel do craque do futebol.<\/p>\n<blockquote><p><strong><em>\u201cDepois que fui eleito o melhor do mundo na minha modalidade, fui convidado e aceitei jogar no Sporting. Disputei tr\u00eas temporadas em Lisboa e conquistei tr\u00eas vezes a Champions League de Goalball e ganhei a medalha de prata no Mundial de Clubes, entre 2018 e 2021<\/em><\/strong><\/p><\/blockquote>\n<p><strong>\u00a0<\/strong><strong>Registro<\/strong><\/p>\n<p>Na se\u00e7\u00e3o de goalball do site do Sporting, o nome do brasiliense aparece em destaque, com a seguinte mensagem:<\/p>\n<blockquote><p><strong><em>\u201cNo Sporting Clube de Portugal desde 2016, Leomon Moreno \u00e9 considerado um dos melhores jogadores de Goalball do Mundo. A temporada transacta foi de consagra\u00e7\u00e3o para o atleta paral\u00edmpico brasileiro que se notabilizou ao servi\u00e7o dos Le\u00f5es com a conquista da segunda Liga dos Campe\u00f5es consecutiva. A n\u00edvel interno, Moreno ajudou o Sporting CP a reconquistar o t\u00edtulo nacional e a Ta\u00e7a de Portugal. Um atleta com o verdadeiro esp\u00edrito Leonino\u201d<\/em><\/strong><\/p><\/blockquote>\n<p><strong><em>\u00a0<\/em><\/strong><strong>Entraves e solu\u00e7\u00f5es<\/strong><\/p>\n<p><strong>\u00a0 <\/strong>Nem s\u00f3 de vit\u00f3rias, p\u00f3dios e destaque foi a carreira de Leomon, at\u00e9 aqui. Passou por momentos angustiantes, inclusive. \u00c9 dele o depoimento a seguir:<\/p>\n<blockquote><p><em>\u201cDepois que ingressei no goalball, consegui me destacar, at\u00e9 me achar preparado para a Sele\u00e7\u00e3o Brasileira. Mas, no \u00faltimo momento, eu n\u00e3o estava entre os selecionados. \u00a0E me perguntava, afinal quando eu vou entrar? Naquele momento, eu tinha na consci\u00eancia que j\u00e1 estava igualado aos melhores do Brasil, mas era cortado e isso ocorreu tr\u00eas vezes. A\u00ed tive o pensamento que se n\u00e3o fosse da pr\u00f3xima vez eu iria mudar de rumo, pois j\u00e1 estava com 18 anos. Foi ent\u00e3o que tive uma conversa \u00edntima, comigo mesmo. Avaliei sobre a minha evolu\u00e7\u00e3o, o quanto eu abdicava para me dedicar mais e mais \u00e0 modalidade, se deveria mudar de esporte&#8230; E conclui que continuaria no goalball, que n\u00e3o trocaria a vida de atleta por outra atividade. Com 19 anos, finalmente, consegui ingresso na sele\u00e7\u00e3o principal. Foi uma convoca\u00e7\u00e3o para a Paralimp\u00edadas de 2012 de Londres, onde ganhei a medalha de prata, a primeira das tr\u00eas que coleciono\u201d.<\/em><\/p><\/blockquote>\n<p>Leomon afirmou que estava determinado a alguma mudan\u00e7a, e at\u00e9 no \u00f4nibus, quando ia para os treinos, fazia essa conversa \u00edntima, sempre se questionando sobre os seus erros e como corrigir o rumo da carreira. \u201cEu sempre fui um cara de muita cobran\u00e7a. Isso me ajudou na maturidade como atleta, pois evolui na parte mental\u201d. E passa uma li\u00e7\u00e3o aos mais jovens:<\/p>\n<p><strong><em>\u201cO ser humano, na fase da adolesc\u00eancia para a de adulto, \u00e9 imediatista, mas n\u00e3o \u00e9 assim que acontece na realidade da vida. Os meus irm\u00e3os s\u00e3o os meus \u00eddolos, eles me passaram muitos valores do esporte. Um \u00e9 \u00eddolo do outro, o outro \u00e9 sempre motiva\u00e7\u00e3o para os outros dois e assim vamos nos apoiando uns aos outros\u201d.<\/em><\/strong><\/p>\n<figure id=\"attachment_2520\" aria-describedby=\"caption-attachment-2520\" style=\"width: 427px\" class=\"wp-caption aligncenter\"><a href=\"https:\/\/memoriadaculturaesportebsb.com.br\/wp-content\/uploads\/2024\/06\/goalball4.jpg\"><img loading=\"lazy\" decoding=\"async\" class=\"size-full wp-image-2520\" src=\"https:\/\/memoriadaculturaesportebsb.com.br\/wp-content\/uploads\/2024\/06\/goalball4.jpg\" alt=\"\" width=\"427\" height=\"251\" srcset=\"https:\/\/memoriadaculturaesportebsb.com.br\/wp-content\/uploads\/2024\/06\/goalball4.jpg 427w, https:\/\/memoriadaculturaesportebsb.com.br\/wp-content\/uploads\/2024\/06\/goalball4-300x176.jpg 300w\" sizes=\"auto, (max-width: 427px) 100vw, 427px\" \/><\/a><figcaption id=\"caption-attachment-2520\" class=\"wp-caption-text\">Leomon (4), atuando na defesa de um ataque (Foto: CPB)<\/figcaption><\/figure>\n<p><strong>Esporte e trabalho<\/strong><\/p>\n<p>Eu sempre tratei o esporte como trabalho. Mesmo quando iniciei no goalball me dediquei como se fosse um trabalho, pois j\u00e1 cumpria hor\u00e1rios de treinos e jogos. Inclusive pelas caracter\u00edsticas que est\u00e3o na Lei Geral do Esporte. Para mim, \u00e9 uma profiss\u00e3o vitoriosa, pois passei por todas as fases at\u00e9 chegar ao profissionalismo, e vivi as evolu\u00e7\u00f5es na medida em que competida, jogando em quadras de prefeituras, dormindo em alojamento de col\u00e9gios, joguei em quadras de \u00f3timas condi\u00e7\u00f5es, tive a melhor alimenta\u00e7\u00e3o poss\u00edvel e tudo isso ajudou nas minhas avalia\u00e7\u00f5es e a fortalecer a minha mente. Essas fases ajudaram a me mostrar o quanto \u00e9 importante o esporte como apoio ao crescimento da pessoa com defici\u00eancia, para inseri-la na sociedade. Tenho colegas que se tornaram advogados, eu estou feliz com a carreira no esporte, tive a chance de viver em igualdade em sociedade. \u00c9 certo que isso ainda n\u00e3o \u00e9 totalmente inclusivo para todos, mas a gente sempre luta por essa igualdade\u201d.<\/p>\n<p><strong>\u00a0<\/strong><strong>P\u00f3s-carreira<\/strong><\/p>\n<p>Desde os meus 26, 27 anos penso como ser\u00e1 quando eu parar. Estou pensando na gest\u00e3o do esporte, onde j\u00e1 estou envolvido, tamb\u00e9m, como presidente do Conselho de Atletas do Comit\u00ea Paral\u00edmpico Brasileiro. Quero fazer a transi\u00e7\u00e3o de atleta para uma atividade dentro do esporte, para algum cargo, quem sabe, onde eu possa contribuir com o esporte. \u00c9 nesse sentido que estou conduzindo a minha capacita\u00e7\u00e3o. H\u00e1 outros segmentos, pois sou formado em massoterapia estou finalizando a faculdade de Jornalismo, que me ajudou muito, principalmente na parte da comunica\u00e7\u00e3o. Assim, n\u00e3o fico dependente s\u00f3 da minha condi\u00e7\u00e3o de atleta de alto n\u00edvel, pois um dia n\u00e3o terei mais rendimento, \u00e9 natural. Dentro do Conselho de Atletas eu levo esse debate para os meus colegas, \u00e9 uma discuss\u00e3o que n\u00e3o pode faltar\u201d.<\/p>\n<figure id=\"attachment_2521\" aria-describedby=\"caption-attachment-2521\" style=\"width: 410px\" class=\"wp-caption aligncenter\"><a href=\"https:\/\/memoriadaculturaesportebsb.com.br\/wp-content\/uploads\/2024\/06\/goalball45jpg.jpg\"><img loading=\"lazy\" decoding=\"async\" class=\"wp-image-2521 size-full\" src=\"https:\/\/memoriadaculturaesportebsb.com.br\/wp-content\/uploads\/2024\/06\/goalball45jpg.jpg\" alt=\"\" width=\"410\" height=\"493\" srcset=\"https:\/\/memoriadaculturaesportebsb.com.br\/wp-content\/uploads\/2024\/06\/goalball45jpg.jpg 410w, https:\/\/memoriadaculturaesportebsb.com.br\/wp-content\/uploads\/2024\/06\/goalball45jpg-249x300.jpg 249w\" sizes=\"auto, (max-width: 410px) 100vw, 410px\" \/><\/a><figcaption id=\"caption-attachment-2521\" class=\"wp-caption-text\">Leomon \u00e9 casado com Milena, tamb\u00e9m paratleta de goalboll. O casal tem uma filhinha, Alana, com um ano e quatro meses (Foto: Comit\u00ea Paral\u00edmpico Brasileiro)<\/figcaption><\/figure>\n<p>Quando esta reportagem foi realizada, o Comit\u00ea Paral\u00edmpico Brasileiro ainda n\u00e3o tinha convocado a Sele\u00e7\u00e3o que vai aos Jogos de Paris \u2013 28 de agosto a 8 de setembro. Confiante na chamada, Leomon diz que o maior advers\u00e1rio do Brasil na atualidade \u00e9 a China. Os demais s\u00e3o os Estados Unidos, Jap\u00e3o e Ucr\u00e2nia. Atualmente, Brasil \u00e9 o primeiro do ranking mundial. E tem o melhor jogador do mundo.<\/p>\n","protected":false},"excerpt":{"rendered":"<p>Por\u00a0Jos\u00e9 Cruz \u00a0A falta de vis\u00e3o de tr\u00eas irm\u00e3os brasilienses, Leandro, Leonardo e Leomon da Silva, os motivou, desde cedo, a buscar a inser\u00e7\u00e3o social. Praticaram esporte e, assim, cresceram apoiando um ao outro. O ca\u00e7ula, Leomon, teve exemplos dos irm\u00e3os e a partir dos 14 anos ele investiu para se tornar um profissional no &hellip;<\/p>\n","protected":false},"author":2,"featured_media":2519,"comment_status":"closed","ping_status":"closed","sticky":false,"template":"","format":"standard","meta":{"footnotes":""},"categories":[13,3,6,4],"tags":[],"class_list":["post-2516","post","type-post","status-publish","format-standard","has-post-thumbnail","","category-colunistas","category-destaque","category-entrevistas","category-esporte"],"_links":{"self":[{"href":"https:\/\/memoriadaculturaesportebsb.com.br\/index.php\/wp-json\/wp\/v2\/posts\/2516","targetHints":{"allow":["GET"]}}],"collection":[{"href":"https:\/\/memoriadaculturaesportebsb.com.br\/index.php\/wp-json\/wp\/v2\/posts"}],"about":[{"href":"https:\/\/memoriadaculturaesportebsb.com.br\/index.php\/wp-json\/wp\/v2\/types\/post"}],"author":[{"embeddable":true,"href":"https:\/\/memoriadaculturaesportebsb.com.br\/index.php\/wp-json\/wp\/v2\/users\/2"}],"replies":[{"embeddable":true,"href":"https:\/\/memoriadaculturaesportebsb.com.br\/index.php\/wp-json\/wp\/v2\/comments?post=2516"}],"version-history":[{"count":4,"href":"https:\/\/memoriadaculturaesportebsb.com.br\/index.php\/wp-json\/wp\/v2\/posts\/2516\/revisions"}],"predecessor-version":[{"id":2525,"href":"https:\/\/memoriadaculturaesportebsb.com.br\/index.php\/wp-json\/wp\/v2\/posts\/2516\/revisions\/2525"}],"wp:featuredmedia":[{"embeddable":true,"href":"https:\/\/memoriadaculturaesportebsb.com.br\/index.php\/wp-json\/wp\/v2\/media\/2519"}],"wp:attachment":[{"href":"https:\/\/memoriadaculturaesportebsb.com.br\/index.php\/wp-json\/wp\/v2\/media?parent=2516"}],"wp:term":[{"taxonomy":"category","embeddable":true,"href":"https:\/\/memoriadaculturaesportebsb.com.br\/index.php\/wp-json\/wp\/v2\/categories?post=2516"},{"taxonomy":"post_tag","embeddable":true,"href":"https:\/\/memoriadaculturaesportebsb.com.br\/index.php\/wp-json\/wp\/v2\/tags?post=2516"}],"curies":[{"name":"wp","href":"https:\/\/api.w.org\/{rel}","templated":true}]}}