{"id":2511,"date":"2024-06-09T20:37:10","date_gmt":"2024-06-09T23:37:10","guid":{"rendered":"https:\/\/memoriadaculturaesportebsb.com.br\/?p=2511"},"modified":"2024-06-09T20:37:10","modified_gmt":"2024-06-09T23:37:10","slug":"uma-pioneira-centenaria-e-sua-memoria-maravilhosa","status":"publish","type":"post","link":"https:\/\/memoriadaculturaesportebsb.com.br\/index.php\/2024\/06\/09\/uma-pioneira-centenaria-e-sua-memoria-maravilhosa\/","title":{"rendered":"Uma pioneira centen\u00e1ria e\u00a0sua mem\u00f3ria maravilhosa"},"content":{"rendered":"<p>Por\u00a0Jos\u00e9 Cruz<\/p>\n<p style=\"text-align: center;\"><strong>A nove meses de completar 100 anos, Nirvana Frias n\u00e3o dispensa os seus exerc\u00edcios f\u00edsicos, que incluem pedaladas numa bicicleta ergom\u00e9trica.<\/strong><\/p>\n<p style=\"text-align: center;\"><strong><em>\u201cMas, tudo sob orienta\u00e7\u00e3o de um personal. Fazer exerc\u00edcio \u00e9 necess\u00e1rio, se n\u00e3o paralisa mesmo e a gente acaba n\u00e3o sabendo andar mais\u201d,<\/em><\/strong><strong> ensina Nirvana<\/strong><\/p>\n<p style=\"text-align: center;\"><strong>A leitura de bons romances, m\u00fasica e distra\u00e7\u00f5es com trabalhos manuais, croch\u00ea e tric\u00f4 entre eles, tamb\u00e9m fazem parte dessa \u201creceita\u201d centen\u00e1ria. A\u00ed est\u00e3o segredos para uma longevidade bem vivida.<\/strong><\/p>\n<figure id=\"attachment_2512\" aria-describedby=\"caption-attachment-2512\" style=\"width: 567px\" class=\"wp-caption aligncenter\"><a href=\"https:\/\/memoriadaculturaesportebsb.com.br\/wp-content\/uploads\/2024\/06\/nirvana1.jpg\"><img loading=\"lazy\" decoding=\"async\" class=\"size-full wp-image-2512\" src=\"https:\/\/memoriadaculturaesportebsb.com.br\/wp-content\/uploads\/2024\/06\/nirvana1.jpg\" alt=\"\" width=\"567\" height=\"655\" srcset=\"https:\/\/memoriadaculturaesportebsb.com.br\/wp-content\/uploads\/2024\/06\/nirvana1.jpg 567w, https:\/\/memoriadaculturaesportebsb.com.br\/wp-content\/uploads\/2024\/06\/nirvana1-260x300.jpg 260w\" sizes=\"auto, (max-width: 567px) 100vw, 567px\" \/><\/a><figcaption id=\"caption-attachment-2512\" class=\"wp-caption-text\">Nirvana, aos 99 anos, mant\u00e9m rotina para se manter ativa<\/figcaption><\/figure>\n<p style=\"text-align: center;\"><strong>Por\u00e9m, o que se destaca na conversa com essa paulista de Tanabi \u00e9 a \u00f3tima lembran\u00e7a dos tempos que aqui chegou, em 1957, acompanhada do marido, Alcides Frias. E gra\u00e7as a essa mem\u00f3ria ela faz revela\u00e7\u00f5es de fatos in\u00e9ditos para a hist\u00f3ria de Bras\u00edlia. Por exemplo, foi no Iate Clube de Bras\u00edlia, clube que se tornou a extens\u00e3o de seu lar, que surgiu a primeira quadra de t\u00eanis da nova Capital, inaugurada em 1960.<\/strong><\/p>\n<p><strong>Ideia e a\u00e7\u00e3o<\/strong><\/p>\n<p>Alcides e Nirvana vieram para Bras\u00edlia a convite de Bernardo Say\u00e3o, formado em Agronomia e Veterin\u00e1ria, conhecido como \u201cPau para toda obra\u201d ou \u201cCapit\u00e3o Desbravador\u201d, gra\u00e7as \u00e0 sua capacidade de \u201cresolver problemas\u201d. Say\u00e3o foi o respons\u00e1vel pela abertura das primeiras estradas de acesso ao Distrito Federal. O casal estava em Ceres (GO), quando conheceu Bernardo Say\u00e3o. Fizeram amizade e, logo, veio o convite para que viessem para Bras\u00edlia.<\/p>\n<p>\u201cNaqueles tempos, faltavam espa\u00e7os para o lazer, em Bras\u00edlia. Foi assim que Alcides, dono de um moinho de cal e cimento, levou adiante a ideia de construir uma quadra de t\u00eanis no Iate Clube, que estava sendo constru\u00eddo\u201d, conta Nirvana.<\/p>\n<p>O Iate Clube, o primeiro de clube social-esportivo de Bras\u00edlia, foi fundado em 5 de abril de 1960, duas semanas antes da inaugura\u00e7\u00e3o de Bras\u00edlia.<\/p>\n<p>A proposta de Alcides foi aceita pelo primeiro comodoro do clube, Geraldo Carneiro. Afinal, a cidade estava em constru\u00e7\u00e3o e praticamente n\u00e3o tinha espa\u00e7o para o lazer, afora o futebol jogado principalmente por times das construtoras da cidade. Dessa forma, para os associados do clube, quadras de t\u00eanis seriam \u00f3tima alternativa para a pr\u00e1tica esportiva.<\/p>\n<p>O que hoje \u00e9 uma iniciativa simples, era uma epopeia naquela \u00e9poca, quando a cidade era um grande canteiro de obras, n\u00e3o s\u00f3 com a constru\u00e7\u00e3o de pr\u00e9dios da administra\u00e7\u00e3o p\u00fablica, do Legislativo e do Judici\u00e1rio, como a abertura de ruas e avenidas do premiado projeto urban\u00edstico de L\u00facio Costa.<\/p>\n<p>Enfim, a proposta das quadras evoluiu e se revela, hoje, um marco para a hist\u00f3ria do esporte da ainda jovem capital:<\/p>\n<blockquote><p><strong><em>A quadra de t\u00eanis constru\u00edda no Iate Clube\u00a0<\/em><\/strong><strong><em>foi a primeira dessa modalidade em Bras\u00edlia<\/em><\/strong><\/p><\/blockquote>\n<p><strong>O projeto <\/strong><\/p>\n<p>A proposta de Alcides Frias logo recebeu o apoio de Sylvio Pedroza e do ga\u00facho Montory Marques Mury, que aqui moravam e, tamb\u00e9m, jogavam t\u00eanis.<\/p>\n<figure id=\"attachment_2513\" aria-describedby=\"caption-attachment-2513\" style=\"width: 567px\" class=\"wp-caption aligncenter\"><a href=\"https:\/\/memoriadaculturaesportebsb.com.br\/wp-content\/uploads\/2024\/06\/nirvana2.jpg\"><img loading=\"lazy\" decoding=\"async\" class=\"size-full wp-image-2513\" src=\"https:\/\/memoriadaculturaesportebsb.com.br\/wp-content\/uploads\/2024\/06\/nirvana2.jpg\" alt=\"\" width=\"567\" height=\"804\" srcset=\"https:\/\/memoriadaculturaesportebsb.com.br\/wp-content\/uploads\/2024\/06\/nirvana2.jpg 567w, https:\/\/memoriadaculturaesportebsb.com.br\/wp-content\/uploads\/2024\/06\/nirvana2-212x300.jpg 212w\" sizes=\"auto, (max-width: 567px) 100vw, 567px\" \/><\/a><figcaption id=\"caption-attachment-2513\" class=\"wp-caption-text\">Alcides Frias, construiu a primeira quadra de t\u00eanis de Bras\u00edlia e ajudou na constru\u00e7\u00e3o de outras, na Academia de T\u00eanis<\/figcaption><\/figure>\n<p>\u201cMury jogava muito bem\u201d, recorda a Senhora Nirvana. \u201cEle era engenheiro e fez o projeto da quadra, executado por meu marido\u201d, afirmou.<\/p>\n<p>Sylvio Pedroza, por sua vez, era o subchefe da Casa Civil do Presidente Juscelino Kubitscheck e tinha \u00f3tima experi\u00eancia como gestor, com passagens pela Prefeitura de Natal e governo do estado do Rio Grande do Norte.<\/p>\n<p><strong>A execu\u00e7\u00e3o<\/strong><\/p>\n<p>Alcides Frias tinha uma olaria e uma f\u00e1brica de cal e cimento na cidade de Ner\u00f3polis, em Goi\u00e1s, e, depois, em Goi\u00e2nia, que ajudavam a abastecer as construtoras de Bras\u00edlia.<\/p>\n<p>J\u00e1 os tijolos e peda\u00e7os de telhas que ele trazia de l\u00e1 eram triturados numa m\u00e1quina at\u00e9 virar p\u00f3, para cobrir a quadra de t\u00eanis, no estilo saibro.<\/p>\n<p>\u201cDepois da quadra coberta com aquele p\u00f3 era preciso compactar o piso muito bem. E o rolo compressor para essa etapa tamb\u00e9m foi criado pelo meu marido\u201d, conta Nirvana<\/p>\n<p>Trabalhando em ritmo acelerado, tudo era feito com muito empenho, pois eles sabiam que estavam construindo n\u00e3o s\u00f3 uma nova cidade, mas a Capital da Rep\u00fablica.<\/p>\n<p>Em quadra, Nirvana ganhou o primeiro torneio feminino do Iate Clube. E jogou em duplas mista, com o marido, ganhando, inclusive, uma competi\u00e7\u00e3o que disputaram em Goi\u00e2nia. Alcides, que foi o primeiro Diretor de T\u00eanis do Iate Clube de Bras\u00edlia, morreu em 2003, aos 86 anos.<\/p>\n<figure id=\"attachment_2514\" aria-describedby=\"caption-attachment-2514\" style=\"width: 567px\" class=\"wp-caption aligncenter\"><a href=\"https:\/\/memoriadaculturaesportebsb.com.br\/wp-content\/uploads\/2024\/06\/nirvana3.jpg\"><img loading=\"lazy\" decoding=\"async\" class=\"size-full wp-image-2514\" src=\"https:\/\/memoriadaculturaesportebsb.com.br\/wp-content\/uploads\/2024\/06\/nirvana3.jpg\" alt=\"\" width=\"567\" height=\"425\" \/><\/a><figcaption id=\"caption-attachment-2514\" class=\"wp-caption-text\">Nirvana e Alcides, pioneiros na constru\u00e7\u00e3o de quadras de t\u00eanis em Bras\u00edlia<\/figcaption><\/figure>\n<p><strong>Simpatia<\/strong><\/p>\n<p>Esportes a parte, Nirvana guarda boas lembran\u00e7as das visitas do presidente Juscelino Kubitscheck a Bras\u00edlia na fase de constru\u00e7\u00e3o, quando fiscalizava as obras e se hospedava no Catetinho, projeto de Oscar Niemeyer em \u00e1rea pr\u00f3xima \u00e0 cidade do Gama.<\/p>\n<p>Nessas visitas, Juscelino descia do avi\u00e3o e ia para a Avenida Central (no N\u00facleo Bandeirantes), centro nervoso dos candangos que ajudavam a construir a cidade.<\/p>\n<blockquote><p><strong><em>\u201cO povo esperava Juscelino com ansiedade. O povo eram os trabalhadores, os candangos, a maioria do Norte e do Nordeste. Juscelino era simp\u00e1tico, alegre, cumprimentava a todos, segurava crian\u00e7as no colo. Todos queriam abra\u00e7\u00e1-lo. Era tudo muito emocionante e a simpatia dele ningu\u00e9m pode negar\u201d, <\/em><\/strong><strong>recorda Nirvana.<\/strong><\/p><\/blockquote>\n<p><strong>\u00a0<\/strong><strong>Almo\u00e7o presidencial<\/strong><\/p>\n<p>Dessas lembran\u00e7as ela destaca uma passagem que ficou marcada.<\/p>\n<p>Naquela \u00e9poca, ela e o marido tinham, tamb\u00e9m, uma churrascaria (Churrascaria Camponesa) que foi contratada para um almo\u00e7o no local onde estava sendo erguido o Iate Clube, com a presen\u00e7a de Juscelino.<\/p>\n<p>Em determinado momento, o Presidente saiu a caminhar pela \u00e1rea do clube e encontrou uma menininha correndo por l\u00e1. E a convidou para almo\u00e7ar com ele, levando-a \u00e0 mesa onde seria servido o churrasco.<\/p>\n<p>\u201cLembro que ele at\u00e9 fez um pratinho para ela, colocou a carne e no mesmo prato a sobremesa\u201d, conta Nirvana.<\/p>\n<p>O que Juscelino n\u00e3o sabia \u00e9 que aquela garotinha, Maria Elizabeth, que ganhara a simpatia presidencial, era filha de Alcides, o churrasqueiro, e Nirvana. O casal teve outros dois filhos, Elza e Ant\u00f4nio.<\/p>\n<p>Nirvana guarda esse epis\u00f3dio com carinho especial, pois faz parte do tempo em que ela e o marido viam a cidade sair do ch\u00e3o e, tamb\u00e9m, participavam dessa monumental obra.<\/p>\n<p><strong>Agradecimento<\/strong><\/p>\n<p>Essa narrativa concedida pela Senhora Nirvana \u00e9 de uma preciosidade para a hist\u00f3ria do esporte da ainda jovem Bras\u00edlia, de \u201capenas\u201d 64 anos.<\/p>\n<p>H\u00e1 registros sobre as obras nas origens da cidade e muitos depoimentos que remetem \u00e0 inicia\u00e7\u00e3o do futebol por aqui. Da mesma forma, este site tem realizado entrevistas que ajudam a recuperar sobre as artes em geral e a m\u00fasica, em especial, nos primeiros tempos do Planalto Central.<\/p>\n<p>Assim, fica o nosso melhor agradecimento \u00e0 Senhora Nirvana, \u00e0 sua filha Elza e seu marido Luiz Carlos Garcia Coelho, que possibilitaram esse encontro, acolheram a reportagem e contribu\u00edram significativamente na conversa com essa Mulher pioneira, Senhora Nirvana.<\/p>\n<p>Com o seu depoimento, que agora publicamos, fica, tamb\u00e9m, a mossa homenagem a todos os que se envolveram na ousada iniciativa de construir um clube, o primeiro da nova Capital e, nele, incentivaram o desenvolvimento do esporte, em geral, e do t\u00eanis, em particular.<\/p>\n","protected":false},"excerpt":{"rendered":"<p>Por\u00a0Jos\u00e9 Cruz A nove meses de completar 100 anos, Nirvana Frias n\u00e3o dispensa os seus exerc\u00edcios f\u00edsicos, que incluem pedaladas numa bicicleta ergom\u00e9trica. \u201cMas, tudo sob orienta\u00e7\u00e3o de um personal. Fazer exerc\u00edcio \u00e9 necess\u00e1rio, se n\u00e3o paralisa mesmo e a gente acaba n\u00e3o sabendo andar mais\u201d, ensina Nirvana A leitura de bons romances, m\u00fasica e &hellip;<\/p>\n","protected":false},"author":2,"featured_media":0,"comment_status":"closed","ping_status":"closed","sticky":false,"template":"","format":"standard","meta":{"footnotes":""},"categories":[13,3,6,4,14],"tags":[],"class_list":["post-2511","post","type-post","status-publish","format-standard","","category-colunistas","category-destaque","category-entrevistas","category-esporte","category-jose-cruz"],"_links":{"self":[{"href":"https:\/\/memoriadaculturaesportebsb.com.br\/index.php\/wp-json\/wp\/v2\/posts\/2511","targetHints":{"allow":["GET"]}}],"collection":[{"href":"https:\/\/memoriadaculturaesportebsb.com.br\/index.php\/wp-json\/wp\/v2\/posts"}],"about":[{"href":"https:\/\/memoriadaculturaesportebsb.com.br\/index.php\/wp-json\/wp\/v2\/types\/post"}],"author":[{"embeddable":true,"href":"https:\/\/memoriadaculturaesportebsb.com.br\/index.php\/wp-json\/wp\/v2\/users\/2"}],"replies":[{"embeddable":true,"href":"https:\/\/memoriadaculturaesportebsb.com.br\/index.php\/wp-json\/wp\/v2\/comments?post=2511"}],"version-history":[{"count":1,"href":"https:\/\/memoriadaculturaesportebsb.com.br\/index.php\/wp-json\/wp\/v2\/posts\/2511\/revisions"}],"predecessor-version":[{"id":2515,"href":"https:\/\/memoriadaculturaesportebsb.com.br\/index.php\/wp-json\/wp\/v2\/posts\/2511\/revisions\/2515"}],"wp:attachment":[{"href":"https:\/\/memoriadaculturaesportebsb.com.br\/index.php\/wp-json\/wp\/v2\/media?parent=2511"}],"wp:term":[{"taxonomy":"category","embeddable":true,"href":"https:\/\/memoriadaculturaesportebsb.com.br\/index.php\/wp-json\/wp\/v2\/categories?post=2511"},{"taxonomy":"post_tag","embeddable":true,"href":"https:\/\/memoriadaculturaesportebsb.com.br\/index.php\/wp-json\/wp\/v2\/tags?post=2511"}],"curies":[{"name":"wp","href":"https:\/\/api.w.org\/{rel}","templated":true}]}}