{"id":2496,"date":"2024-06-01T19:07:44","date_gmt":"2024-06-01T22:07:44","guid":{"rendered":"https:\/\/memoriadaculturaesportebsb.com.br\/?p=2496"},"modified":"2024-06-01T19:07:44","modified_gmt":"2024-06-01T22:07:44","slug":"o-historico-show-de-pele-no-estadio-que-o-homenageava","status":"publish","type":"post","link":"https:\/\/memoriadaculturaesportebsb.com.br\/index.php\/2024\/06\/01\/o-historico-show-de-pele-no-estadio-que-o-homenageava\/","title":{"rendered":"O hist\u00f3rico show de Pel\u00e9 no\u00a0Est\u00e1dio que o homenageava"},"content":{"rendered":"<p>Por Jos\u00e9 Cruz e Helio Tremendani<\/p>\n<p style=\"text-align: center;\"><strong><em>No \u00faltimo dia 25 de maio completaram-se 57 anos de um amistoso em Bras\u00edlia em que a ent\u00e3o poderosa equipe do Santos F.C. liderada pelo Atleta do S\u00e9culo, Pel\u00e9, derrotou a Sele\u00e7\u00e3o de Bras\u00edlia por 5&#215;1<\/em><\/strong><\/p>\n<figure id=\"attachment_2497\" aria-describedby=\"caption-attachment-2497\" style=\"width: 567px\" class=\"wp-caption aligncenter\"><a href=\"https:\/\/memoriadaculturaesportebsb.com.br\/wp-content\/uploads\/2024\/06\/pele1.jpg\"><img loading=\"lazy\" decoding=\"async\" class=\"size-full wp-image-2497\" src=\"https:\/\/memoriadaculturaesportebsb.com.br\/wp-content\/uploads\/2024\/06\/pele1.jpg\" alt=\"\" width=\"567\" height=\"415\" srcset=\"https:\/\/memoriadaculturaesportebsb.com.br\/wp-content\/uploads\/2024\/06\/pele1.jpg 567w, https:\/\/memoriadaculturaesportebsb.com.br\/wp-content\/uploads\/2024\/06\/pele1-300x220.jpg 300w\" sizes=\"auto, (max-width: 567px) 100vw, 567px\" \/><\/a><figcaption id=\"caption-attachment-2497\" class=\"wp-caption-text\">Memor\u00e1vel esquadr\u00e3o do Santos dos anos 1960, no jogo em Bras\u00edlia<\/figcaption><\/figure>\n<p>A renda de R$ 44 mil (quarenta e quatro mil cruzeiros, moeda de ent\u00e3o) desse jogo se destinaria \u00e0 conclus\u00e3o do Est\u00e1dio Nacional de Bras\u00edlia, que posteriormente seria batizado como \u201c<em>Est\u00e1dio Pelez\u00e3o<\/em>\u201d.<\/p>\n<p>Ironicamente, o Rei Pel\u00e9, que marcou um dos cinco gols naquele amistoso, veria tristemente demolido o est\u00e1dio que foi constru\u00eddo para homenage\u00e1-lo. Isso ocorreu em 2009, numa transa\u00e7\u00e3o da ent\u00e3o Federa\u00e7\u00e3o Metropolitana de Futebol com empres\u00e1rios do mercado imobili\u00e1rio da capital da Rep\u00fablica.<\/p>\n<p><strong>O jogo<\/strong><\/p>\n<p>Foi um bom jogo, apesar da superioridade t\u00e9cnica do time visitante, com a dupla Pel\u00e9 e Coutinho colocando a defesa da Sele\u00e7\u00e3o de Bras\u00edlia em constante apreens\u00e3o.<\/p>\n<p>Pel\u00e9 era o centro das aten\u00e7\u00f5es, claro. E, por extens\u00e3o, os torcedores estavam de olho no seu marcador, o zagueiro central Mel\u00e3o. Z\u00e9 Maria, no meio do campo, tamb\u00e9m dava combate ao craque santista, mas de forma pesada a fim de evitar que Pel\u00e9 fizesse o seu carnaval.<\/p>\n<p>Como as entradas duras se sucediam, Pel\u00e9 pediu a Mel\u00e3o (capit\u00e3o da Sele\u00e7\u00e3o Brasiliense) que alertasse sua equipe \u201cpra jogar na bola\u201d, pois as entradas estavam sendo muito duras.<\/p>\n<p>Como o pedido do Rei n\u00e3o surtiu resultado, o troco veio na mesma moeda. Numa determinada dividida, Pel\u00e9 entrou duro em Z\u00e9 Maria, que sentiu e foi ao ch\u00e3o.<\/p>\n<p>\u201cEu avisei pra maneirar. Ta\u00ed o troco\u201d, disse Pel\u00e9 aos advers\u00e1rios.<\/p>\n<p>Aos 32 minutos do segundo tempo, Z\u00e9 Maria desperdi\u00e7ou um p\u00eanalti, defendido pelo goleiro Cl\u00e1udio.<\/p>\n<figure id=\"attachment_2498\" aria-describedby=\"caption-attachment-2498\" style=\"width: 567px\" class=\"wp-caption aligncenter\"><a href=\"https:\/\/memoriadaculturaesportebsb.com.br\/wp-content\/uploads\/2024\/06\/pele2.jpg\"><img loading=\"lazy\" decoding=\"async\" class=\"wp-image-2498 size-full\" src=\"https:\/\/memoriadaculturaesportebsb.com.br\/wp-content\/uploads\/2024\/06\/pele2.jpg\" alt=\"\" width=\"567\" height=\"414\" \/><\/a><figcaption id=\"caption-attachment-2498\" class=\"wp-caption-text\">Mel\u00e3o e Pel\u00e9 num elegante momento de fairplay, antes do jogo<\/figcaption><\/figure>\n<p><strong>Categoria<\/strong><\/p>\n<p>Bola rolando e Pel\u00e9 logo mostrou toda a sua categoria, para o desespero do zagueiro Mel\u00e3o, que n\u00e3o podia falhar diante da torcida brasiliense.<\/p>\n<p>Em determinado momento, Pel\u00e9 recebe um lan\u00e7amento, mata a bola com categoria e v\u00ea Mel\u00e3o chegando para desarm\u00e1-lo. Com rapidez, Pel\u00e9 d\u00e1 um leve toque na bola por entre as pernas de Mel\u00e3o e deu continuidade \u00e0 jogada ainda com a bola dominada.<\/p>\n<p>Apesar disso, o zagueiro brasiliense saiu de campo reconhecido pelos colegas e torcedores. Afinal, n\u00e3o fosse o seu empenho na defesa para segurar o poderio do ataque santista, o placar teria sido bem maior<strong>.<\/strong><\/p>\n<p><strong>Testemunha<\/strong><\/p>\n<p>Quem estava no est\u00e1dio e constatou esses fatos foi H\u00e9lio Tremendani, \u00e0 \u00e9poca com 15 anos e irm\u00e3o de Jo\u00e3o Mello, o Mel\u00e3o. \u00c9 de H\u00e9lio o seguinte depoimento:<\/p>\n<p>\u201cMeu irm\u00e3o me chamou para ir para o est\u00e1dio no \u00f4nibus da Sele\u00e7\u00e3o de Bras\u00edlia, que teria entrada garantida. Mas, eu preferi ir com a turma de amigos, apesar das dificuldades para ter acesso ao est\u00e1dio. Conseguimos entrar passando por espa\u00e7os abertos no muro, mas isso nos causou preocupa\u00e7\u00e3o durante todo o jogo. Cada vez que policiais se aproximavam do nosso grupo, tem\u00edamos que estavam \u00e0 nossa procura e sa\u00edamos correndo\u201d, conta H\u00e9lio, rindo muito das suas perip\u00e9cias dos bons tempos sapecas em Bras\u00edlia.<\/p>\n<p><strong>FICHA T\u00c9CNICA<\/strong><\/p>\n<p><strong>SELE\u00c7\u00c3O DE BRAS\u00cdLIA<\/strong><\/p>\n<p>Z\u00e9 Valter; Didi, Melo, Farnazi e Aderbal; Z\u00e9 Maria e Luis; Sabar\u00e1, Edinho (Cidio), Beto (Paulinho) e Arnaldo.<br \/>\nT\u00e9cnico: Samuel Lopes<\/p>\n<figure id=\"attachment_2499\" aria-describedby=\"caption-attachment-2499\" style=\"width: 1163px\" class=\"wp-caption aligncenter\"><a href=\"https:\/\/memoriadaculturaesportebsb.com.br\/wp-content\/uploads\/2024\/06\/WhatsApp-Image-2024-06-01-at-18.34.59.jpeg\"><img loading=\"lazy\" decoding=\"async\" class=\"size-full wp-image-2499\" src=\"https:\/\/memoriadaculturaesportebsb.com.br\/wp-content\/uploads\/2024\/06\/WhatsApp-Image-2024-06-01-at-18.34.59.jpeg\" alt=\"\" width=\"1163\" height=\"779\" srcset=\"https:\/\/memoriadaculturaesportebsb.com.br\/wp-content\/uploads\/2024\/06\/WhatsApp-Image-2024-06-01-at-18.34.59.jpeg 1163w, https:\/\/memoriadaculturaesportebsb.com.br\/wp-content\/uploads\/2024\/06\/WhatsApp-Image-2024-06-01-at-18.34.59-300x201.jpeg 300w, https:\/\/memoriadaculturaesportebsb.com.br\/wp-content\/uploads\/2024\/06\/WhatsApp-Image-2024-06-01-at-18.34.59-1024x686.jpeg 1024w, https:\/\/memoriadaculturaesportebsb.com.br\/wp-content\/uploads\/2024\/06\/WhatsApp-Image-2024-06-01-at-18.34.59-768x514.jpeg 768w, https:\/\/memoriadaculturaesportebsb.com.br\/wp-content\/uploads\/2024\/06\/WhatsApp-Image-2024-06-01-at-18.34.59-110x75.jpeg 110w\" sizes=\"auto, (max-width: 1163px) 100vw, 1163px\" \/><\/a><figcaption id=\"caption-attachment-2499\" class=\"wp-caption-text\">Na foto, vemos, em p\u00e9, da esquerda para a direita: Mello, Didi, Farneze, Luiz, Z\u00e9 Walter e Aderbal; agachados: Padre Neco (massagista), Sabar\u00e1, Z\u00e9 Maria, Edinho, Beto Pretti, Arnaldo e Marreta (massagista).<br \/>Fonte: @almanaquedofutebolbrasiliense<\/figcaption><\/figure>\n<p><strong>SANTOS<\/strong><\/p>\n<p>Cl\u00e1udio; Lima, Joel, Orlando (Oberdan) e Rildo; Zito (Bugl\u00ea) e Clodoaldo; Wilson, Coutinho (Douglas), Pel\u00e9 (Toninho) e Abel (Edu).<br \/>\nT\u00e9cnico: Antoninho<\/p>\n<p><strong>Gols: <\/strong><\/p>\n<p><strong>Santos \u2013<\/strong> Pel\u00e9, 3 minutos; Coutinho, aos 40; Wilson, aos 63; Douglas, aos 80; e Toninho, 89 minutos.<\/p>\n<p><strong>Sele\u00e7\u00e3o DF<\/strong> \u2013 Aderbal aos 84 minutos.<\/p>\n<p><strong>Foto<\/strong><\/p>\n<p>A foto da equipe do Santos que ilustra esta mem\u00f3ria \u00e9 do saudoso profissional Orlando Brito, que nos deixou em 2022, depois de r\u00e1pida enfermidade.<\/p>\n<p>Premiado rep\u00f3rter fotogr\u00e1fico na \u00e1rea de pol\u00edtica, um dos melhores que a imprensa brasileira j\u00e1 teve, Brito fotografava, tamb\u00e9m, fatos que faziam a rotina da nova Capital da Rep\u00fablica.<\/p>\n<p>Com o passar dos anos, o acervo de Orlando Brito tornou-se uma preciosidade, pois s\u00e3o imagens de momentos hist\u00f3ricos de Bras\u00edlia, como esse em que o Rei do Futebol Mundial aqui se apresentou.<\/p>\n","protected":false},"excerpt":{"rendered":"<p>Por Jos\u00e9 Cruz e Helio Tremendani No \u00faltimo dia 25 de maio completaram-se 57 anos de um amistoso em Bras\u00edlia em que a ent\u00e3o poderosa equipe do Santos F.C. liderada pelo Atleta do S\u00e9culo, Pel\u00e9, derrotou a Sele\u00e7\u00e3o de Bras\u00edlia por 5&#215;1 A renda de R$ 44 mil (quarenta e quatro mil cruzeiros, moeda de &hellip;<\/p>\n","protected":false},"author":2,"featured_media":2498,"comment_status":"closed","ping_status":"closed","sticky":false,"template":"","format":"standard","meta":{"footnotes":""},"categories":[13,3,4,16,14],"tags":[],"class_list":["post-2496","post","type-post","status-publish","format-standard","has-post-thumbnail","","category-colunistas","category-destaque","category-esporte","category-helio-tremendani","category-jose-cruz"],"_links":{"self":[{"href":"https:\/\/memoriadaculturaesportebsb.com.br\/index.php\/wp-json\/wp\/v2\/posts\/2496","targetHints":{"allow":["GET"]}}],"collection":[{"href":"https:\/\/memoriadaculturaesportebsb.com.br\/index.php\/wp-json\/wp\/v2\/posts"}],"about":[{"href":"https:\/\/memoriadaculturaesportebsb.com.br\/index.php\/wp-json\/wp\/v2\/types\/post"}],"author":[{"embeddable":true,"href":"https:\/\/memoriadaculturaesportebsb.com.br\/index.php\/wp-json\/wp\/v2\/users\/2"}],"replies":[{"embeddable":true,"href":"https:\/\/memoriadaculturaesportebsb.com.br\/index.php\/wp-json\/wp\/v2\/comments?post=2496"}],"version-history":[{"count":1,"href":"https:\/\/memoriadaculturaesportebsb.com.br\/index.php\/wp-json\/wp\/v2\/posts\/2496\/revisions"}],"predecessor-version":[{"id":2500,"href":"https:\/\/memoriadaculturaesportebsb.com.br\/index.php\/wp-json\/wp\/v2\/posts\/2496\/revisions\/2500"}],"wp:featuredmedia":[{"embeddable":true,"href":"https:\/\/memoriadaculturaesportebsb.com.br\/index.php\/wp-json\/wp\/v2\/media\/2498"}],"wp:attachment":[{"href":"https:\/\/memoriadaculturaesportebsb.com.br\/index.php\/wp-json\/wp\/v2\/media?parent=2496"}],"wp:term":[{"taxonomy":"category","embeddable":true,"href":"https:\/\/memoriadaculturaesportebsb.com.br\/index.php\/wp-json\/wp\/v2\/categories?post=2496"},{"taxonomy":"post_tag","embeddable":true,"href":"https:\/\/memoriadaculturaesportebsb.com.br\/index.php\/wp-json\/wp\/v2\/tags?post=2496"}],"curies":[{"name":"wp","href":"https:\/\/api.w.org\/{rel}","templated":true}]}}