{"id":2472,"date":"2024-05-15T10:15:42","date_gmt":"2024-05-15T13:15:42","guid":{"rendered":"https:\/\/memoriadaculturaesportebsb.com.br\/?p=2472"},"modified":"2024-05-15T10:15:42","modified_gmt":"2024-05-15T13:15:42","slug":"uma-fiel-paixao-pelo-volei","status":"publish","type":"post","link":"https:\/\/memoriadaculturaesportebsb.com.br\/index.php\/2024\/05\/15\/uma-fiel-paixao-pelo-volei\/","title":{"rendered":"UMA FIEL PAIX\u00c3O PELO V\u00d4LEI"},"content":{"rendered":"<p><strong>Por H\u00e9lio Tremendani e Jos\u00e9 Cruz<\/strong><\/p>\n<p style=\"text-align: center;\"><strong><em>\u201cO v\u00f4lei me ensinou muito sobre mim mesma.\u00a0<\/em><\/strong><\/p>\n<p style=\"text-align: center;\"><strong><em>Durante toda a minha carreira houve muitas<\/em><\/strong><\/p>\n<p style=\"text-align: center;\"><strong><em>li\u00e7\u00f5es mentais e f\u00edsicas que aprendi dentro e fora <\/em><\/strong><\/p>\n<p style=\"text-align: center;\"><strong><em>da quadra. Aprendi a trabalhar duro e a levantar <\/em><\/strong><\/p>\n<p style=\"text-align: center;\"><strong><em>toda vez que ca\u00eda. Ensinou-me a lidar com <\/em><\/strong><\/p>\n<p style=\"text-align: center;\"><strong><em>o fracasso, a criticar e a duvidar de mim mesma\u201d&#8230;<\/em><\/strong><\/p>\n<p style=\"text-align: center;\"><strong><em>Claudete Caetano Mota<\/em><\/strong><\/p>\n<figure id=\"attachment_2473\" aria-describedby=\"caption-attachment-2473\" style=\"width: 618px\" class=\"wp-caption alignleft\"><a href=\"https:\/\/memoriadaculturaesportebsb.com.br\/wp-content\/uploads\/2024\/05\/claudete.jpg\"><img loading=\"lazy\" decoding=\"async\" class=\"wp-image-2473 size-large\" src=\"https:\/\/memoriadaculturaesportebsb.com.br\/wp-content\/uploads\/2024\/05\/claudete-768x1024.jpg\" alt=\"\" width=\"618\" height=\"824\" srcset=\"https:\/\/memoriadaculturaesportebsb.com.br\/wp-content\/uploads\/2024\/05\/claudete-768x1024.jpg 768w, https:\/\/memoriadaculturaesportebsb.com.br\/wp-content\/uploads\/2024\/05\/claudete-225x300.jpg 225w, https:\/\/memoriadaculturaesportebsb.com.br\/wp-content\/uploads\/2024\/05\/claudete.jpg 896w\" sizes=\"auto, (max-width: 618px) 100vw, 618px\" \/><\/a><figcaption id=\"caption-attachment-2473\" class=\"wp-caption-text\">Foto: Jos\u00e9 Cruz<\/figcaption><\/figure>\n<p>Nos anos 1990, um empres\u00e1rio de Bras\u00edlia, Pedro Ivan, criou um time de v\u00f4lei feminino que movimentou a rotina esportiva da cidade.<\/p>\n<p>Os objetivos do empreendimento eram ter um time na Superliga, identificar talentos e formar atletas de alto rendimento na modalidade.<\/p>\n<p>O atrativo maior foi o time principal, que chegou a ter atletas medalhistas ol\u00edmpicas, como a ponteira Leila, hoje senadora, e a l\u00edbero Ricarda, ambas com conquistas de bronze nos Jogos de Sidney 2000.<\/p>\n<p><strong>O sonho de Claudete<\/strong><\/p>\n<p>Foi nesse ambiente da For\u00e7a Ol\u00edmpica que em 1993 ingressou Claudete Caetano Mota, uma brasiliense que j\u00e1 praticava os principais fundamentos do v\u00f4lei, tinha disposi\u00e7\u00e3o para se tornar atleta e sonhava com a oportunidade num grande time.<\/p>\n<p>Hoje, perto de completar 43 anos, em 30 de maio, formada em Administra\u00e7\u00e3o e em Marketing, na qual tem p\u00f3s-gradua\u00e7\u00e3o, ela continua em atividade nas quadras. N\u00e3o com o tempo integral de antes, mas o suficiente para ensinar as novas gera\u00e7\u00f5es, entre elas sua filha, Anna Clara, de 14 anos, que tamb\u00e9m sonha crescer na modalidade, quem sabe at\u00e9 jogando no exterior. Claudete tem outro filho, Miguel, de 5 anos.<\/p>\n<p><strong><em>Claudete: \u201cToda a minha trajet\u00f3ria profissional eu fiz na\u00a0<\/em><\/strong><strong><em>For\u00e7a Ol\u00edmpica\u201d<\/em><\/strong><\/p>\n<p><strong>O in\u00edcio<\/strong><\/p>\n<p>Claudete chegou \u00e0 For\u00e7a Ol\u00edmpica com o apoio do irm\u00e3o, Clodoaldo Caetano, que jogava futebol na ARUC. Ao saber que haveria uma sele\u00e7\u00e3o para jovens atletas de v\u00f4lei, ele inscreveu a irm\u00e3 e ficou na torcida por sua sele\u00e7\u00e3o, que saiu, apesar de uma pequena defici\u00eancia nos bra\u00e7os, que n\u00e3o esticavam completamente. \u201cMeus bra\u00e7os n\u00e3o tinham extens\u00e3o total, quase fui cortada\u201d, recorda.<\/p>\n<p>Por\u00e9m, por interesse do t\u00e9cnico Osman Nunes de Ara\u00fajo, que viu potencial na garota, pediu um tempo para realizar exerc\u00edcios espec\u00edficos e tentar fazer a corre\u00e7\u00e3o indispens\u00e1vel. N\u00e3o demorou para ter sucesso no tratamento e transform\u00e1-la numa eficiente jogadora de meio-de-rede.<\/p>\n<p>O piauiense Osman, hoje dirigindo uma escolinha de v\u00f4lei, ainda em Bras\u00edlia, participou na forma\u00e7\u00e3o de v\u00e1rios atletas da Superliga, sendo que duas chegaram \u00e0 Sele\u00e7\u00e3o Brasileira, Paula Pequeno e Fab\u00edola.<\/p>\n<p><strong>For\u00e7a Ol\u00edmpica<\/strong><\/p>\n<p>Claudete cresceu dentro do que propunha o projeto da For\u00e7a Ol\u00edmpica. Nesse time, ela conquistou tr\u00eas tricampeonatos brasilienses, nas categorias infantil, infanto-juvenil e juvenil e um tetracampeonato, adulto, quando a equipe era dirigida pelo t\u00e9cnico Ivan Rogedo. Formado em Administra\u00e7\u00e3o e Direito, Ivan \u00e9 hoje um conceituado auditor concursado do Tribunal de Contas da Uni\u00e3o (TCU).<\/p>\n<p>\u201cJogando nas categorias de base, eu estava no time da For\u00e7a Ol\u00edmpica quando fui convocada para integrar a Sele\u00e7\u00e3o do Distrito Federal que disputaria o Campeonato Brasileiro Juvenil, Divis\u00e3o Especial, em Florian\u00f3polis.\u201d, conta a entrevistada. \u00a0Claudete ainda jogou as temporadas de 1998 e 1999 pela For\u00e7a Ol\u00edmpica, mesclando suas atua\u00e7\u00f5es em equipes e competi\u00e7\u00f5es universit\u00e1rias.<\/p>\n<p><strong><em>\u00a0 \u00a0<\/em><\/strong><\/p>\n<figure id=\"attachment_2474\" aria-describedby=\"caption-attachment-2474\" style=\"width: 618px\" class=\"wp-caption aligncenter\"><a href=\"https:\/\/memoriadaculturaesportebsb.com.br\/wp-content\/uploads\/2024\/05\/claudete2.jpg\"><img loading=\"lazy\" decoding=\"async\" class=\"wp-image-2474 size-large\" src=\"https:\/\/memoriadaculturaesportebsb.com.br\/wp-content\/uploads\/2024\/05\/claudete2-1024x924.jpg\" alt=\"\" width=\"618\" height=\"558\" \/><\/a><figcaption id=\"caption-attachment-2474\" class=\"wp-caption-text\">Claudete (3) em plena impuls\u00e3o para concluir um ataque\u00a0(Foto: Diego Batista)<\/figcaption><\/figure>\n<p><strong>Na UPIS<\/strong><\/p>\n<p>Em 2001, Claudete ingressou na UPIS, equipe que se sagrou octacampe\u00e3 (2001 a 2008) dos Jogos Universit\u00e1rios de Bras\u00edlia. Paralelamente, a UPIS conquistou o pentacampeonato dos Jogos Universit\u00e1rios Brasileiros. Entre 2001 e 2006, s\u00f3 n\u00e3o levantou o t\u00edtulo em 2004, quando ficou em terceiro lugar.<\/p>\n<p><strong><em>\u201cA UPIS era um time profissional, que tamb\u00e9m oferecia bolsa de estudos para as suas atletas\u201d<\/em><\/strong><\/p>\n<p><strong><em>\u00a0<\/em><\/strong>Nessa fase, o grande resultado de Claudete veio na China, em 2001, quando a Sele\u00e7\u00e3o Brasileira Universit\u00e1ria terminou a competi\u00e7\u00e3o universal em quarto lugar. No ano seguinte, sagrou-se campe\u00e3 no Sul-Americano, sob a orienta\u00e7\u00e3o do t\u00e9cnico Andr\u00e9. J\u00e1 na Turquia, em 2005, a UPIS ficou na oitava posi\u00e7\u00e3o.<\/p>\n<p>No tempo em que jogou na UPIS, Claudete foi treinada por Joaquim Rolando Menendes e com prepara\u00e7\u00e3o f\u00edsica do cubano Ernesto Lu\u00eds Hernandez Jova, que faleceu recentemente, v\u00edtima da Covid.<\/p>\n<blockquote><p><strong><em>\u201cErnesto foi um pai para mim. Foi ele quem fez a minha recupera\u00e7\u00e3o e prepara\u00e7\u00e3o para voltar a jogar depois da gravidez. Mas era um preparador f\u00edsico muito exigente nas cobran\u00e7as dentro e fora da quadra\u201d <\/em><\/strong><\/p><\/blockquote>\n<p><strong><em>\u00a0<\/em><\/strong>\u201cNum certo treino em que n\u00e3o me sa\u00ed bem, ele falou que se eu n\u00e3o quisesse jogar que fosse embora, pois da forma como eu estava atacando n\u00e3o iria a lugar algum. Fiquei magoada com as palavras dele e chorei muito\u201d, conta Claudete, emocionada.<\/p>\n<p>A partir de ent\u00e3o ela mudou o comportamento: fez um tratamento para o ombro, que estava precisando, passou a treinar intensamente, defendendo, atacando, bloqueando e sacando. No \u00faltimo jogo de uma competi\u00e7\u00e3o nacional, contra o Paran\u00e1, ela fechou o placar no tiebreak.<\/p>\n<p>\u201cFui para um canto e chorei muito. Ernesto foi l\u00e1 me cumprimentar e dizer que sempre soube do que eu era capaz. Disse que eu n\u00e3o precisava provar nada, s\u00f3 precisava mostrar o meu jogo, por isso me provocou para que eu reagisse\u201d.<\/p>\n<p>Em seguida veio a convoca\u00e7\u00e3o para a Sele\u00e7\u00e3o Brasileira Universit\u00e1ria que iria aos Jogos da China, sob a orienta\u00e7\u00e3o do t\u00e9cnico Andr\u00e9, do Paran\u00e1. Ela n\u00e3o acreditava na convoca\u00e7\u00e3o. Por isso, vibrou muito quando ouviu o seu nome, o quarto a ser divulgado. E foi na UPIS, que ela encerrou a sua carreira como profissional, em 2008.<\/p>\n<p><strong>Gravidez <\/strong><\/p>\n<p>Em 2010, Claudete jogava em Maring\u00e1, no Paran\u00e1, quando recebeu uma proposta para atuar por um time da Alemanha, Portugal ou Espanha. Optou pela Alemanha, onde tinha amigas jogando, o que tornaria a sua adapta\u00e7\u00e3o mais f\u00e1cil. Assinou a documenta\u00e7\u00e3o de transfer\u00eancia, tudo certo. E veio a Bras\u00edlia para rever a fam\u00edlia, fazer exames m\u00e9dicos e retornou ao Paran\u00e1.<\/p>\n<p>Ao final das competi\u00e7\u00f5es que disputava, surpresa! \u201cEu soube que estava gr\u00e1vida e a\u00ed dei prioridade \u00e0 gesta\u00e7\u00e3o. Cancelei o contrato com o time alem\u00e3o e fiquei em Bras\u00edlia, onde nasceu Anna Clara, que se tornou a minha maior incentivadora no esporte\u201d, diz a mam\u00e3e, orgulhosa.<\/p>\n<p>Com o tempo, Claudete disputou v\u00e1rias competi\u00e7\u00f5es universit\u00e1rias, quando se sagrou vice-campe\u00e3 pela Faculdade Alvorada, em 2013, em Bras\u00edlia, campe\u00e3 regional do Goi\u00e1s em 2013, jogando pelo Rio Verde, clube que tamb\u00e9m conquistou o terceiro lugar nos Jogos Abertos de Goi\u00e1s.<\/p>\n<p>A partir de ent\u00e3o, ela se dedicou \u00e0s competi\u00e7\u00f5es das categorias Adulto e Master pela equipe Prevermed, onde os p\u00f3dios continuaram na sua carreira. Foi campe\u00e3 da Superliga C em 2023, e vice-campe\u00e3 do Aberto da Federa\u00e7\u00e3o de Voleibol do Distrito Federal, este ano.<\/p>\n<p><strong>\u00a0<\/strong><strong>Seguidores<\/strong><\/p>\n<p>Fora das quadras, boa parte da rotina profissional de Claudete foi dedicada \u00e0 carreira de modelo.<\/p>\n<figure id=\"attachment_2475\" aria-describedby=\"caption-attachment-2475\" style=\"width: 618px\" class=\"wp-caption aligncenter\"><a href=\"https:\/\/memoriadaculturaesportebsb.com.br\/wp-content\/uploads\/2024\/05\/claudete3.jpg\"><img loading=\"lazy\" decoding=\"async\" class=\"size-large wp-image-2475\" src=\"https:\/\/memoriadaculturaesportebsb.com.br\/wp-content\/uploads\/2024\/05\/claudete3-1024x996.jpg\" alt=\"\" width=\"618\" height=\"601\" srcset=\"https:\/\/memoriadaculturaesportebsb.com.br\/wp-content\/uploads\/2024\/05\/claudete3-1024x996.jpg 1024w, https:\/\/memoriadaculturaesportebsb.com.br\/wp-content\/uploads\/2024\/05\/claudete3-300x292.jpg 300w, https:\/\/memoriadaculturaesportebsb.com.br\/wp-content\/uploads\/2024\/05\/claudete3-768x747.jpg 768w, https:\/\/memoriadaculturaesportebsb.com.br\/wp-content\/uploads\/2024\/05\/claudete3.jpg 1066w\" sizes=\"auto, (max-width: 618px) 100vw, 618px\" \/><\/a><figcaption id=\"caption-attachment-2475\" class=\"wp-caption-text\">Claudete em sua fase de modelo\u00a0 (Foto: Matheus de Paula)<\/figcaption><\/figure>\n<p>Quando saiu do time da For\u00e7a Ol\u00edmpica, em 2000, por exemplo, ela \u201cmodelou\u201d para um grupo de S\u00e3o Paulo. Para isso, soube explorar a altura (1,83m), a simpatia e a eleg\u00e2ncia. Essas qualidades e o profissionalismo com que desempenha o seu trabalho ajudaram Claudete a conquistar um grande p\u00fablico de admiradores. Al\u00e9m disso, conhecida pelos longos anos jogando em quadra, hoje ela tem mais de 13 mil seguidores no Instagram.<\/p>\n<p>Em outro campo de atua\u00e7\u00e3o, ela aplicou os seus conhecimentos profissionais em empresas de Bras\u00edlia, como o Grupo Comunidade de Comunica\u00e7\u00e3o. \u201cTudo o que aprendi no v\u00f4lei \u2013 defesa, ataque, lideran\u00e7a \u2013 levei para a minha atividade de Analista de Comunica\u00e7\u00e3o e Gerente Comercial\u201d, revela. Atualmente, ela \u00e9 Analista de Relacionamento em um col\u00e9gio da rede privada de Sobradinho.<\/p>\n<p><strong>Casada<\/strong><\/p>\n<figure id=\"attachment_2476\" aria-describedby=\"caption-attachment-2476\" style=\"width: 300px\" class=\"wp-caption alignright\"><a href=\"https:\/\/memoriadaculturaesportebsb.com.br\/wp-content\/uploads\/2024\/05\/claudete4.jpg\"><img loading=\"lazy\" decoding=\"async\" class=\"size-medium wp-image-2476\" src=\"https:\/\/memoriadaculturaesportebsb.com.br\/wp-content\/uploads\/2024\/05\/claudete4-300x268.jpg\" alt=\"\" width=\"300\" height=\"268\" srcset=\"https:\/\/memoriadaculturaesportebsb.com.br\/wp-content\/uploads\/2024\/05\/claudete4-300x268.jpg 300w, https:\/\/memoriadaculturaesportebsb.com.br\/wp-content\/uploads\/2024\/05\/claudete4.jpg 676w\" sizes=\"auto, (max-width: 300px) 100vw, 300px\" \/><\/a><figcaption id=\"caption-attachment-2476\" class=\"wp-caption-text\">Miguel, com o papai William, Claudete e Anna Clara\u00a0\u00a0(Arquivo pessoal)<\/figcaption><\/figure>\n<p>Claudete \u00e9 casada com o brasiliense William de Melo Mota, formado em Educa\u00e7\u00e3o F\u00edsica e t\u00e9cnico de jud\u00f4 num educand\u00e1rio particular de Sobradinho. Entre os seus alunos da nov\u00edssima gera\u00e7\u00e3o, est\u00e1 Miguel, filho do casal, de 5 anos. Segundo William, esse n\u00e3o trocar\u00e1 de modalidade. \u201cSer\u00e1 mesmo um judoca, pois j\u00e1 gosta do que pratica\u201d, diz William.<\/p>\n<p>A irm\u00e3 de Miguel, Anna Clara, chegou a lutar no tatame, logo que iniciou no esporte, ainda crian\u00e7a. Mas era vista com mais frequ\u00eancia na arquibancada, acompanhando os treinos e jogos da mam\u00e3e. Acabou optando pela quadra, onde se revela uma \u00f3tima atleta.<\/p>\n<p><strong>Preconceito<\/strong><\/p>\n<p>Com 1,83m, bonita e elegante, Claudete afirma que n\u00e3o chegou a enfrentar o preconceito de cor por parte de torcedores, lamentavelmente pr\u00e1tica que se espalha pelo mundo, n\u00e3o s\u00f3 no futebol.<\/p>\n<p>Por\u00e9m, ela tem m\u00e1goa de colegas, jogadoras advers\u00e1rias, que se surpreendem em ver times de atletas Masters ainda jogando e vencendo.<\/p>\n<p><strong><em>\u201cJogando contra um time de meninas, bem mais novas, das quais ganhamos, ouvimos quando elas falaram de forma grosseira, tipo \u00b4essas velhas n\u00e3o v\u00e3o parar de jogar\u00b4? Ou \u00b4Como elas ainda est\u00e3o em quadra\u00b4?\u201d<\/em><\/strong><\/p>\n<p>Essas manifesta\u00e7\u00f5es doeram em Claudete. Muito sentida ela recebeu o apoio de seus familiares, amigos, colegas de time, e, inclusive, de atletas de renome que se solidarizaram \u00e0 sua tristeza.<\/p>\n<p><strong>\u00a0<\/strong><strong>Desabafo <\/strong><\/p>\n<blockquote><p><strong>\u201cHoje, nosso time \u00e9 formado por ex-atletas profissionais!\u00a0<\/strong><strong>Temos resultados, temos hist\u00f3ria, mas, lamentavelmente, parte da nova gera\u00e7\u00e3o n\u00e3o valoriza isso. Ao contr\u00e1rio, tenta nos desmoralizar\u201d<\/strong><\/p><\/blockquote>\n<p>Claudete observou que as jovens atletas entram em quadra \u201ccom ar de superioridade, embora ali estejam meninas que nunca sa\u00edram de Bras\u00edlia.<\/p>\n<p>\u201cMas, parece que fazem quest\u00e3o de nos chamar de \u201cvelha\u201d porque ainda estamos jogando\u201d, diz ela, refor\u00e7ando a m\u00e1goa por essas grosseiras rea\u00e7\u00f5es.<\/p>\n<p>\u201cO meu maior medo \u00e9 quando lembro o dia que n\u00e3o poderei mais jogar. Por isso essas manifesta\u00e7\u00f5es doeram mais. Ser\u00e1 que j\u00e1 n\u00e3o represento mais nada? Ser\u00e1 que a minha hist\u00f3ria acabou?<\/p>\n<p>O desabafo de Claudete tem outro argumento que \u00e9 elementar para o atleta de qualquer modalidade:<\/p>\n<blockquote><p><strong><em>\u201cNo esporte se aprende a respeitar o advers\u00e1rio, a religi\u00e3o e as op\u00e7\u00f5es de cada um. Por isso, ouvir manifesta\u00e7\u00f5es dessas foi, sem d\u00favida, uma das maior facadas que levei na minha vida, pois veio de meninas de 19, 20 anos, ainda iniciando no esporte\u201d.<\/em><\/strong><\/p><\/blockquote>\n","protected":false},"excerpt":{"rendered":"<p>Por H\u00e9lio Tremendani e Jos\u00e9 Cruz \u201cO v\u00f4lei me ensinou muito sobre mim mesma.\u00a0 Durante toda a minha carreira houve muitas li\u00e7\u00f5es mentais e f\u00edsicas que aprendi dentro e fora da quadra. Aprendi a trabalhar duro e a levantar toda vez que ca\u00eda. Ensinou-me a lidar com o fracasso, a criticar e a duvidar de &hellip;<\/p>\n","protected":false},"author":2,"featured_media":2474,"comment_status":"closed","ping_status":"closed","sticky":false,"template":"","format":"standard","meta":{"footnotes":""},"categories":[13,3,6,4,16,14],"tags":[],"class_list":["post-2472","post","type-post","status-publish","format-standard","has-post-thumbnail","","category-colunistas","category-destaque","category-entrevistas","category-esporte","category-helio-tremendani","category-jose-cruz"],"_links":{"self":[{"href":"https:\/\/memoriadaculturaesportebsb.com.br\/index.php\/wp-json\/wp\/v2\/posts\/2472","targetHints":{"allow":["GET"]}}],"collection":[{"href":"https:\/\/memoriadaculturaesportebsb.com.br\/index.php\/wp-json\/wp\/v2\/posts"}],"about":[{"href":"https:\/\/memoriadaculturaesportebsb.com.br\/index.php\/wp-json\/wp\/v2\/types\/post"}],"author":[{"embeddable":true,"href":"https:\/\/memoriadaculturaesportebsb.com.br\/index.php\/wp-json\/wp\/v2\/users\/2"}],"replies":[{"embeddable":true,"href":"https:\/\/memoriadaculturaesportebsb.com.br\/index.php\/wp-json\/wp\/v2\/comments?post=2472"}],"version-history":[{"count":1,"href":"https:\/\/memoriadaculturaesportebsb.com.br\/index.php\/wp-json\/wp\/v2\/posts\/2472\/revisions"}],"predecessor-version":[{"id":2477,"href":"https:\/\/memoriadaculturaesportebsb.com.br\/index.php\/wp-json\/wp\/v2\/posts\/2472\/revisions\/2477"}],"wp:featuredmedia":[{"embeddable":true,"href":"https:\/\/memoriadaculturaesportebsb.com.br\/index.php\/wp-json\/wp\/v2\/media\/2474"}],"wp:attachment":[{"href":"https:\/\/memoriadaculturaesportebsb.com.br\/index.php\/wp-json\/wp\/v2\/media?parent=2472"}],"wp:term":[{"taxonomy":"category","embeddable":true,"href":"https:\/\/memoriadaculturaesportebsb.com.br\/index.php\/wp-json\/wp\/v2\/categories?post=2472"},{"taxonomy":"post_tag","embeddable":true,"href":"https:\/\/memoriadaculturaesportebsb.com.br\/index.php\/wp-json\/wp\/v2\/tags?post=2472"}],"curies":[{"name":"wp","href":"https:\/\/api.w.org\/{rel}","templated":true}]}}