{"id":2460,"date":"2024-05-08T22:11:22","date_gmt":"2024-05-09T01:11:22","guid":{"rendered":"https:\/\/memoriadaculturaesportebsb.com.br\/?p=2460"},"modified":"2024-05-08T22:11:22","modified_gmt":"2024-05-09T01:11:22","slug":"sugestao-de-leitura-guia-do-meio-ambiente-coletanea-de-temas","status":"publish","type":"post","link":"https:\/\/memoriadaculturaesportebsb.com.br\/index.php\/2024\/05\/08\/sugestao-de-leitura-guia-do-meio-ambiente-coletanea-de-temas\/","title":{"rendered":"SUGEST\u00c3O DE LEITURA: Guia do Meio Ambiente  &#8211; Colet\u00e2nea de temas"},"content":{"rendered":"<p style=\"text-align: center;\"><strong><em>Em 1992, o Brasil sediou a Confer\u00eancia Mundial do Meio Ambiente \u2013 Rio 92 \u2013 que reuniu os principais l\u00edderes mundiais, para debaterem sobre o clima no mundo e pol\u00edticas p\u00fablicas de forma integrada, a fim de evitar o \u201cdesenvolvimento a qualquer custo\u201d e, em consequ\u00eancias, desastres ecol\u00f3gicos, como tristemente se observa em Porto Alegre, neste maio de 2024.<\/em><\/strong><\/p>\n<p><a href=\"https:\/\/memoriadaculturaesportebsb.com.br\/wp-content\/uploads\/2024\/05\/livro-cruz.jpg\"><img loading=\"lazy\" decoding=\"async\" class=\"aligncenter wp-image-2461 size-full\" src=\"https:\/\/memoriadaculturaesportebsb.com.br\/wp-content\/uploads\/2024\/05\/livro-cruz.jpg\" alt=\"\" width=\"567\" height=\"906\" srcset=\"https:\/\/memoriadaculturaesportebsb.com.br\/wp-content\/uploads\/2024\/05\/livro-cruz.jpg 567w, https:\/\/memoriadaculturaesportebsb.com.br\/wp-content\/uploads\/2024\/05\/livro-cruz-188x300.jpg 188w\" sizes=\"auto, (max-width: 567px) 100vw, 567px\" \/><\/a><\/p>\n<p>Naquela \u00e9poca, os assuntos \u201cecologia, \u201cmeio ambiente\u201d e \u201cvaria\u00e7\u00f5es clim\u00e1ticas\u201d eram pouco explorados pela imprensa brasileira. Foi quando o jornalista Jos\u00e9 Cruz, ent\u00e3o trabalhando na Assessoria de Imprensa do Ibama, escreveu um \u201cgloss\u00e1rio\u201d para melhor orientar os jornalistas que come\u00e7avam a cobrir o assunto. O livro em quest\u00e3o, agora dispon\u00edvel na Biblioteca da ARUC, explica o que significavam termos como \u201cecossistema\u201d, \u201cefeito estufa\u201d, \u201cdesmatamento\u201d, \u201cimpacto ambiental\u201d, \u201ccamada de oz\u00f4nio\u201d etc.<\/p>\n<p>A publica\u00e7\u00e3o foi enriquecida com a participa\u00e7\u00e3o de dois Mestres das quest\u00f5es ambientais, Ant\u00f4nio Jos\u00e9 Andrade Rocha e M\u00e1rcio Ant\u00f4nio Naves, ambos, \u00e0 \u00e9poca, professores da Universidade de Bras\u00edlia (UnB), e que se tornaram coautores da publica\u00e7\u00e3o.<\/p>\n<p>Livro de consulta (que, lamentavelmente, n\u00e3o foi atualizado nem ampliado nesses 32 anos) \u00e9 de leitura oportuna para poss\u00edveis compara\u00e7\u00f5es com a realidade atual, j\u00e1 que nele tamb\u00e9m s\u00e3o tratados temas como \u201co lixo urbano\u201d, \u201co futuro do planeta\u201d, \u201ca Amaz\u00f4nia\u201d, \u201cAmea\u00e7as \u00e0 biosfera\u201d etc.<\/p>\n<p>Naquele distante 1992, o ent\u00e3o secret\u00e1rio-geral da Rio-92, Maurice Strong, diplomata canadense e subsecret\u00e1rio geral da ONU, assim se manifestou em uma entrevista \u00e0 revista Veja:<\/p>\n<blockquote><p><strong><em>\u201cNas \u00faltimas d\u00e9cadas houve muita conversa, a consci\u00eancia ecol\u00f3gica cresceu, mas o meio ambiente global s\u00f3 piorou\u201d&#8230;\u00a0 <\/em><\/strong><strong>Qual \u00e9 a realidade mundial, 32 anos depois dessa manifesta\u00e7\u00e3o?<\/strong><\/p><\/blockquote>\n","protected":false},"excerpt":{"rendered":"<p>Em 1992, o Brasil sediou a Confer\u00eancia Mundial do Meio Ambiente \u2013 Rio 92 \u2013 que reuniu os principais l\u00edderes mundiais, para debaterem sobre o clima no mundo e pol\u00edticas p\u00fablicas de forma integrada, a fim de evitar o \u201cdesenvolvimento a qualquer custo\u201d e, em consequ\u00eancias, desastres ecol\u00f3gicos, como tristemente se observa em Porto Alegre, &hellip;<\/p>\n","protected":false},"author":2,"featured_media":0,"comment_status":"closed","ping_status":"closed","sticky":false,"template":"","format":"standard","meta":{"footnotes":""},"categories":[2],"tags":[],"class_list":["post-2460","post","type-post","status-publish","format-standard","","category-cultura"],"_links":{"self":[{"href":"https:\/\/memoriadaculturaesportebsb.com.br\/index.php\/wp-json\/wp\/v2\/posts\/2460","targetHints":{"allow":["GET"]}}],"collection":[{"href":"https:\/\/memoriadaculturaesportebsb.com.br\/index.php\/wp-json\/wp\/v2\/posts"}],"about":[{"href":"https:\/\/memoriadaculturaesportebsb.com.br\/index.php\/wp-json\/wp\/v2\/types\/post"}],"author":[{"embeddable":true,"href":"https:\/\/memoriadaculturaesportebsb.com.br\/index.php\/wp-json\/wp\/v2\/users\/2"}],"replies":[{"embeddable":true,"href":"https:\/\/memoriadaculturaesportebsb.com.br\/index.php\/wp-json\/wp\/v2\/comments?post=2460"}],"version-history":[{"count":2,"href":"https:\/\/memoriadaculturaesportebsb.com.br\/index.php\/wp-json\/wp\/v2\/posts\/2460\/revisions"}],"predecessor-version":[{"id":2465,"href":"https:\/\/memoriadaculturaesportebsb.com.br\/index.php\/wp-json\/wp\/v2\/posts\/2460\/revisions\/2465"}],"wp:attachment":[{"href":"https:\/\/memoriadaculturaesportebsb.com.br\/index.php\/wp-json\/wp\/v2\/media?parent=2460"}],"wp:term":[{"taxonomy":"category","embeddable":true,"href":"https:\/\/memoriadaculturaesportebsb.com.br\/index.php\/wp-json\/wp\/v2\/categories?post=2460"},{"taxonomy":"post_tag","embeddable":true,"href":"https:\/\/memoriadaculturaesportebsb.com.br\/index.php\/wp-json\/wp\/v2\/tags?post=2460"}],"curies":[{"name":"wp","href":"https:\/\/api.w.org\/{rel}","templated":true}]}}