{"id":2445,"date":"2024-05-06T11:06:31","date_gmt":"2024-05-06T14:06:31","guid":{"rendered":"https:\/\/memoriadaculturaesportebsb.com.br\/?p=2445"},"modified":"2024-05-06T11:30:12","modified_gmt":"2024-05-06T14:30:12","slug":"professor-mingo-paixao-pelo-atletismo","status":"publish","type":"post","link":"https:\/\/memoriadaculturaesportebsb.com.br\/index.php\/2024\/05\/06\/professor-mingo-paixao-pelo-atletismo\/","title":{"rendered":"PROFESSOR MINGO:\u00a0Paix\u00e3o pelo atletismo"},"content":{"rendered":"<p><strong>Por Jos\u00e9 Cruz<\/strong><\/p>\n<p style=\"text-align: center;\"><strong>Domingos Ant\u00f4nio Camargo Guimar\u00e3es \u00e9 o nome de batismo, mas podem cham\u00e1-lo de \u201cMingo\u201d. Ele \u00e9 reconhecido a dist\u00e2ncia por uma longa barba branca.<\/strong><\/p>\n<p style=\"text-align: center;\"><strong>\u201cH\u00e1 60 anos n\u00e3o corto a barba. S\u00f3 aparo\u201d, garante. Deu nisso, virou marca registrada. \u00a0<\/strong><\/p>\n<p style=\"text-align: center;\"><strong>Mingo \u00e9 um daqueles que honram a profiss\u00e3o; \u00e9 vitorioso no atletismo e merece, com louvor, o t\u00edtulo de \u201cProfessor\u201d. No ensino, destacou-se na Faculdade Dom Bosco, em Bras\u00edlia, formadora de uma gera\u00e7\u00e3o de pensadores que discutia com boa argumenta\u00e7\u00e3o sobre a Educa\u00e7\u00e3o F\u00edsica no Brasil. <\/strong><\/p>\n<figure id=\"attachment_2446\" aria-describedby=\"caption-attachment-2446\" style=\"width: 498px\" class=\"wp-caption aligncenter\"><a href=\"https:\/\/memoriadaculturaesportebsb.com.br\/wp-content\/uploads\/2024\/05\/mingo1.jpg\"><img loading=\"lazy\" decoding=\"async\" class=\"wp-image-2446 size-full\" src=\"https:\/\/memoriadaculturaesportebsb.com.br\/wp-content\/uploads\/2024\/05\/mingo1.jpg\" alt=\"\" width=\"498\" height=\"347\" srcset=\"https:\/\/memoriadaculturaesportebsb.com.br\/wp-content\/uploads\/2024\/05\/mingo1.jpg 498w, https:\/\/memoriadaculturaesportebsb.com.br\/wp-content\/uploads\/2024\/05\/mingo1-300x209.jpg 300w\" sizes=\"auto, (max-width: 498px) 100vw, 498px\" \/><\/a><figcaption id=\"caption-attachment-2446\" class=\"wp-caption-text\">Professor Mingo revisitando a pista do CIEF: paix\u00e3o pelo atletismo (Foto: Jos\u00e9 Cruz)<\/figcaption><\/figure>\n<p><strong>As origens<\/strong><\/p>\n<p>O Professor Mingo \u00e9 de Araguari, mas, se formou em Educa\u00e7\u00e3o F\u00edsica na PUC de Campinas, S\u00e3o Paulo, em 1973. Depois, veio para Bras\u00edlia, j\u00e1 vinculado \u00e0 educa\u00e7\u00e3o do Governo do Distrito Federal. E, aqui, manteve o seu estilo, isto \u00e9, tipo mineiro que trabalha em sil\u00eancio.<\/p>\n<p><strong>Trabalhador<\/strong><\/p>\n<p>Certa vez, nos anos 1980, Mingo foi visto no CIEF \u2013 Centro Integrado de Educa\u00e7\u00e3o F\u00edsica \u2013, em Bras\u00edlia, ajudando a assentar as placas, na reforma da pista de 400 metros de atletismo, que ali estavam sendo coladas, mas precisando de press\u00e3o para melhor ader\u00eancia \u00e0 base.<\/p>\n<p>Sem alarde e enfrentando tarde de sol forte e impiedosa seca do Planalto Central, ele foi marretando placa por placa, como manda o figurino. Tudo com muito amor, dedica\u00e7\u00e3o plena, pois foi assim que ele se entregou ao atletismo ao longo do magist\u00e9rio.<\/p>\n<p>Hoje, aos 77 anos, Mingo lembra \u201cdaqueles tempos\u201d e n\u00e3o esconde o orgulho da carreira que ainda cumpre como t\u00e9cnico. Vamos l\u00e1.<\/p>\n<p><strong>Do campo para a pista<\/strong><\/p>\n<p>Ainda jovem, Mingo quase foi profissional do futebol. Chegou a fazer teste na lateral direita no Bragantino de Uberl\u00e2ndia. Apesar do sucesso, enfrentou a resist\u00eancia de sua m\u00e3e, Benedicta. \u201cEla queria que eu estudasse\u201d &#8230; recorda ele. E foi o que fez. Largou o futebol e se bandeou para a carreira universit\u00e1ria.<\/p>\n<p>Na faculdade de Educa\u00e7\u00e3o F\u00edsica teve \u00f3timos professores, entre eles, Nelson Barros, de Atletismo, que estudou na Alemanha, de onde trouxe ensinamentos valiosos, principalmente no salto com vara.<\/p>\n<p>Foi o Professor Nelson quem trouxe, tamb\u00e9m a vara em fibra de vidro, uma novidade entre os brasileiros que, \u00e0 \u00e9poca, usavam as de bambu ou as de madeira.<\/p>\n<p><strong>Campe\u00e3 paral\u00edmpica<\/strong><\/p>\n<p>Os ensinamentos do professor Nelson de Barros foram valiosos. Ao longo do curso, Mingo se especializou no dardo e, hoje, se orgulha de ter transformado a goiana Shirlene Coelho, que tem paralisia cerebral, numa campe\u00e3 e recordista paral\u00edmpica.<\/p>\n<p>&nbsp;<\/p>\n<figure id=\"attachment_2447\" aria-describedby=\"caption-attachment-2447\" style=\"width: 512px\" class=\"wp-caption aligncenter\"><a href=\"https:\/\/memoriadaculturaesportebsb.com.br\/wp-content\/uploads\/2024\/05\/mingo2.jpg\"><img loading=\"lazy\" decoding=\"async\" class=\"size-full wp-image-2447\" src=\"https:\/\/memoriadaculturaesportebsb.com.br\/wp-content\/uploads\/2024\/05\/mingo2.jpg\" alt=\"\" width=\"512\" height=\"341\" srcset=\"https:\/\/memoriadaculturaesportebsb.com.br\/wp-content\/uploads\/2024\/05\/mingo2.jpg 512w, https:\/\/memoriadaculturaesportebsb.com.br\/wp-content\/uploads\/2024\/05\/mingo2-300x200.jpg 300w, https:\/\/memoriadaculturaesportebsb.com.br\/wp-content\/uploads\/2024\/05\/mingo2-310x205.jpg 310w\" sizes=\"auto, (max-width: 512px) 100vw, 512px\" \/><\/a><figcaption id=\"caption-attachment-2447\" class=\"wp-caption-text\">Shirlene paratleta formada pelo Professor Mingo<\/figcaption><\/figure>\n<p>Em tr\u00eas edi\u00e7\u00f5es dos Jogos que disputou \u2013 Pequim, em 2008, Londres, 2012, e Rio de Janeiro, 2016 \u2013 ela conquistou quatro medalhas, sendo duas de ouro e duas de prata.<\/p>\n<blockquote><p><strong><em>Shirlene ser\u00e1 motivo de reportagem especial\u00a0<\/em><\/strong><strong><em>do Mem\u00f3ria da Cultura e do Esporte em Bras\u00edlia<\/em><\/strong><\/p><\/blockquote>\n<p><strong>\u00a0<\/strong><strong>Seguem os estudos <\/strong><\/p>\n<p>Nas aulas pr\u00e1ticas dos 400m com barreiras, na faculdade de Campinas, Mingo tinha a companhia de Sandra, sua colega de aula. Os dois se destacavam na prova e, fora dela, criou-se uma rela\u00e7\u00e3o afetiva que os levou ao casamento. Bem assim, da pista para o altar.<\/p>\n<p>O Professor Nelson de Barros, por sua vez, aproveitou o aluno talentoso e o transformou em seu auxiliar.<\/p>\n<p>\u201cAprendi tudo com ele. Comecei como assistente e at\u00e9 o ajudava nas aulas\u201d, relembra. Os alunos que tinham esse desempenho eram contemplados com uma bolsa, pela Prefeitura de Campinas, correspondente \u00e0 metade de uma mensalidade.<\/p>\n<blockquote><p><strong><em>\u201cParticip\u00e1vamos desse interc\u00e2mbio e da equipe de arbitragem, a primeira do Brasil dentro de uma faculdade de Educa\u00e7\u00e3o F\u00edsica\u201d<\/em><\/strong><\/p><\/blockquote>\n<p><strong><em>\u00a0<\/em><\/strong>Mingo fez os tr\u00eas anos de faculdade, quando aprendeu toda a teoria e muta pr\u00e1tica sobre o atletismo. Depois, um ano de curso t\u00e9cnico e veio a formatura, em 1974.<\/p>\n<p>At\u00e9 ent\u00e3o, Mingo dividia os estudos com o trabalho, no Banco Comercial do Estado de S\u00e3o Paulo.<\/p>\n<p><strong>Em Bras\u00edlia<\/strong><\/p>\n<p>Em 1976 Mingo estava nos JEBs, em Porto Alegre, quando o seu amigo, Professor Vanilton Senatori o incentivou vir para Bras\u00edlia. Assim, aprovado em concurso, aqui chegou em 1977, contratado pelo Departamento de Educa\u00e7\u00e3o F\u00edsica do Distrito Federal.<\/p>\n<blockquote><p><strong><em>\u201cFui trabalhar em Brazl\u00e2ndia, no lugar do Vanilton, que passou a ser o diretor de Educa\u00e7\u00e3o F\u00edsica da Funda\u00e7\u00e3o Educacional\u201d<\/em><\/strong><\/p><\/blockquote>\n<p>Em 1978, Mingo foi convidado pelo professor Mileno Ant\u00f4nio Tonissi para lecionar na Faculdade Dom Bosco de Educa\u00e7\u00e3o F\u00edsica. E ali ficou at\u00e9 1998.<\/p>\n<p>Naquele reduto de intelectuais e estudiosos j\u00e1 estavam algumas refer\u00eancias nacionais do setor, como M\u00e1rio Cantarino, Jo\u00e3o de Oliveira, Ary Fa\u00e7anha de S\u00e1 e Maria Teresinha Toffoli, a Professora Teia.<\/p>\n<p>\u201cDe fato, os alunos da Bom Bosco eram muito bem-preparados. Eles aproveitavam os conhecimentos das maiorias dos professores que trabalhavam na Secretaria de Educa\u00e7\u00e3o F\u00edsica e Desporto do MEC, \u00f3rg\u00e3o de comando da educa\u00e7\u00e3o f\u00edsica e do esporte no Brasil\u201d, explicou Mingo.<\/p>\n<p><strong>No CIEF <\/strong><\/p>\n<p>No mesmo ano (1978), Mingo assumiu a dire\u00e7\u00e3o t\u00e9cnica do CIEF para a recupera\u00e7\u00e3o da pista de atletismo, onde j\u00e1 estavam os seus colegas de faculdade, Teia e Ant\u00f4nio Carlos Feij\u00e3o.<\/p>\n<p><strong><em>\u201cO CIEF foi o grande centro formador de atletas. Tinha mais de 150 moleques do atletismo treinando aqui. Havia muita gente pra se fazer uma boa sele\u00e7\u00e3o\u201d<\/em><\/strong><\/p>\n<p>Na pr\u00e1tica, os alunos que iam para o CIEF eram os que se destacavam nos Centros de Inicia\u00e7\u00e3o Desportiva (CIDs), que se localizavam nas escolas das cidades sat\u00e9lites.<\/p>\n<p>\u201cEram 16 CIDs em todo o Distrito Federal e os melhores do basquete, do v\u00f4lei, da gin\u00e1stica, da nata\u00e7\u00e3o do handebol, do atletismo eram encaminhados ao CIEF, onde havia professores especializados em cada modalidade\u201d, conta Mingo.<\/p>\n<figure id=\"attachment_2448\" aria-describedby=\"caption-attachment-2448\" style=\"width: 616px\" class=\"wp-caption aligncenter\"><a href=\"https:\/\/memoriadaculturaesportebsb.com.br\/wp-content\/uploads\/2024\/05\/mingo3.jpg\"><img loading=\"lazy\" decoding=\"async\" class=\"size-full wp-image-2448\" src=\"https:\/\/memoriadaculturaesportebsb.com.br\/wp-content\/uploads\/2024\/05\/mingo3.jpg\" alt=\"\" width=\"616\" height=\"835\" \/><\/a><figcaption id=\"caption-attachment-2448\" class=\"wp-caption-text\">Mingo visitando a pista do CIEF, outrora um centro revelador de talentos<\/figcaption><\/figure>\n<p><strong><em>\u00a0<\/em><\/strong><strong>E as faculdades?<\/strong><\/p>\n<p>Sobre o ensino de Educa\u00e7\u00e3o F\u00edsica de ontem comparado com o de hoje Mingo entende que as faculdades, agora, n\u00e3o formam como deveriam. Nem \u201cpersonal\u201d.<\/p>\n<p>\u201cComo se pode entender uma faculdade que n\u00e3o ensina a pr\u00e1tica do atletismo, que o princ\u00edpio de todas as demais modalidades do esporte\u201d? \u2013 indaga o Professor.<\/p>\n<p><strong>Depoimento<\/strong><\/p>\n<p>\u201c\u00c9 muito triste olhar pra tr\u00e1s. Isso aqui foi maravilhoso. \u00c9 muita saudade daqueles tempos. Na Faculdade Dom Bosco, o padre Gerv\u00e1sio, diretor, era uma cabe\u00e7a maravilhosa. Comprou at\u00e9 filmadora pra se filmar aulas pr\u00e1ticas e mostrar aos atletas, para que se fizesse as corre\u00e7\u00f5es nos seus exerc\u00edcios\u201d.<\/p>\n<p><strong>Estrutura<\/strong><\/p>\n<p>\u201cFoi tudo muito bom. Fizemos a nossa parte. A gente deixou uma estrutura. Ningu\u00e9m fez nada sozinho. Era trabalho de equipe mesmo. A gente tinha liberdade total para trabalhar, no CIEF e na Dom Bosco.<\/p>\n<p>\u201cE ainda cont\u00e1vamos com a pista de atletismo externa do Defer e tinha a Faculdade de Educa\u00e7\u00e3o F\u00edsica da UnB pra movimentar. Foi uma \u00e9poca muito boa, um tempo \u00e1ureo na UnB para movimentar o CO (Centro Ol\u00edmpico).<\/p>\n<p><strong><em>\u201cO Brasil inteiro conhece esta pra\u00e7a do CIEF. Mas, hoje, ela est\u00e1 abandonada para os objetivos que foi constru\u00edda. Quadras abandonadas, pista sem conserva\u00e7\u00e3o, piscina vazia&#8230;\u201d<\/em><\/strong><\/p>\n","protected":false},"excerpt":{"rendered":"<p>Por Jos\u00e9 Cruz Domingos Ant\u00f4nio Camargo Guimar\u00e3es \u00e9 o nome de batismo, mas podem cham\u00e1-lo de \u201cMingo\u201d. Ele \u00e9 reconhecido a dist\u00e2ncia por uma longa barba branca. \u201cH\u00e1 60 anos n\u00e3o corto a barba. S\u00f3 aparo\u201d, garante. Deu nisso, virou marca registrada. \u00a0 Mingo \u00e9 um daqueles que honram a profiss\u00e3o; \u00e9 vitorioso no atletismo &hellip;<\/p>\n","protected":false},"author":2,"featured_media":0,"comment_status":"closed","ping_status":"closed","sticky":false,"template":"","format":"standard","meta":{"footnotes":""},"categories":[13,6,4,14],"tags":[],"class_list":["post-2445","post","type-post","status-publish","format-standard","","category-colunistas","category-entrevistas","category-esporte","category-jose-cruz"],"_links":{"self":[{"href":"https:\/\/memoriadaculturaesportebsb.com.br\/index.php\/wp-json\/wp\/v2\/posts\/2445","targetHints":{"allow":["GET"]}}],"collection":[{"href":"https:\/\/memoriadaculturaesportebsb.com.br\/index.php\/wp-json\/wp\/v2\/posts"}],"about":[{"href":"https:\/\/memoriadaculturaesportebsb.com.br\/index.php\/wp-json\/wp\/v2\/types\/post"}],"author":[{"embeddable":true,"href":"https:\/\/memoriadaculturaesportebsb.com.br\/index.php\/wp-json\/wp\/v2\/users\/2"}],"replies":[{"embeddable":true,"href":"https:\/\/memoriadaculturaesportebsb.com.br\/index.php\/wp-json\/wp\/v2\/comments?post=2445"}],"version-history":[{"count":1,"href":"https:\/\/memoriadaculturaesportebsb.com.br\/index.php\/wp-json\/wp\/v2\/posts\/2445\/revisions"}],"predecessor-version":[{"id":2449,"href":"https:\/\/memoriadaculturaesportebsb.com.br\/index.php\/wp-json\/wp\/v2\/posts\/2445\/revisions\/2449"}],"wp:attachment":[{"href":"https:\/\/memoriadaculturaesportebsb.com.br\/index.php\/wp-json\/wp\/v2\/media?parent=2445"}],"wp:term":[{"taxonomy":"category","embeddable":true,"href":"https:\/\/memoriadaculturaesportebsb.com.br\/index.php\/wp-json\/wp\/v2\/categories?post=2445"},{"taxonomy":"post_tag","embeddable":true,"href":"https:\/\/memoriadaculturaesportebsb.com.br\/index.php\/wp-json\/wp\/v2\/tags?post=2445"}],"curies":[{"name":"wp","href":"https:\/\/api.w.org\/{rel}","templated":true}]}}