{"id":2429,"date":"2024-04-25T11:33:31","date_gmt":"2024-04-25T14:33:31","guid":{"rendered":"https:\/\/memoriadaculturaesportebsb.com.br\/?p=2429"},"modified":"2024-04-25T11:36:04","modified_gmt":"2024-04-25T14:36:04","slug":"homenagem-aos-craques-da-grafica-do-senado","status":"publish","type":"post","link":"https:\/\/memoriadaculturaesportebsb.com.br\/index.php\/2024\/04\/25\/homenagem-aos-craques-da-grafica-do-senado\/","title":{"rendered":"Homenagem aos craques\u00a0da Gr\u00e1fica do Senado"},"content":{"rendered":"<p>Por\u00a0Jos\u00e9 Cruz<\/p>\n<p style=\"text-align: center;\"><strong>\u00a0<\/strong><strong><em>Boa parte da hist\u00f3ria do futebol de Bras\u00edlia foi lembrada na manh\u00e3 desta sexta-feira (12 de abril) por ex-jogadores do time de futebol da Gr\u00e1fica do Senado. Num ambiente descontra\u00eddo e marcado por muitos reencontros, a dire\u00e7\u00e3o da Associa\u00e7\u00e3o dos Servidores do Senado Federal\u00a0 (ASSEFE) comemorou os 57 anos da Associa\u00e7\u00e3o Atl\u00e9tica Servi\u00e7o Gr\u00e1fico, cuja data ocorrer\u00e1 no pr\u00f3ximo 18 de abril.<\/em><\/strong><\/p>\n<figure id=\"attachment_2430\" aria-describedby=\"caption-attachment-2430\" style=\"width: 618px\" class=\"wp-caption aligncenter\"><a href=\"https:\/\/memoriadaculturaesportebsb.com.br\/wp-content\/uploads\/2024\/04\/memorias1.jpg\"><img loading=\"lazy\" decoding=\"async\" class=\"size-large wp-image-2430\" src=\"https:\/\/memoriadaculturaesportebsb.com.br\/wp-content\/uploads\/2024\/04\/memorias1-1024x689.jpg\" alt=\"\" width=\"618\" height=\"416\" \/><\/a><figcaption id=\"caption-attachment-2430\" class=\"wp-caption-text\">Fotos: Jos\u00e9 Cruz<\/figcaption><\/figure>\n<p>Cerca de 20 ex-atletas foram homenageados pelo presidente da Associa\u00e7\u00e3o dos Servidores do Senado Federal, Joberto Mattos de Sant\u2019Anna, que destacou a import\u00e2ncia de se reconhecer o feito desses ex-atletas, ainda no tempo em que a Capital da Rep\u00fablica estava sendo constru\u00edda.<\/p>\n<p>Setor que funciona com n\u00famero expressivo de servidores, a Gr\u00e1fica do Senado sempre contou com boas equipes de futebol, quer para o lazer ou para participa\u00e7\u00e3o em eventos oficiais da cidade.<\/p>\n<figure id=\"attachment_2431\" aria-describedby=\"caption-attachment-2431\" style=\"width: 191px\" class=\"wp-caption aligncenter\"><a href=\"https:\/\/memoriadaculturaesportebsb.com.br\/wp-content\/uploads\/2024\/04\/memorias2.jpg\"><img loading=\"lazy\" decoding=\"async\" class=\"wp-image-2431 size-medium\" src=\"https:\/\/memoriadaculturaesportebsb.com.br\/wp-content\/uploads\/2024\/04\/memorias2-191x300.jpg\" alt=\"\" width=\"191\" height=\"300\" srcset=\"https:\/\/memoriadaculturaesportebsb.com.br\/wp-content\/uploads\/2024\/04\/memorias2-191x300.jpg 191w, https:\/\/memoriadaculturaesportebsb.com.br\/wp-content\/uploads\/2024\/04\/memorias2-653x1024.jpg 653w, https:\/\/memoriadaculturaesportebsb.com.br\/wp-content\/uploads\/2024\/04\/memorias2-768x1204.jpg 768w, https:\/\/memoriadaculturaesportebsb.com.br\/wp-content\/uploads\/2024\/04\/memorias2.jpg 850w\" sizes=\"auto, (max-width: 191px) 100vw, 191px\" \/><\/a><figcaption id=\"caption-attachment-2431\" class=\"wp-caption-text\">Joberto Mattos de Sant\u00b4Anna fez a entrega das homenagens<\/figcaption><\/figure>\n<p><strong>O craque<\/strong><\/p>\n<p>Axel Van der Brocke (foto), considerado um grande jogador de futebol e futsal, foi um dos mais festejados pelos colegas.<\/p>\n<figure id=\"attachment_2432\" aria-describedby=\"caption-attachment-2432\" style=\"width: 189px\" class=\"wp-caption aligncenter\"><a href=\"https:\/\/memoriadaculturaesportebsb.com.br\/wp-content\/uploads\/2024\/04\/memo3.jpg\"><img loading=\"lazy\" decoding=\"async\" class=\"wp-image-2432 size-medium\" src=\"https:\/\/memoriadaculturaesportebsb.com.br\/wp-content\/uploads\/2024\/04\/memo3-189x300.jpg\" alt=\"\" width=\"189\" height=\"300\" srcset=\"https:\/\/memoriadaculturaesportebsb.com.br\/wp-content\/uploads\/2024\/04\/memo3-189x300.jpg 189w, https:\/\/memoriadaculturaesportebsb.com.br\/wp-content\/uploads\/2024\/04\/memo3-646x1024.jpg 646w, https:\/\/memoriadaculturaesportebsb.com.br\/wp-content\/uploads\/2024\/04\/memo3-768x1218.jpg 768w, https:\/\/memoriadaculturaesportebsb.com.br\/wp-content\/uploads\/2024\/04\/memo3.jpg 796w\" sizes=\"auto, (max-width: 189px) 100vw, 189px\" \/><\/a><figcaption id=\"caption-attachment-2432\" class=\"wp-caption-text\">\u201cMe emociono com essa homenagem. Sinto o cora\u00e7\u00e3o massageado,\u00a0estou feliz e honrado\u201d (Foto: Jos\u00e9 Cruz)<\/figcaption><\/figure>\n<p><strong>Escola<\/strong><\/p>\n<p>\u201cAxel era um craque, jogava muito\u201d, disse o jornalista Luiz Mendon\u00e7a, que naquela \u00e9poca, ainda, garoto, acompanhava seu pai nos jogos do time da Gr\u00e1fica do Senado. \u201cConviver com esse pessoal na minha adolesc\u00eancia foi como ter uma escola do esporte, uma escola do futebol\u201d, afirmou o jornalista.<\/p>\n<p>Ademir Tremendani, Arthur Ferro da Fonseca, Francisco Ximenez, Luciano Gomes, Weber Magalh\u00e3es, que presidiu a Federa\u00e7\u00e3o Brasiliense de Futebol e chefiou a delega\u00e7\u00e3o da Sele\u00e7\u00e3o Brasileira que se sagrou pentacampe\u00e3 estavam entre os homenageados. \u201cLembrar e homenagear quem fez o futebol de Bras\u00edlia \u00e9 sempre um ato merecido e oportuno\u201d, disse Weber.<\/p>\n<p>Os ex-diretores da Gr\u00e1fica, Agaciel Maia e Arnaldo Gomes tamb\u00e9m foram homenageados. Em 21 de abril de 1962, formou-se a primeira Sele\u00e7\u00e3o de Futebol de Bras\u00edlia, para um amistoso com o Vasco da Gama, do Rio de Janeiro, que terminou empatado (1&#215;1). O gol da Sele\u00e7\u00e3o de Bras\u00edlia foi do ponta-esquerda Arnaldo Gomes, que ainda hoje se orgulha desse feito que considera \u201chist\u00f3rico\u201d.<\/p>\n<p>H\u00e9lio Tremendani, da Mem\u00f3ria da Cultura e do Esporte em Bras\u00edlia, recebeu a homenagem em nome de seu irm\u00e3o Ademir, que n\u00e3o pode comparecer \u00e0 confraterniza\u00e7\u00e3o. \u201cAcompanhando o meu irm\u00e3o, convivi com a maioria desse pessoal. Havia \u00f3timos jogadores naquela \u00e9poca\u201d, revelou.<\/p>\n<figure id=\"attachment_2433\" aria-describedby=\"caption-attachment-2433\" style=\"width: 254px\" class=\"wp-caption aligncenter\"><a href=\"https:\/\/memoriadaculturaesportebsb.com.br\/wp-content\/uploads\/2024\/04\/memo4.jpg\"><img loading=\"lazy\" decoding=\"async\" class=\"wp-image-2433 size-medium\" src=\"https:\/\/memoriadaculturaesportebsb.com.br\/wp-content\/uploads\/2024\/04\/memo4-254x300.jpg\" alt=\"\" width=\"254\" height=\"300\" srcset=\"https:\/\/memoriadaculturaesportebsb.com.br\/wp-content\/uploads\/2024\/04\/memo4-254x300.jpg 254w, https:\/\/memoriadaculturaesportebsb.com.br\/wp-content\/uploads\/2024\/04\/memo4-867x1024.jpg 867w, https:\/\/memoriadaculturaesportebsb.com.br\/wp-content\/uploads\/2024\/04\/memo4-768x908.jpg 768w, https:\/\/memoriadaculturaesportebsb.com.br\/wp-content\/uploads\/2024\/04\/memo4-1300x1536.jpg 1300w, https:\/\/memoriadaculturaesportebsb.com.br\/wp-content\/uploads\/2024\/04\/memo4.jpg 1354w\" sizes=\"auto, (max-width: 254px) 100vw, 254px\" \/><\/a><figcaption id=\"caption-attachment-2433\" class=\"wp-caption-text\">H\u00e9lio Oliveira e Francisco Ximenez<\/figcaption><\/figure>\n<p>Homenagem p\u00f3stuma foi feita a Jardel Noronha de Oliveira, que tamb\u00e9m ajudou a fundar a Federa\u00e7\u00e3o Desportiva de Bras\u00edlia, hoje Federa\u00e7\u00e3o Brasiliense de Futebol. Na solenidade, a sua neta T\u00e2nia Comelli recebeu a homenagem e lembrou que o seu av\u00f4 foi quem filiou o futebol profissional de Bras\u00edlia \u00e0 Confedera\u00e7\u00e3o Brasileira de Desportos (CBD), hoje CBF.<\/p>\n<p><strong><em>A todos os homenageados os cumprimentos do site \u201cMem\u00f3ria da Cultura e do Esporte em Bras\u00edlia\u201d, que tamb\u00e9m se associa ao justo reconhecimento prestado pelo Associa\u00e7\u00e3o dos Servidores do Senado Federal aos craques do passado.<\/em><\/strong><\/p>\n","protected":false},"excerpt":{"rendered":"<p>Por\u00a0Jos\u00e9 Cruz \u00a0Boa parte da hist\u00f3ria do futebol de Bras\u00edlia foi lembrada na manh\u00e3 desta sexta-feira (12 de abril) por ex-jogadores do time de futebol da Gr\u00e1fica do Senado. Num ambiente descontra\u00eddo e marcado por muitos reencontros, a dire\u00e7\u00e3o da Associa\u00e7\u00e3o dos Servidores do Senado Federal\u00a0 (ASSEFE) comemorou os 57 anos da Associa\u00e7\u00e3o Atl\u00e9tica Servi\u00e7o &hellip;<\/p>\n","protected":false},"author":2,"featured_media":0,"comment_status":"closed","ping_status":"closed","sticky":false,"template":"","format":"standard","meta":{"footnotes":""},"categories":[13,4,16,14],"tags":[],"class_list":["post-2429","post","type-post","status-publish","format-standard","","category-colunistas","category-esporte","category-helio-tremendani","category-jose-cruz"],"_links":{"self":[{"href":"https:\/\/memoriadaculturaesportebsb.com.br\/index.php\/wp-json\/wp\/v2\/posts\/2429","targetHints":{"allow":["GET"]}}],"collection":[{"href":"https:\/\/memoriadaculturaesportebsb.com.br\/index.php\/wp-json\/wp\/v2\/posts"}],"about":[{"href":"https:\/\/memoriadaculturaesportebsb.com.br\/index.php\/wp-json\/wp\/v2\/types\/post"}],"author":[{"embeddable":true,"href":"https:\/\/memoriadaculturaesportebsb.com.br\/index.php\/wp-json\/wp\/v2\/users\/2"}],"replies":[{"embeddable":true,"href":"https:\/\/memoriadaculturaesportebsb.com.br\/index.php\/wp-json\/wp\/v2\/comments?post=2429"}],"version-history":[{"count":3,"href":"https:\/\/memoriadaculturaesportebsb.com.br\/index.php\/wp-json\/wp\/v2\/posts\/2429\/revisions"}],"predecessor-version":[{"id":2436,"href":"https:\/\/memoriadaculturaesportebsb.com.br\/index.php\/wp-json\/wp\/v2\/posts\/2429\/revisions\/2436"}],"wp:attachment":[{"href":"https:\/\/memoriadaculturaesportebsb.com.br\/index.php\/wp-json\/wp\/v2\/media?parent=2429"}],"wp:term":[{"taxonomy":"category","embeddable":true,"href":"https:\/\/memoriadaculturaesportebsb.com.br\/index.php\/wp-json\/wp\/v2\/categories?post=2429"},{"taxonomy":"post_tag","embeddable":true,"href":"https:\/\/memoriadaculturaesportebsb.com.br\/index.php\/wp-json\/wp\/v2\/tags?post=2429"}],"curies":[{"name":"wp","href":"https:\/\/api.w.org\/{rel}","templated":true}]}}