{"id":2424,"date":"2024-04-20T22:24:36","date_gmt":"2024-04-21T01:24:36","guid":{"rendered":"https:\/\/memoriadaculturaesportebsb.com.br\/?p=2424"},"modified":"2024-04-20T22:27:51","modified_gmt":"2024-04-21T01:27:51","slug":"parabens-querida-brasilia","status":"publish","type":"post","link":"https:\/\/memoriadaculturaesportebsb.com.br\/index.php\/2024\/04\/20\/parabens-querida-brasilia\/","title":{"rendered":"Parab\u00e9ns, querida Bras\u00edlia!"},"content":{"rendered":"<p>Por Mem\u00f3rias da Cultura e do Esporte de Bras\u00edlia<\/p>\n<p><a href=\"https:\/\/memoriadaculturaesportebsb.com.br\/wp-content\/uploads\/2024\/04\/WhatsApp-Image-2024-04-20-at-14.38.40.jpeg\"><img loading=\"lazy\" decoding=\"async\" class=\"alignleft size-full wp-image-2425\" src=\"https:\/\/memoriadaculturaesportebsb.com.br\/wp-content\/uploads\/2024\/04\/WhatsApp-Image-2024-04-20-at-14.38.40.jpeg\" alt=\"\" width=\"275\" height=\"183\" \/><\/a>A cidade idealizada por Oscar Niemeyer e L\u00facio Costa, que completa 64 anos, n\u00e3o \u00e9 somente a ainda jovem Capital da Rep\u00fablica.<\/p>\n<p>Bras\u00edlia \u00e9, a cada amanhecer, a inspiradora dos que aqui convivem, trabalham e se identificam com as suas rotinas, com o seu clima, os seus verdes, a sua arquitetura modernista, o colorido alegre dos ip\u00eas e o seu azul celeste sem igual.<\/p>\n<p>E n\u00f3s, que trabalhamos para recuperar a Mem\u00f3ria da Cultura e do Esporte da querida Bras\u00edlia, tamb\u00e9m somos gratos \u00e0 Capital que um dia nos acolheu.<\/p>\n<p>A nossa homenagem se estende a todos aqueles que, independentemente das suas origens, constru\u00edram este monumento, merecidamente reconhecido como Patrim\u00f4nio Mundial.<\/p>\n<blockquote><p>Salve, Bras\u00edlia!<\/p><\/blockquote>\n","protected":false},"excerpt":{"rendered":"<p>Por Mem\u00f3rias da Cultura e do Esporte de Bras\u00edlia A cidade idealizada por Oscar Niemeyer e L\u00facio Costa, que completa 64 anos, n\u00e3o \u00e9 somente a ainda jovem Capital da Rep\u00fablica. Bras\u00edlia \u00e9, a cada amanhecer, a inspiradora dos que aqui convivem, trabalham e se identificam com as suas rotinas, com o seu clima, os &hellip;<\/p>\n","protected":false},"author":2,"featured_media":2427,"comment_status":"closed","ping_status":"closed","sticky":false,"template":"","format":"standard","meta":{"footnotes":""},"categories":[2,3,16,14],"tags":[],"class_list":["post-2424","post","type-post","status-publish","format-standard","has-post-thumbnail","","category-cultura","category-destaque","category-helio-tremendani","category-jose-cruz"],"_links":{"self":[{"href":"https:\/\/memoriadaculturaesportebsb.com.br\/index.php\/wp-json\/wp\/v2\/posts\/2424","targetHints":{"allow":["GET"]}}],"collection":[{"href":"https:\/\/memoriadaculturaesportebsb.com.br\/index.php\/wp-json\/wp\/v2\/posts"}],"about":[{"href":"https:\/\/memoriadaculturaesportebsb.com.br\/index.php\/wp-json\/wp\/v2\/types\/post"}],"author":[{"embeddable":true,"href":"https:\/\/memoriadaculturaesportebsb.com.br\/index.php\/wp-json\/wp\/v2\/users\/2"}],"replies":[{"embeddable":true,"href":"https:\/\/memoriadaculturaesportebsb.com.br\/index.php\/wp-json\/wp\/v2\/comments?post=2424"}],"version-history":[{"count":2,"href":"https:\/\/memoriadaculturaesportebsb.com.br\/index.php\/wp-json\/wp\/v2\/posts\/2424\/revisions"}],"predecessor-version":[{"id":2428,"href":"https:\/\/memoriadaculturaesportebsb.com.br\/index.php\/wp-json\/wp\/v2\/posts\/2424\/revisions\/2428"}],"wp:featuredmedia":[{"embeddable":true,"href":"https:\/\/memoriadaculturaesportebsb.com.br\/index.php\/wp-json\/wp\/v2\/media\/2427"}],"wp:attachment":[{"href":"https:\/\/memoriadaculturaesportebsb.com.br\/index.php\/wp-json\/wp\/v2\/media?parent=2424"}],"wp:term":[{"taxonomy":"category","embeddable":true,"href":"https:\/\/memoriadaculturaesportebsb.com.br\/index.php\/wp-json\/wp\/v2\/categories?post=2424"},{"taxonomy":"post_tag","embeddable":true,"href":"https:\/\/memoriadaculturaesportebsb.com.br\/index.php\/wp-json\/wp\/v2\/tags?post=2424"}],"curies":[{"name":"wp","href":"https:\/\/api.w.org\/{rel}","templated":true}]}}