{"id":2406,"date":"2024-04-13T20:24:16","date_gmt":"2024-04-13T23:24:16","guid":{"rendered":"https:\/\/memoriadaculturaesportebsb.com.br\/?p=2406"},"modified":"2024-04-13T20:24:39","modified_gmt":"2024-04-13T23:24:39","slug":"biblioteca-da-aruc-recebe-obra-valiosa-de-orlando-brito","status":"publish","type":"post","link":"https:\/\/memoriadaculturaesportebsb.com.br\/index.php\/2024\/04\/13\/biblioteca-da-aruc-recebe-obra-valiosa-de-orlando-brito\/","title":{"rendered":"Biblioteca da ARUC recebe\u00a0obra valiosa de Orlando Brito"},"content":{"rendered":"<p>Por Jos\u00e9 Cruz<\/p>\n<p>\u201cFutebol do Brasil \u2013 Sonho e Realidade\u201d\u00a0 \u00e9 a mais nova publica\u00e7\u00e3o que chega \u00e0 Biblioteca da ARUC, autoria do consagrado fot\u00f3grafo Orlando Brito, que lamentavelmente nos deixou em 2022.<\/p>\n<p><a href=\"https:\/\/memoriadaculturaesportebsb.com.br\/wp-content\/uploads\/2024\/04\/WhatsApp-Image-2024-04-12-at-13.20.52.jpeg\"><img loading=\"lazy\" decoding=\"async\" class=\"aligncenter size-full wp-image-2409\" src=\"https:\/\/memoriadaculturaesportebsb.com.br\/wp-content\/uploads\/2024\/04\/WhatsApp-Image-2024-04-12-at-13.20.52.jpeg\" alt=\"\" width=\"1600\" height=\"547\" srcset=\"https:\/\/memoriadaculturaesportebsb.com.br\/wp-content\/uploads\/2024\/04\/WhatsApp-Image-2024-04-12-at-13.20.52.jpeg 1600w, https:\/\/memoriadaculturaesportebsb.com.br\/wp-content\/uploads\/2024\/04\/WhatsApp-Image-2024-04-12-at-13.20.52-300x103.jpeg 300w, https:\/\/memoriadaculturaesportebsb.com.br\/wp-content\/uploads\/2024\/04\/WhatsApp-Image-2024-04-12-at-13.20.52-1024x350.jpeg 1024w, https:\/\/memoriadaculturaesportebsb.com.br\/wp-content\/uploads\/2024\/04\/WhatsApp-Image-2024-04-12-at-13.20.52-768x263.jpeg 768w, https:\/\/memoriadaculturaesportebsb.com.br\/wp-content\/uploads\/2024\/04\/WhatsApp-Image-2024-04-12-at-13.20.52-1536x525.jpeg 1536w\" sizes=\"auto, (max-width: 1600px) 100vw, 1600px\" \/><\/a><\/p>\n<p>S\u00e3o mais de 200 fotos sobre o futebol, masculino e feminina, captadas pelas lentes de Brito, numa espetacular aula-legado de fotojornalismo.<\/p>\n<p>Em preto e branco, as imagens refletem os extremos do futebol em todas as suas dimens\u00f5es, em campo e fora dele e do profissional aos peladeiros, numa maravilhosa exposi\u00e7\u00e3o de contrastes que \u00e9 ao mesmo tempo hist\u00f3ria, arte e homenagem a essa paix\u00e3o nacional.<\/p>\n<p><a href=\"https:\/\/memoriadaculturaesportebsb.com.br\/wp-content\/uploads\/2024\/04\/WhatsApp-Image-2024-04-12-at-13.17.10.jpeg\"><img loading=\"lazy\" decoding=\"async\" class=\"aligncenter size-full wp-image-2408\" src=\"https:\/\/memoriadaculturaesportebsb.com.br\/wp-content\/uploads\/2024\/04\/WhatsApp-Image-2024-04-12-at-13.17.10.jpeg\" alt=\"\" width=\"1433\" height=\"1024\" srcset=\"https:\/\/memoriadaculturaesportebsb.com.br\/wp-content\/uploads\/2024\/04\/WhatsApp-Image-2024-04-12-at-13.17.10.jpeg 1433w, https:\/\/memoriadaculturaesportebsb.com.br\/wp-content\/uploads\/2024\/04\/WhatsApp-Image-2024-04-12-at-13.17.10-300x214.jpeg 300w, https:\/\/memoriadaculturaesportebsb.com.br\/wp-content\/uploads\/2024\/04\/WhatsApp-Image-2024-04-12-at-13.17.10-1024x732.jpeg 1024w, https:\/\/memoriadaculturaesportebsb.com.br\/wp-content\/uploads\/2024\/04\/WhatsApp-Image-2024-04-12-at-13.17.10-768x549.jpeg 768w\" sizes=\"auto, (max-width: 1433px) 100vw, 1433px\" \/><\/a><\/p>\n<p>\u201cCarol, filha de Brito, foi quem teve a sensibilidade de tornar o trabalho de seu pai em publica\u00e7\u00e3o valiosa, que ajuda a todos os seus amigos e amantes da fotografia a n\u00e3o esquecerem da import\u00e2ncia desse artista para a cultura brasileira\u201d, disse o jornalista Jos\u00e9 Cruz, que doou a obra para a Biblioteca da ARUC.<\/p>\n<p>\u201c\u00c9 uma honra ter uma publica\u00e7\u00e3o desse n\u00edvel em nossa biblioteca, sobretudo por ser lan\u00e7amento recente, revelar bastidores de um tema que \u00e9 paix\u00e3o do brasileiro e ter a assinatura de Orlando Brito\u201d, disse H\u00e9lio Tremendani. (12\/04\/2024)<\/p>\n<p><a href=\"https:\/\/memoriadaculturaesportebsb.com.br\/wp-content\/uploads\/2024\/04\/WhatsApp-Image-2024-04-12-at-13.19.56.jpeg\"><img loading=\"lazy\" decoding=\"async\" class=\"aligncenter size-full wp-image-2407\" src=\"https:\/\/memoriadaculturaesportebsb.com.br\/wp-content\/uploads\/2024\/04\/WhatsApp-Image-2024-04-12-at-13.19.56.jpeg\" alt=\"\" width=\"1600\" height=\"597\" srcset=\"https:\/\/memoriadaculturaesportebsb.com.br\/wp-content\/uploads\/2024\/04\/WhatsApp-Image-2024-04-12-at-13.19.56.jpeg 1600w, https:\/\/memoriadaculturaesportebsb.com.br\/wp-content\/uploads\/2024\/04\/WhatsApp-Image-2024-04-12-at-13.19.56-300x112.jpeg 300w, https:\/\/memoriadaculturaesportebsb.com.br\/wp-content\/uploads\/2024\/04\/WhatsApp-Image-2024-04-12-at-13.19.56-1024x382.jpeg 1024w, https:\/\/memoriadaculturaesportebsb.com.br\/wp-content\/uploads\/2024\/04\/WhatsApp-Image-2024-04-12-at-13.19.56-768x287.jpeg 768w, https:\/\/memoriadaculturaesportebsb.com.br\/wp-content\/uploads\/2024\/04\/WhatsApp-Image-2024-04-12-at-13.19.56-1536x573.jpeg 1536w\" sizes=\"auto, (max-width: 1600px) 100vw, 1600px\" \/><\/a><\/p>\n<p>&nbsp;<\/p>\n","protected":false},"excerpt":{"rendered":"<p>Por Jos\u00e9 Cruz \u201cFutebol do Brasil \u2013 Sonho e Realidade\u201d\u00a0 \u00e9 a mais nova publica\u00e7\u00e3o que chega \u00e0 Biblioteca da ARUC, autoria do consagrado fot\u00f3grafo Orlando Brito, que lamentavelmente nos deixou em 2022. S\u00e3o mais de 200 fotos sobre o futebol, masculino e feminina, captadas pelas lentes de Brito, numa espetacular aula-legado de fotojornalismo. Em &hellip;<\/p>\n","protected":false},"author":2,"featured_media":2410,"comment_status":"closed","ping_status":"closed","sticky":false,"template":"","format":"standard","meta":{"footnotes":""},"categories":[13,3,16,14],"tags":[24,23,25,22],"class_list":["post-2406","post","type-post","status-publish","format-standard","has-post-thumbnail","","category-colunistas","category-destaque","category-helio-tremendani","category-jose-cruz","tag-aruc","tag-esporte","tag-memorias","tag-orlandobrito"],"_links":{"self":[{"href":"https:\/\/memoriadaculturaesportebsb.com.br\/index.php\/wp-json\/wp\/v2\/posts\/2406","targetHints":{"allow":["GET"]}}],"collection":[{"href":"https:\/\/memoriadaculturaesportebsb.com.br\/index.php\/wp-json\/wp\/v2\/posts"}],"about":[{"href":"https:\/\/memoriadaculturaesportebsb.com.br\/index.php\/wp-json\/wp\/v2\/types\/post"}],"author":[{"embeddable":true,"href":"https:\/\/memoriadaculturaesportebsb.com.br\/index.php\/wp-json\/wp\/v2\/users\/2"}],"replies":[{"embeddable":true,"href":"https:\/\/memoriadaculturaesportebsb.com.br\/index.php\/wp-json\/wp\/v2\/comments?post=2406"}],"version-history":[{"count":1,"href":"https:\/\/memoriadaculturaesportebsb.com.br\/index.php\/wp-json\/wp\/v2\/posts\/2406\/revisions"}],"predecessor-version":[{"id":2411,"href":"https:\/\/memoriadaculturaesportebsb.com.br\/index.php\/wp-json\/wp\/v2\/posts\/2406\/revisions\/2411"}],"wp:featuredmedia":[{"embeddable":true,"href":"https:\/\/memoriadaculturaesportebsb.com.br\/index.php\/wp-json\/wp\/v2\/media\/2410"}],"wp:attachment":[{"href":"https:\/\/memoriadaculturaesportebsb.com.br\/index.php\/wp-json\/wp\/v2\/media?parent=2406"}],"wp:term":[{"taxonomy":"category","embeddable":true,"href":"https:\/\/memoriadaculturaesportebsb.com.br\/index.php\/wp-json\/wp\/v2\/categories?post=2406"},{"taxonomy":"post_tag","embeddable":true,"href":"https:\/\/memoriadaculturaesportebsb.com.br\/index.php\/wp-json\/wp\/v2\/tags?post=2406"}],"curies":[{"name":"wp","href":"https:\/\/api.w.org\/{rel}","templated":true}]}}