{"id":2398,"date":"2024-04-07T11:52:21","date_gmt":"2024-04-07T14:52:21","guid":{"rendered":"https:\/\/memoriadaculturaesportebsb.com.br\/?p=2398"},"modified":"2024-04-07T15:45:49","modified_gmt":"2024-04-07T18:45:49","slug":"a-cultura-perde-um-grande-artista","status":"publish","type":"post","link":"https:\/\/memoriadaculturaesportebsb.com.br\/index.php\/2024\/04\/07\/a-cultura-perde-um-grande-artista\/","title":{"rendered":"A Cultura perde um\u00a0grande artista"},"content":{"rendered":"<p>Por Helio Tremendani e Jos\u00e9 Cruz<\/p>\n<p>Quando governador do Distrito Federal (1985 a 1988), Jos\u00e9 Aparecido de Oliveira gostava de ressaltar o trabalho da ARUC na \u00e1rea cultural, esportiva e carnavalesca.<\/p>\n<p>Ele visitava nossa entidade com frequ\u00eancia, tamb\u00e9m quando ministro da Cultura, no governo de Jos\u00e9 Sarney.<\/p>\n<figure id=\"attachment_2403\" aria-describedby=\"caption-attachment-2403\" style=\"width: 1080px\" class=\"wp-caption aligncenter\"><a href=\"https:\/\/memoriadaculturaesportebsb.com.br\/wp-content\/uploads\/2024\/04\/WhatsApp-Image-2024-04-07-at-12.50.36.jpeg\"><img loading=\"lazy\" decoding=\"async\" class=\"size-full wp-image-2403\" src=\"https:\/\/memoriadaculturaesportebsb.com.br\/wp-content\/uploads\/2024\/04\/WhatsApp-Image-2024-04-07-at-12.50.36.jpeg\" alt=\"\" width=\"1080\" height=\"742\" srcset=\"https:\/\/memoriadaculturaesportebsb.com.br\/wp-content\/uploads\/2024\/04\/WhatsApp-Image-2024-04-07-at-12.50.36.jpeg 1080w, https:\/\/memoriadaculturaesportebsb.com.br\/wp-content\/uploads\/2024\/04\/WhatsApp-Image-2024-04-07-at-12.50.36-300x206.jpeg 300w, https:\/\/memoriadaculturaesportebsb.com.br\/wp-content\/uploads\/2024\/04\/WhatsApp-Image-2024-04-07-at-12.50.36-1024x704.jpeg 1024w, https:\/\/memoriadaculturaesportebsb.com.br\/wp-content\/uploads\/2024\/04\/WhatsApp-Image-2024-04-07-at-12.50.36-768x528.jpeg 768w, https:\/\/memoriadaculturaesportebsb.com.br\/wp-content\/uploads\/2024\/04\/WhatsApp-Image-2024-04-07-at-12.50.36-110x75.jpeg 110w\" sizes=\"auto, (max-width: 1080px) 100vw, 1080px\" \/><\/a><figcaption id=\"caption-attachment-2403\" class=\"wp-caption-text\">Foto: @arpdf<\/figcaption><\/figure>\n<p>Em algumas dessas visitas, ele aparecia acompanhado de grandes intelectuais de nosso pa\u00eds, como mostra a foto, em que destacamos a presen\u00e7a de Ziraldo, que tristemente morreu neste s\u00e1bado (6 de abril de 2024).<\/p>\n<p>Perde o Brasil um grande artista que valorizou a nossa cultura, em geral, e a literatura infantil e juvenil, em particular. Criativo, deixa um legado sem igual nesses segmentos. O mundo das artes est\u00e1 triste, n\u00f3s tamb\u00e9m.<\/p>\n<p><a href=\"https:\/\/memoriadaculturaesportebsb.com.br\/wp-content\/uploads\/2024\/04\/WhatsApp-Image-2024-04-07-at-11.38.18.jpeg\"><img loading=\"lazy\" decoding=\"async\" class=\"aligncenter size-full wp-image-2399\" src=\"https:\/\/memoriadaculturaesportebsb.com.br\/wp-content\/uploads\/2024\/04\/WhatsApp-Image-2024-04-07-at-11.38.18.jpeg\" alt=\"\" width=\"1080\" height=\"720\" srcset=\"https:\/\/memoriadaculturaesportebsb.com.br\/wp-content\/uploads\/2024\/04\/WhatsApp-Image-2024-04-07-at-11.38.18.jpeg 1080w, https:\/\/memoriadaculturaesportebsb.com.br\/wp-content\/uploads\/2024\/04\/WhatsApp-Image-2024-04-07-at-11.38.18-300x200.jpeg 300w, https:\/\/memoriadaculturaesportebsb.com.br\/wp-content\/uploads\/2024\/04\/WhatsApp-Image-2024-04-07-at-11.38.18-1024x683.jpeg 1024w, https:\/\/memoriadaculturaesportebsb.com.br\/wp-content\/uploads\/2024\/04\/WhatsApp-Image-2024-04-07-at-11.38.18-768x512.jpeg 768w\" sizes=\"auto, (max-width: 1080px) 100vw, 1080px\" \/><\/a><\/p>\n<p><strong>Na foto: <\/strong><\/p>\n<p>Na frente: Cl\u00e1udio Moreno, H\u00e9lio Tremendani, jornalista Pompeu de Sousa, Oscar Niemeyer, Governador Jos\u00e9 Aparecido, Ziraldo;<\/p>\n<p>Atr\u00e1s: Wilson Tadeu, Fel\u00edcio, Murilo Silva, Ivan Machado, Landim e Batista do Frevo.<\/p>\n<p>&nbsp;<\/p>\n","protected":false},"excerpt":{"rendered":"<p>Por Helio Tremendani e Jos\u00e9 Cruz Quando governador do Distrito Federal (1985 a 1988), Jos\u00e9 Aparecido de Oliveira gostava de ressaltar o trabalho da ARUC na \u00e1rea cultural, esportiva e carnavalesca. Ele visitava nossa entidade com frequ\u00eancia, tamb\u00e9m quando ministro da Cultura, no governo de Jos\u00e9 Sarney. Em algumas dessas visitas, ele aparecia acompanhado de &hellip;<\/p>\n","protected":false},"author":2,"featured_media":2400,"comment_status":"closed","ping_status":"closed","sticky":false,"template":"","format":"standard","meta":{"footnotes":""},"categories":[13,2,16,14],"tags":[],"class_list":["post-2398","post","type-post","status-publish","format-standard","has-post-thumbnail","","category-colunistas","category-cultura","category-helio-tremendani","category-jose-cruz"],"_links":{"self":[{"href":"https:\/\/memoriadaculturaesportebsb.com.br\/index.php\/wp-json\/wp\/v2\/posts\/2398","targetHints":{"allow":["GET"]}}],"collection":[{"href":"https:\/\/memoriadaculturaesportebsb.com.br\/index.php\/wp-json\/wp\/v2\/posts"}],"about":[{"href":"https:\/\/memoriadaculturaesportebsb.com.br\/index.php\/wp-json\/wp\/v2\/types\/post"}],"author":[{"embeddable":true,"href":"https:\/\/memoriadaculturaesportebsb.com.br\/index.php\/wp-json\/wp\/v2\/users\/2"}],"replies":[{"embeddable":true,"href":"https:\/\/memoriadaculturaesportebsb.com.br\/index.php\/wp-json\/wp\/v2\/comments?post=2398"}],"version-history":[{"count":3,"href":"https:\/\/memoriadaculturaesportebsb.com.br\/index.php\/wp-json\/wp\/v2\/posts\/2398\/revisions"}],"predecessor-version":[{"id":2404,"href":"https:\/\/memoriadaculturaesportebsb.com.br\/index.php\/wp-json\/wp\/v2\/posts\/2398\/revisions\/2404"}],"wp:featuredmedia":[{"embeddable":true,"href":"https:\/\/memoriadaculturaesportebsb.com.br\/index.php\/wp-json\/wp\/v2\/media\/2400"}],"wp:attachment":[{"href":"https:\/\/memoriadaculturaesportebsb.com.br\/index.php\/wp-json\/wp\/v2\/media?parent=2398"}],"wp:term":[{"taxonomy":"category","embeddable":true,"href":"https:\/\/memoriadaculturaesportebsb.com.br\/index.php\/wp-json\/wp\/v2\/categories?post=2398"},{"taxonomy":"post_tag","embeddable":true,"href":"https:\/\/memoriadaculturaesportebsb.com.br\/index.php\/wp-json\/wp\/v2\/tags?post=2398"}],"curies":[{"name":"wp","href":"https:\/\/api.w.org\/{rel}","templated":true}]}}