{"id":2380,"date":"2024-04-02T16:19:07","date_gmt":"2024-04-02T19:19:07","guid":{"rendered":"https:\/\/memoriadaculturaesportebsb.com.br\/?p=2380"},"modified":"2024-04-18T14:49:29","modified_gmt":"2024-04-18T17:49:29","slug":"geracao-dom-bosco-uma-ideia-iluminada","status":"publish","type":"post","link":"https:\/\/memoriadaculturaesportebsb.com.br\/index.php\/2024\/04\/02\/geracao-dom-bosco-uma-ideia-iluminada\/","title":{"rendered":"\u201cGera\u00e7\u00e3o Dom Bosco\u201d,\u00a0uma ideia iluminada"},"content":{"rendered":"<p>Por\u00a0H\u00e9lio Tremendani e Jos\u00e9 Cruz<\/p>\n<p><strong>Em quatro entrevistas sobre a \u201cGera\u00e7\u00e3o Dom Bosco\u201d procuramos mostrar o perfil dos profissionais de Educa\u00e7\u00e3o F\u00edsica formados nessa tradicional faculdade de Bras\u00edlia, contribuindo para a evolu\u00e7\u00e3o do esporte, em todos os seus segmentos.<\/strong><\/p>\n<p><strong>Desta vez, a conversa \u00e9 com o autor da ideia para criar tal faculdade, o professor Mileno Ant\u00f4nio Tonissi (foto), paulista de S\u00e3o Carlos. Numa conversa bem sucedida, surgiu a Faculdade Dom Bosco de Educa\u00e7\u00e3o F\u00edsica, at\u00e9 hoje uma das refer\u00eancias no ensino superior de Bras\u00edlia.<\/strong><\/p>\n<figure id=\"attachment_2381\" aria-describedby=\"caption-attachment-2381\" style=\"width: 460px\" class=\"wp-caption aligncenter\"><a href=\"https:\/\/memoriadaculturaesportebsb.com.br\/wp-content\/uploads\/2024\/04\/mileno1.jpg\"><img loading=\"lazy\" decoding=\"async\" class=\"wp-image-2381 size-full\" src=\"https:\/\/memoriadaculturaesportebsb.com.br\/wp-content\/uploads\/2024\/04\/mileno1.jpg\" alt=\"\" width=\"460\" height=\"616\" srcset=\"https:\/\/memoriadaculturaesportebsb.com.br\/wp-content\/uploads\/2024\/04\/mileno1.jpg 460w, https:\/\/memoriadaculturaesportebsb.com.br\/wp-content\/uploads\/2024\/04\/mileno1-224x300.jpg 224w\" sizes=\"auto, (max-width: 460px) 100vw, 460px\" \/><\/a><figcaption id=\"caption-attachment-2381\" class=\"wp-caption-text\">Professor Mileno, refer\u00eancia hist\u00f3rica no ensino da Educa\u00e7\u00e3o F\u00edsica em Bras\u00edlia e no Brasil (Foto: Jos\u00e9 Cruz)<\/figcaption><\/figure>\n<p><strong>O princ\u00edpio<\/strong><\/p>\n<p>No princ\u00edpio, era a imensid\u00e3o do cerrado que come\u00e7ava a ser desbravado, cedendo espa\u00e7o ao concreto da moderna capit\u00e3o.<\/p>\n<p>O sil\u00eancio e a falta de op\u00e7\u00f5es noturnas para a popula\u00e7\u00e3o que se formava contrastavam com o movimento e o barulho das obras, de dia, da cidade em constru\u00e7\u00e3o.<\/p>\n<p>Foi esse ambiente que Mileno encontrou, quando aqui chegou, em 1960, contratado pela Comiss\u00e3o Administrativa do Sistema Educacional de Bras\u00edlia \u2013 CASEB.<\/p>\n<p>Concursado, com outros tantos educadores de v\u00e1rios segmentos da educa\u00e7\u00e3o, Mileno, profissional da Educa\u00e7\u00e3o F\u00edsica, integrava o grupo pioneiro para a elabora\u00e7\u00e3o do ensino oficial de Bras\u00edlia.<\/p>\n<blockquote>\n<p style=\"text-align: center;\"><strong><em>\u201cVieram professores de v\u00e1rias cidades, cada um para atuar na sua \u00e1rea. O ensino era coisa muito s\u00e9ria, principalmente a Educa\u00e7\u00e3o F\u00edsica, que na \u00e9poca ainda se chamava de gin\u00e1stica\u201d<\/em><\/strong><\/p>\n<\/blockquote>\n<p><strong><em>\u00a0<\/em><\/strong><strong>Op\u00e7\u00f5es<\/strong><\/p>\n<p>Naqueles primeiros anos, a Universidade de Bras\u00edlia j\u00e1 funcionava, mas somente com aulas diurnas.<\/p>\n<p>Em decorr\u00eancia, havia uma popula\u00e7\u00e3o interessada em cursos, mas sem op\u00e7\u00e3o, pois n\u00e3o havia ofertas da UnB para aulas noturnas. Foi ent\u00e3o que Mileno teve a ideia de \u201cresolver\u201d o problema de sua \u00e1rea, a Educa\u00e7\u00e3o F\u00edsica.<\/p>\n<p>\u201cHavia muita gente interessada no curso de Educa\u00e7\u00e3o F\u00edsica e fui conversar com o do professor Sidney de Castro, tamb\u00e9m profissional da \u00e1rea, que trabalhava na Secretaria de Educa\u00e7\u00e3o F\u00edsica e Desporto do Minist\u00e9rio da Educa\u00e7\u00e3o. Em seguida, com boa argumenta\u00e7\u00e3o, fui \u00e0 dire\u00e7\u00e3o da Faculdade Dom Bosco\u201d, conta Mileno.<\/p>\n<p>N\u00e3o foi dif\u00edcil convencer os padres Salesianos, que dirigem a entidade, sobre a proposta de cria\u00e7\u00e3o de novo curso. Havia facilidades para isso, pois a escola j\u00e1 contava com estrutura m\u00ednima para os seus alunos, como gin\u00e1sio de esportes, piscina, campo de futebol, espa\u00e7os valiosos que ficavam ociosos \u00e0 noite.<\/p>\n<p>&#8220;Foi assim, com muito idealismo, que em 1976 foi criada da Faculdade Dom Bosco de Educa\u00e7\u00e3o F\u00edsica, da qual me orgulho de ter sido o fundador e o seu primeiro diretor\u201d, conta Mileno, perto de completar 89 anos.<\/p>\n<p>Para esse trabalho, Mileno aplicou, tamb\u00e9m, a experi\u00eancia que trouxe de S\u00e3o Paulo, onde foi atleta de nata\u00e7\u00e3o e futebol de sal\u00e3o \u2013 hoje futsal \u2013 nos prim\u00f3rdios dessa modalidade.<\/p>\n<blockquote>\n<p style=\"text-align: center;\"><strong>\u201cA Gera\u00e7\u00e3o Dom Bosco\u201d era formada por estudantes entusiasmados, dedicados, que trabalhavam e pensavam para, tamb\u00e9m, superar as dificuldades, em geral, e as do ensino, em particular\u201d<\/strong><\/p>\n<\/blockquote>\n<p><strong>Cursos<\/strong><\/p>\n<p>Mileno aproveitava as f\u00e9rias escolares para realizar cursos de refor\u00e7o. Para isso trazia professores e profissionais da educa\u00e7\u00e3o f\u00edsica de outros estados e at\u00e9 da Europa, que apresentavam as novidades do segmento. \u201cEram verdadeiros cursos de atualiza\u00e7\u00e3o\u201d, conta ele. \u201cE foi assim que formamos alunos, \u00e1rbitros, gestores e identificamos muitos atletas\u201d.<\/p>\n<p><strong>Diferen\u00e7a <\/strong><\/p>\n<p>Ex-alunos da Faculdade Dom Bosco j\u00e1 entrevistados neste espa\u00e7o, s\u00e3o un\u00e2nimes em afirmar que a em suas forma\u00e7\u00f5es para os dias atuais foi terem aprendido a discutir os assuntos do segmento da educa\u00e7\u00e3o f\u00edsica.<\/p>\n<p>Para isso, contribuiu a qualidade do corpo docente, boa parte profissionais que atuavam na Secretaria de Educa\u00e7\u00e3o F\u00edsica e Desportos \u2013 SEED-MEC. Esse \u00f3rg\u00e3o era, \u00e0 \u00e9poca, o formulador de pol\u00edticas p\u00fablicas do esporte em geral e financiador de projetos em \u00f3rg\u00e3os educacionais, principalmente.<\/p>\n<p>\u201cA equipe que trabalhava na SEED tinha uma vis\u00e3o de longo prazo. E havia planejamento para isso\u201d, lembra Mileno. E isso se transferia para os alunos da Dom Bosco, onde a maioria dos professores era desse \u00f3rg\u00e3o.<\/p>\n<figure id=\"attachment_2382\" aria-describedby=\"caption-attachment-2382\" style=\"width: 260px\" class=\"wp-caption alignleft\"><a href=\"https:\/\/memoriadaculturaesportebsb.com.br\/wp-content\/uploads\/2024\/04\/mileno2.jpg\"><img loading=\"lazy\" decoding=\"async\" class=\"size-medium wp-image-2382\" src=\"https:\/\/memoriadaculturaesportebsb.com.br\/wp-content\/uploads\/2024\/04\/mileno2-260x300.jpg\" alt=\"\" width=\"260\" height=\"300\" srcset=\"https:\/\/memoriadaculturaesportebsb.com.br\/wp-content\/uploads\/2024\/04\/mileno2-260x300.jpg 260w, https:\/\/memoriadaculturaesportebsb.com.br\/wp-content\/uploads\/2024\/04\/mileno2-889x1024.jpg 889w, https:\/\/memoriadaculturaesportebsb.com.br\/wp-content\/uploads\/2024\/04\/mileno2-768x885.jpg 768w, https:\/\/memoriadaculturaesportebsb.com.br\/wp-content\/uploads\/2024\/04\/mileno2.jpg 926w\" sizes=\"auto, (max-width: 260px) 100vw, 260px\" \/><\/a><figcaption id=\"caption-attachment-2382\" class=\"wp-caption-text\">Professor M\u00e1rio Cantarino, o \u201cMestre\u201d da Educa\u00e7\u00e3o F\u00edsica e do esporte em Bras\u00edlia e no Brasil<\/figcaption><\/figure>\n<p>Na lembran\u00e7a, Mileno citou alguns \u201cmestres\u201d da \u00e9poca em que dirigiu a Dom Bosco: Jo\u00e3o de Oliveira, Rhutenio Aguiar, Marco Ant\u00f4nio de Moraes, que foi o primeiro professor de v\u00f4lei em Bras\u00edlia, H\u00e9lio Medeiros, M\u00e1rio Cantarino, do atletismo, Kleber Soares do Amaral \u201ce tantos outros\u201d&#8230;<\/p>\n<p><strong>\u201cOs professores aceitavam com prazer dar aulas na Dom Bosco. Al\u00e9m de ser um ganho a mais, preenchiam o tempo vago, \u00e0 noite, pois ainda n\u00e3o havia alternativas em Bras\u00edlia. Eram reuni\u00f5es que t\u00ednhamos com bons debates e tudo era feito com muita vibra\u00e7\u00e3o\u201d<\/strong><\/p>\n<p><strong>\u00a0<\/strong><strong>Com Zico<\/strong><\/p>\n<p>Devido sua qualifica\u00e7\u00e3o no setor, Mileno foi convidado para assessorar o ent\u00e3o Secret\u00e1rio Nacional de Esporte, o ex-craque Zico. Foi durante a presid\u00eancia de Fernando Collor de Mello, nos anos de 1990 e 1991.<\/p>\n<p>O projeto mais importante aprovado pelo Secret\u00e1rio ficou conhecido por \u201cLei Zico\u201d, que modificou a estrutura do futebol brasileiro, reduzindo o poder dos cartolas em rela\u00e7\u00e3o aos jogadores.<\/p>\n<p>Nessa \u00e9poca a Secretaria tinha como \u00f3rg\u00e3o mediador o Conselho Nacional do Esporte, CND, cujo presidente \u00e0 \u00e9poca era Manoel Jos\u00e9 Gomes Tubino (1939 \u2013 2008), expoente internacional do segmento. \u201cTubino era um brigador, um lutador pelas boas causas da educa\u00e7\u00e3o f\u00edsica e do esporte\u201d, lembra Mileno.<\/p>\n<figure id=\"attachment_2383\" aria-describedby=\"caption-attachment-2383\" style=\"width: 618px\" class=\"wp-caption aligncenter\"><a href=\"https:\/\/memoriadaculturaesportebsb.com.br\/wp-content\/uploads\/2024\/04\/mileno3.jpg\"><img loading=\"lazy\" decoding=\"async\" class=\"wp-image-2383 size-large\" src=\"https:\/\/memoriadaculturaesportebsb.com.br\/wp-content\/uploads\/2024\/04\/mileno3-1024x904.jpg\" alt=\"\" width=\"618\" height=\"546\" srcset=\"https:\/\/memoriadaculturaesportebsb.com.br\/wp-content\/uploads\/2024\/04\/mileno3-1024x904.jpg 1024w, https:\/\/memoriadaculturaesportebsb.com.br\/wp-content\/uploads\/2024\/04\/mileno3-300x265.jpg 300w, https:\/\/memoriadaculturaesportebsb.com.br\/wp-content\/uploads\/2024\/04\/mileno3-768x678.jpg 768w, https:\/\/memoriadaculturaesportebsb.com.br\/wp-content\/uploads\/2024\/04\/mileno3.jpg 1335w\" sizes=\"auto, (max-width: 618px) 100vw, 618px\" \/><\/a><figcaption id=\"caption-attachment-2383\" class=\"wp-caption-text\">Mileno assessorou o craque Zico, quando Secret\u00e1rio Nacional do Esporte, 1990 e 1991<\/figcaption><\/figure>\n<p><strong>Cargos<\/strong><\/p>\n<p>Por sua experi\u00eancia, Mileno era muito solicitado e, assim, lecionou e se tornou coordenador da primeira Escola Parque de Bras\u00edlia, a da 308 Sul, ainda hoje em funcionamento.<\/p>\n<p>Mileno j\u00e1 estava integrado \u00e0 rotina de Bras\u00edlia e foi assim que se tornou Comodoro do Cota Mil, clube social de perfil n\u00e1utico criado em novembro de 1959, quatro meses antes da inaugura\u00e7\u00e3o da nova capital. \u201cNa minha gest\u00e3o foi constru\u00eddo aquele sal\u00e3o de festas, ainda l\u00e1, at\u00e9 hoje\u201d, orgulha-se Mileno.<\/p>\n<p><strong>\u00a0<\/strong><strong>Peladeiro<\/strong><\/p>\n<p>\u00c9 no Cota Mil que, ainda hoje, Mileno se re\u00fane com os peladeiros do \u201cGerovital\u201d, tradicional grupo de peladeiros di futebol, perto de completar 60 anos de atividades.<\/p>\n<p>Na farm\u00e1cia, Gerovital \u00e9 um suplemento de vitaminas para idosos, justamente o tipo de \u201ccraque\u201d que ainda joga futebol. E, para evitar as contus\u00f5es pr\u00f3prias da idade, o grupo criou regras que s\u00e3o obedecidas \u00e0 risca. Por exemplo, se um jogador precisa sair de campo devido uma entrada desleal ou mais dura, o jogador faltoso tamb\u00e9m fica fora do jogo pelo mesmo tempo que o agredido.<\/p>\n<p>Mais: quatro faltas coletivas se transformam em cobran\u00e7a direta na altura da meia-lua, sem direito \u00e0 barreira; o jogador que perde a cobran\u00e7a de um p\u00eanalti paga meia d\u00fazia de cerveja no final do jogo. E por a\u00ed vai. A hist\u00f3ria do \u201cGerovital\u201d ser\u00e1 assunto exclusivo, oportunamente, neste espa\u00e7o.<\/p>\n<p>\u201cO futebol \u00e9 a minha recrea\u00e7\u00e3o, sempre joguei e, al\u00e9m disso, fa\u00e7o academia tr\u00eas vezes por semana\u201d, revela o exemplar atleta.<\/p>\n<p>Palmeirense, Mileno tem o h\u00e1bito de acompanhar jogos pela televis\u00e3o, elegendo as Olimp\u00edadas como \u201co coroamento da pr\u00e1tica esportiva\u201d.<\/p>\n<p><strong>\u00a0<\/strong><strong>Pintura<\/strong><\/p>\n<p>Vi\u00favo de Leila Felipelli, com a qual teve tr\u00eas filhas, Milena, Melina e Mirela, o Professor Mileno ocupa o tempo se mantendo em atividade. Com boa disposi\u00e7\u00e3o, ele incluiu entre as suas rotinas uma sobre a qual nada conhecida: a pintura.<\/p>\n<figure id=\"attachment_2384\" aria-describedby=\"caption-attachment-2384\" style=\"width: 618px\" class=\"wp-caption aligncenter\"><a href=\"https:\/\/memoriadaculturaesportebsb.com.br\/wp-content\/uploads\/2024\/04\/mileno4.jpg\"><img loading=\"lazy\" decoding=\"async\" class=\"size-large wp-image-2384\" src=\"https:\/\/memoriadaculturaesportebsb.com.br\/wp-content\/uploads\/2024\/04\/mileno4-954x1024.jpg\" alt=\"\" width=\"618\" height=\"663\" srcset=\"https:\/\/memoriadaculturaesportebsb.com.br\/wp-content\/uploads\/2024\/04\/mileno4-954x1024.jpg 954w, https:\/\/memoriadaculturaesportebsb.com.br\/wp-content\/uploads\/2024\/04\/mileno4-280x300.jpg 280w, https:\/\/memoriadaculturaesportebsb.com.br\/wp-content\/uploads\/2024\/04\/mileno4-768x824.jpg 768w, https:\/\/memoriadaculturaesportebsb.com.br\/wp-content\/uploads\/2024\/04\/mileno4-1431x1536.jpg 1431w, https:\/\/memoriadaculturaesportebsb.com.br\/wp-content\/uploads\/2024\/04\/mileno4.jpg 1491w\" sizes=\"auto, (max-width: 618px) 100vw, 618px\" \/><\/a><figcaption id=\"caption-attachment-2384\" class=\"wp-caption-text\">H\u00e9lio Tremendani, conheceu as obras de arte do tamb\u00e9m pintor Mileno<\/figcaption><\/figure>\n<p>A partir de modelos impressos ele exercita essa arte escolhendo cores e estilos, que variam do cl\u00e1ssico, passando pelo impressionismo, o cubismo, paisagens e por a\u00ed vai.<\/p>\n<p>As telas emolduram o espa\u00e7o externo da sua casa, como se fosse um ateli\u00ea de exposi\u00e7\u00e3o permanente, onde as cores vivas se destacam e ajudam a compor o ambiente tamb\u00e9m rodeado de flores.<\/p>\n<p style=\"text-align: left;\"><strong>A arte colorida do Professor Mileno, em variados estilos<\/strong><\/p>\n<blockquote>\n<p style=\"text-align: center;\"><strong>\u201cDepois que a gente se aposenta, \u00e9 um drama.\u00a0<\/strong><strong>Trabalhei de manh\u00e3, de tarde e \u00e0 noite. Agora, tenho tempo vago e preciso achar o que fazer. <\/strong><strong>Foi assim que a pintura entrou na minha rotina e posso dizer que essa atividade est\u00e1 muito boa\u201d<\/strong><\/p>\n<\/blockquote>\n<p><strong>\u00a0<\/strong><\/p>\n<p><a href=\"https:\/\/memoriadaculturaesportebsb.com.br\/wp-content\/uploads\/2024\/04\/mileno5.jpg\"><img loading=\"lazy\" decoding=\"async\" class=\"aligncenter size-large wp-image-2386\" src=\"https:\/\/memoriadaculturaesportebsb.com.br\/wp-content\/uploads\/2024\/04\/mileno5-1024x740.jpg\" alt=\"\" width=\"618\" height=\"447\" srcset=\"https:\/\/memoriadaculturaesportebsb.com.br\/wp-content\/uploads\/2024\/04\/mileno5-1024x740.jpg 1024w, https:\/\/memoriadaculturaesportebsb.com.br\/wp-content\/uploads\/2024\/04\/mileno5-300x217.jpg 300w, https:\/\/memoriadaculturaesportebsb.com.br\/wp-content\/uploads\/2024\/04\/mileno5-768x555.jpg 768w, https:\/\/memoriadaculturaesportebsb.com.br\/wp-content\/uploads\/2024\/04\/mileno5-1536x1110.jpg 1536w, https:\/\/memoriadaculturaesportebsb.com.br\/wp-content\/uploads\/2024\/04\/mileno5.jpg 1600w\" sizes=\"auto, (max-width: 618px) 100vw, 618px\" \/><\/a><\/p>\n<p style=\"text-align: center;\"><strong>\u201cartista\u201d Mileno<\/strong><\/p>\n<p><a href=\"https:\/\/memoriadaculturaesportebsb.com.br\/wp-content\/uploads\/2024\/04\/mileno6.jpg\"><img loading=\"lazy\" decoding=\"async\" class=\"aligncenter size-large wp-image-2385\" src=\"https:\/\/memoriadaculturaesportebsb.com.br\/wp-content\/uploads\/2024\/04\/mileno6-1024x835.jpg\" alt=\"\" width=\"618\" height=\"504\" \/><\/a><\/p>\n","protected":false},"excerpt":{"rendered":"<p>Por\u00a0H\u00e9lio Tremendani e Jos\u00e9 Cruz Em quatro entrevistas sobre a \u201cGera\u00e7\u00e3o Dom Bosco\u201d procuramos mostrar o perfil dos profissionais de Educa\u00e7\u00e3o F\u00edsica formados nessa tradicional faculdade de Bras\u00edlia, contribuindo para a evolu\u00e7\u00e3o do esporte, em todos os seus segmentos. Desta vez, a conversa \u00e9 com o autor da ideia para criar tal faculdade, o professor &hellip;<\/p>\n","protected":false},"author":2,"featured_media":0,"comment_status":"closed","ping_status":"closed","sticky":false,"template":"","format":"standard","meta":{"footnotes":""},"categories":[13,6,4,16,14],"tags":[],"class_list":["post-2380","post","type-post","status-publish","format-standard","","category-colunistas","category-entrevistas","category-esporte","category-helio-tremendani","category-jose-cruz"],"_links":{"self":[{"href":"https:\/\/memoriadaculturaesportebsb.com.br\/index.php\/wp-json\/wp\/v2\/posts\/2380","targetHints":{"allow":["GET"]}}],"collection":[{"href":"https:\/\/memoriadaculturaesportebsb.com.br\/index.php\/wp-json\/wp\/v2\/posts"}],"about":[{"href":"https:\/\/memoriadaculturaesportebsb.com.br\/index.php\/wp-json\/wp\/v2\/types\/post"}],"author":[{"embeddable":true,"href":"https:\/\/memoriadaculturaesportebsb.com.br\/index.php\/wp-json\/wp\/v2\/users\/2"}],"replies":[{"embeddable":true,"href":"https:\/\/memoriadaculturaesportebsb.com.br\/index.php\/wp-json\/wp\/v2\/comments?post=2380"}],"version-history":[{"count":10,"href":"https:\/\/memoriadaculturaesportebsb.com.br\/index.php\/wp-json\/wp\/v2\/posts\/2380\/revisions"}],"predecessor-version":[{"id":2412,"href":"https:\/\/memoriadaculturaesportebsb.com.br\/index.php\/wp-json\/wp\/v2\/posts\/2380\/revisions\/2412"}],"wp:attachment":[{"href":"https:\/\/memoriadaculturaesportebsb.com.br\/index.php\/wp-json\/wp\/v2\/media?parent=2380"}],"wp:term":[{"taxonomy":"category","embeddable":true,"href":"https:\/\/memoriadaculturaesportebsb.com.br\/index.php\/wp-json\/wp\/v2\/categories?post=2380"},{"taxonomy":"post_tag","embeddable":true,"href":"https:\/\/memoriadaculturaesportebsb.com.br\/index.php\/wp-json\/wp\/v2\/tags?post=2380"}],"curies":[{"name":"wp","href":"https:\/\/api.w.org\/{rel}","templated":true}]}}