{"id":2370,"date":"2024-03-26T14:23:10","date_gmt":"2024-03-26T17:23:10","guid":{"rendered":"https:\/\/memoriadaculturaesportebsb.com.br\/?p=2370"},"modified":"2024-03-26T14:29:47","modified_gmt":"2024-03-26T17:29:47","slug":"geracao-brasilia-gilberto-o-craque-do-handebol","status":"publish","type":"post","link":"https:\/\/memoriadaculturaesportebsb.com.br\/index.php\/2024\/03\/26\/geracao-brasilia-gilberto-o-craque-do-handebol\/","title":{"rendered":"&#8220;Gera\u00e7\u00e3o Bras\u00edlia&#8221;: Gilberto, o craque do handebol"},"content":{"rendered":"<p>Por H\u00e9lio Tremendani e Jos\u00e9 Cruz<\/p>\n<p style=\"text-align: center;\"><strong>\u00a0<\/strong><strong><em>Gilberto de Jesus Cardoso, um dos orgulhos do esporte na capital da Rep\u00fablica, foi formado na mais leg\u00edtima \u201cGera\u00e7\u00e3o Bras\u00edlia\u201d de atletas candangos. <\/em><\/strong><\/p>\n<p style=\"text-align: center;\"><strong><em>\u00a0<\/em><\/strong><strong><em>Com 10 anos de idade, ele poderia ter encaminhado a sua carreira para o futebol ou para o basquete, pois a sua altura j\u00e1 batia nos 1,80m. <\/em><\/strong><\/p>\n<p style=\"text-align: center;\"><strong><em>\u00a0<\/em><\/strong><strong><em>Por\u00e9m, numa guinada extrema, ele trocou os p\u00e9s pelas m\u00e3os e se tornou craque consagrado no handebol.<\/em><\/strong><\/p>\n<figure id=\"attachment_2371\" aria-describedby=\"caption-attachment-2371\" style=\"width: 620px\" class=\"wp-caption aligncenter\"><a href=\"https:\/\/memoriadaculturaesportebsb.com.br\/wp-content\/uploads\/2024\/03\/gilberto-1.jpg\"><img loading=\"lazy\" decoding=\"async\" class=\"size-full wp-image-2371\" src=\"https:\/\/memoriadaculturaesportebsb.com.br\/wp-content\/uploads\/2024\/03\/gilberto-1.jpg\" alt=\"\" width=\"620\" height=\"754\" \/><\/a><figcaption id=\"caption-attachment-2371\" class=\"wp-caption-text\">Foto: Jos\u00e9 Cruz<\/figcaption><\/figure>\n<p><strong><em>\u00a0<\/em><\/strong><strong>Testemunha<\/strong><\/p>\n<p><strong><em>\u00a0<\/em><\/strong>Testemunha ocular da evolu\u00e7\u00e3o desse atleta, que aqui nasceu em 1968, o ex-presidente da ARUC, H\u00e9lio Tremendani, afirma com convic\u00e7\u00e3o:<\/p>\n<blockquote><p><strong><em>\u201cGilberto foi, sem d\u00favida, o melhor jogador\u00a0<\/em><\/strong><strong><em>da hist\u00f3ria do handebol em Bras\u00edlia\u00a0<\/em><\/strong><strong><em>e um dos orgulhos do Brasil\u201d<\/em><\/strong><\/p>\n<figure id=\"attachment_2372\" aria-describedby=\"caption-attachment-2372\" style=\"width: 216px\" class=\"wp-caption aligncenter\"><a href=\"https:\/\/memoriadaculturaesportebsb.com.br\/wp-content\/uploads\/2024\/03\/gilberto-2.jpg\"><img loading=\"lazy\" decoding=\"async\" class=\"size-full wp-image-2372\" src=\"https:\/\/memoriadaculturaesportebsb.com.br\/wp-content\/uploads\/2024\/03\/gilberto-2.jpg\" alt=\"\" width=\"216\" height=\"223\" \/><\/a><figcaption id=\"caption-attachment-2372\" class=\"wp-caption-text\">Gilberto e H\u00e9lio: muitas hist\u00f3rias sobre o esporte em Bras\u00edlia<\/figcaption><\/figure><\/blockquote>\n<p>A op\u00e7\u00e3o por essa modalidade mostrou-se acertada j\u00e1 no in\u00edcio da carreira, quando Gilberto atuou pelo Tiradentes, Cota Mil e ARUC, ainda nas categorias menores.<\/p>\n<p>\u201cQuando eu morava na QNL Norte, jogava futebol por divers\u00e3o. Mas quando fui para a Escola Classe 106, em Taguatinga, fui incentivado a jogar handebol, pelo Professor Ermer e, depois, pelo Professor Arist\u00f3teles Castelo\u201d, conta Gilberto, resumindo o seu ingresso na modalidade.<\/p>\n<p>Desde cedo Gilberto acostumou-se a frequentar p\u00f3dios, quer em eventos nacionais ou internacionais. Em 1984, por exemplo, quando ele tinha 16 anos, integrou a Sele\u00e7\u00e3o Infanto-Juvenil de Bras\u00edlia que foi campe\u00e3 Brasileira na categoria, comandada pelo Professor Serginho Barcellos.<\/p>\n<figure id=\"attachment_2373\" aria-describedby=\"caption-attachment-2373\" style=\"width: 300px\" class=\"wp-caption aligncenter\"><a href=\"https:\/\/memoriadaculturaesportebsb.com.br\/wp-content\/uploads\/2024\/03\/gilberto-3.jpg\"><img loading=\"lazy\" decoding=\"async\" class=\"wp-image-2373 size-medium\" src=\"https:\/\/memoriadaculturaesportebsb.com.br\/wp-content\/uploads\/2024\/03\/gilberto-3-300x300.jpg\" alt=\"\" width=\"300\" height=\"300\" \/><\/a><figcaption id=\"caption-attachment-2373\" class=\"wp-caption-text\">\u201cO Tiradentes foi o meu primeiro clube federado. Depois joguei pelo Cota Mil e logo em seguida na Aruc, sob a orienta\u00e7\u00e3o do t\u00e9cnico Abelardo. Pouco depois vieram as transfer\u00eancias, para clubes de S\u00e3o Paulo\u201d.<\/figcaption><\/figure>\n<p><strong>T\u00edtulos<\/strong><\/p>\n<p>Naquele in\u00edcio de jornada, Gilberto sagrou-se tricampe\u00e3o brasiliense (1981, 1982 e 1983) jogando como armador-esquerdo. E, em 1984, j\u00e1 com 16 anos, integrou a Sele\u00e7\u00e3o Infanto Juvenil de Bras\u00edlia, sob o comando do Professor Serginho Barcellos, que levou o time \u00e0 conquista do t\u00edtulo brasileiro.<\/p>\n<p><a href=\"https:\/\/memoriadaculturaesportebsb.com.br\/wp-content\/uploads\/2024\/03\/gilberto4.jpg\"><img loading=\"lazy\" decoding=\"async\" class=\"aligncenter size-large wp-image-2374\" src=\"https:\/\/memoriadaculturaesportebsb.com.br\/wp-content\/uploads\/2024\/03\/gilberto4-559x1024.jpg\" alt=\"\" width=\"559\" height=\"1024\" srcset=\"https:\/\/memoriadaculturaesportebsb.com.br\/wp-content\/uploads\/2024\/03\/gilberto4-559x1024.jpg 559w, https:\/\/memoriadaculturaesportebsb.com.br\/wp-content\/uploads\/2024\/03\/gilberto4-164x300.jpg 164w, https:\/\/memoriadaculturaesportebsb.com.br\/wp-content\/uploads\/2024\/03\/gilberto4-768x1406.jpg 768w, https:\/\/memoriadaculturaesportebsb.com.br\/wp-content\/uploads\/2024\/03\/gilberto4-839x1536.jpg 839w, https:\/\/memoriadaculturaesportebsb.com.br\/wp-content\/uploads\/2024\/03\/gilberto4.jpg 874w\" sizes=\"auto, (max-width: 559px) 100vw, 559px\" \/><\/a><\/p>\n<p><strong>Principais times<\/strong><\/p>\n<p>Em 1987, Gilberto foi contratado pelo Corinthians Paulista e, depois, retornou \u00e0 ARUC, mas n\u00e3o por muito tempo:<\/p>\n<p>\u201cTive proposta para jogar pelo S\u00edrio Liban\u00eas e voltei a S\u00e3o Paulo. Dessa vez por uma temporada maior, pois joguei, tamb\u00e9m, pelo Guarulhos, S\u00e3o Caetano, Metodista, Pinheiros e Osasco. Aproveitei essa estada por l\u00e1 e me formei em Educa\u00e7\u00e3o F\u00edsica\u201d, conta Gilberto.<\/p>\n<p><strong>Prest\u00edgio do craque<\/strong><\/p>\n<p>\u201cQuando Gilberto atuou pela ARUC, em 1988, conquistamos um importante patroc\u00ednio do BrB. Naquela \u00e9poca, o handebol de Bras\u00edlia vivia a sua melhor fase, inclusive com a conquista dos t\u00edtulos brasileiros Juvenil, com o Cota Mil, e J\u00fanior, com a ARUC, que, por sinal, sagrou-se bicampe\u00e3\u201d, relembra H\u00e9lio Tremendani.<\/p>\n<p><strong>Na Sele\u00e7\u00e3o<\/strong><\/p>\n<p>Destaque frequente como melhor jogador e artilheiro por onde passava, Gilberto foi convocado para a Sele\u00e7\u00e3o Brasileira em v\u00e1rias ocasi\u00f5es e categorias, para eventos internacionais. Por exemplo, disputou quatro campeonatos mundiais, Hungria (1993), Isl\u00e2ndia (1994), Turquia (1995) e Jap\u00e3o(1997); e uma Olimp\u00edada, a de Barcelona, em 1992.<\/p>\n<p>Em n\u00edvel continental, Gilberto colecionou v\u00e1rios p\u00f3dios, a come\u00e7ar pelo t\u00edtulo do sul-americano j\u00fanior, em 1986, na Argentina.<\/p>\n<p>No ano seguinte, j\u00e1 como profissional, ganhou a medalha de bronze nos hist\u00f3ricos Jogos Pan-Americanos de Indian\u00e1polis, 1987.<\/p>\n<p><strong>Mem\u00f3ria<\/strong><\/p>\n<p>O Pan de Indian\u00e1polis entrou em destaque na hist\u00f3ria do esporte brasileiro, pois foi quando a Sele\u00e7\u00e3o de Basquete nacional, liderada pelo cestinha Oscar, derrotou os Estados Unidos (120 x 115) e conquistou a medalha de ouro na quadra advers\u00e1ria, diante de uma at\u00f4nita torcida gringa.<\/p>\n<p><strong>Em Cuba<\/strong><\/p>\n<p>Ainda em Jogos Pan-Americanos, Gilberto voltou a brilhar, quatro anos depois, quando a Sele\u00e7\u00e3o Brasileira de Handebol ganhou a medalha de prata nos Jogos de Cuba, 1991.<\/p>\n<p><strong><em>\u201cUm momento inesquec\u00edvel daqueles Jogos foi ter recebido\u00a0<\/em><\/strong><strong><em>a medalha das m\u00e3os do ent\u00e3o Comandante Fidel Castro\u201d<\/em><\/strong><\/p>\n<p>Era a segunda medalha de prata conquistada na \u201cIlha\u201d. A primeira fora dois anos antes, 1989, no Campeonato Pan-Americano.<\/p>\n<p>O ciclo de eventos continentais disputados por Gilberto encerrou-se com outro p\u00f3dio, tamb\u00e9m de prata, nos Jogos Pan-Americanos da Argentina, em 1995.<\/p>\n<figure id=\"attachment_2375\" aria-describedby=\"caption-attachment-2375\" style=\"width: 300px\" class=\"wp-caption aligncenter\"><a href=\"https:\/\/memoriadaculturaesportebsb.com.br\/wp-content\/uploads\/2024\/03\/gilberto5.jpg\"><img loading=\"lazy\" decoding=\"async\" class=\"wp-image-2375 size-medium\" src=\"https:\/\/memoriadaculturaesportebsb.com.br\/wp-content\/uploads\/2024\/03\/gilberto5-300x300.jpg\" alt=\"\" width=\"300\" height=\"300\" srcset=\"https:\/\/memoriadaculturaesportebsb.com.br\/wp-content\/uploads\/2024\/03\/gilberto5-300x300.jpg 300w, https:\/\/memoriadaculturaesportebsb.com.br\/wp-content\/uploads\/2024\/03\/gilberto5-150x150.jpg 150w, https:\/\/memoriadaculturaesportebsb.com.br\/wp-content\/uploads\/2024\/03\/gilberto5-768x768.jpg 768w, https:\/\/memoriadaculturaesportebsb.com.br\/wp-content\/uploads\/2024\/03\/gilberto5-70x70.jpg 70w, https:\/\/memoriadaculturaesportebsb.com.br\/wp-content\/uploads\/2024\/03\/gilberto5-120x120.jpg 120w, https:\/\/memoriadaculturaesportebsb.com.br\/wp-content\/uploads\/2024\/03\/gilberto5.jpg 960w\" sizes=\"auto, (max-width: 300px) 100vw, 300px\" \/><\/a><figcaption id=\"caption-attachment-2375\" class=\"wp-caption-text\">Fidel Castro entrega a Gilberto a medalha de prata\u00a0conquistada no Pan-Americano de Cuba<\/figcaption><\/figure>\n<p><strong>Gestor <\/strong><\/p>\n<p>Hoje, aposentado nas quadras, Gilberto levou para o gabinete de gestor do esporte a experi\u00eancia do que aprendeu enquanto jogava. Ele \u00e9 o presidente da Federa\u00e7\u00e3o de Handebol do Distrito Federal, al\u00e9m de ser professor no Col\u00e9gio La Salle<\/p>\n<p>Para in\u00edcio de conversa, s\u00e3o tempos bem distintos:<\/p>\n<p>\u201cNa nossa \u00e9poca de jogador a modalidade era muito mais forte, apesar de n\u00e3o ter os investimentos de hoje\u201d \u2013 Bolsa Atleta, Lei de Incentivo, patroc\u00ednio das estatais, etc \u2013 avalia Gilberto.<\/p>\n<p>Por \u201cmais forte\u201d entenda-se, tamb\u00e9m, os campeonatos. Eram muito mais disputados entre os dez clubes de ent\u00e3o. Havia mais equil\u00edbrio entre as equipes.<\/p>\n<p>\u201cHoje n\u00e3o. Em n\u00edvel nacional \u00e9 o Pinheiros, o Taubat\u00e9 e mais um time\u201d, compara Gilberto. \u201cE isso ocorre nas demais modalidades. N\u00e3o \u00e9 s\u00f3 no handebol, n\u00e3o!\u201d<\/p>\n<p>Os investimentos financeiros contam nessa avalia\u00e7\u00e3o. Os empres\u00e1rios paulistas, por exemplo, eram \u00f3timos nos patroc\u00ednios, o que facilitava nas contrata\u00e7\u00f5es de jogadores, deixando um legado daquelas temporadas.<\/p>\n<p>Gilberto avalia que o handebol brasileiro ganhou grande impulso na prepara\u00e7\u00e3o do pa\u00eds para os Jogos Ol\u00edmpicos Rio 2016. Naquela ocasi\u00e3o, o Comit\u00ea Ol\u00edmpico do Brasil contratou o renomado t\u00e9cnico espanhol Juan Oliver, quando treinou a equipe feminina entre 2004 e 2008.<\/p>\n<p>A partir desse interc\u00e2mbio com o espanhol, cresceu a presen\u00e7a de atletas brasileiros em times europeus, onde se disputam os mais fortes campeonatos do mundo.<\/p>\n<p>\u201cJ\u00e1 no Brasil, temos poucos times de ponta. No masculino se destacam o Praia Clube, de Uberl\u00e2ndia, o Pinheiros e o Taubat\u00e9, de S\u00e3o Paulo. E no feminino \u00e9 o Pinheiros, o Conc\u00f3rdia, de Blumenau e o S\u00e3o Bernardo\u201d.<\/p>\n<p>Ronaldo lembra que, quando jogador, chegou a negociar a sua ida para o Benfica, de Portugal, em 1989. Por\u00e9m, ele n\u00e3o concretizou essa sa\u00edda porque o clube j\u00e1 tinha um jogador romeno, quando era permitido apenas um estrangeiro por agremia\u00e7;ao. Na mesma ocasi\u00e3o, recebeu uma \u00f3tima proposta do S\u00edrio, de S\u00e3o Paulo, onde foi jogar.<\/p>\n<p>\u201cS\u00e3o Paulo \u00e9 a for\u00e7a do handebol no pa\u00eds. Tem v\u00e1rios e bons times, a maioria com \u00f3timos apoios empresariais, o que ajuda a contratar os melhores jogadores do pa\u00eds\u201d, explica Ronaldo.<\/p>\n<p>Em Bras\u00edlia s\u00e3o sete clubes federados, mas neste ano de 2024 a expectativa \u00e9 que o campeonato local re\u00fana 12 entidades. A modalidade \u00e9 muito praticada na cidade, a partir da escola, a grande fornecedora de jogadores para os times. Nas Olimp\u00edadas da Ceil\u00e2ndia, anualmente, s\u00e3o oito times no handebol masculino e oito no feminino. \u201cEsse n\u00famero de equipes mostra o potencial daquela cidade\u201d, exemplifica Ronaldo.<\/p>\n<blockquote><p><strong><em>\u201cCom isso, trabalho na Federa\u00e7\u00e3o para que Bras\u00edlia volte a ter equipes fortes e de boa representatividade nacionais, como foi no passado\u201d<\/em><\/strong><\/p><\/blockquote>\n<p><strong>\u00a0<\/strong><strong>Em Bras\u00edlia<\/strong><\/p>\n<p>O handebol em Bras\u00edlia come\u00e7ou a ser praticado j\u00e1 no ano de funda\u00e7\u00e3o da cidade, 1960, por iniciativa de um basqueteiro nato, o professor Pedro Rodrigues.<\/p>\n<p>Naquela \u00e9poca, a federa\u00e7\u00e3o de handebol era um departamento da Federa\u00e7\u00e3o Desportiva de Bras\u00edlia que, mais tarde, tornou-se independente, como as demais modalidades, por decis\u00e3o do Conselho Nacional de Desporto, o CND.<\/p>\n<p><strong>\u00a0<\/strong><strong>Momento hist\u00f3rico<\/strong><\/p>\n<p><strong>\u00a0<\/strong>Foram muitos t\u00edtulos e p\u00f3dios conquistados ao longo da carreira. Mas, Gilberto guarda com carinho a emo\u00e7\u00e3o especial o momento da premia\u00e7\u00e3o com a medalha de prata nos Jogos Pan-Americanos de Cuba, 1991, entregues pelo ent\u00e3o Comandante Fidel Castro, incentivador do esporte na Ilha e, na foto, com a Sele\u00e7\u00e3o Brasileira de Handebol.<\/p>\n<p><a href=\"https:\/\/memoriadaculturaesportebsb.com.br\/wp-content\/uploads\/2024\/03\/gilberto6.jpg\"><img loading=\"lazy\" decoding=\"async\" class=\"aligncenter size-large wp-image-2376\" src=\"https:\/\/memoriadaculturaesportebsb.com.br\/wp-content\/uploads\/2024\/03\/gilberto6-1024x893.jpg\" alt=\"\" width=\"618\" height=\"539\" srcset=\"https:\/\/memoriadaculturaesportebsb.com.br\/wp-content\/uploads\/2024\/03\/gilberto6-1024x893.jpg 1024w, https:\/\/memoriadaculturaesportebsb.com.br\/wp-content\/uploads\/2024\/03\/gilberto6-300x262.jpg 300w, https:\/\/memoriadaculturaesportebsb.com.br\/wp-content\/uploads\/2024\/03\/gilberto6-768x670.jpg 768w, https:\/\/memoriadaculturaesportebsb.com.br\/wp-content\/uploads\/2024\/03\/gilberto6.jpg 1067w\" sizes=\"auto, (max-width: 618px) 100vw, 618px\" \/><\/a><\/p>\n<p>&nbsp;<\/p>\n","protected":false},"excerpt":{"rendered":"<p>Por H\u00e9lio Tremendani e Jos\u00e9 Cruz \u00a0Gilberto de Jesus Cardoso, um dos orgulhos do esporte na capital da Rep\u00fablica, foi formado na mais leg\u00edtima \u201cGera\u00e7\u00e3o Bras\u00edlia\u201d de atletas candangos. \u00a0Com 10 anos de idade, ele poderia ter encaminhado a sua carreira para o futebol ou para o basquete, pois a sua altura j\u00e1 batia nos &hellip;<\/p>\n","protected":false},"author":2,"featured_media":2373,"comment_status":"closed","ping_status":"closed","sticky":false,"template":"","format":"standard","meta":{"footnotes":""},"categories":[13,3,6,4,16,14],"tags":[],"class_list":["post-2370","post","type-post","status-publish","format-standard","has-post-thumbnail","","category-colunistas","category-destaque","category-entrevistas","category-esporte","category-helio-tremendani","category-jose-cruz"],"_links":{"self":[{"href":"https:\/\/memoriadaculturaesportebsb.com.br\/index.php\/wp-json\/wp\/v2\/posts\/2370","targetHints":{"allow":["GET"]}}],"collection":[{"href":"https:\/\/memoriadaculturaesportebsb.com.br\/index.php\/wp-json\/wp\/v2\/posts"}],"about":[{"href":"https:\/\/memoriadaculturaesportebsb.com.br\/index.php\/wp-json\/wp\/v2\/types\/post"}],"author":[{"embeddable":true,"href":"https:\/\/memoriadaculturaesportebsb.com.br\/index.php\/wp-json\/wp\/v2\/users\/2"}],"replies":[{"embeddable":true,"href":"https:\/\/memoriadaculturaesportebsb.com.br\/index.php\/wp-json\/wp\/v2\/comments?post=2370"}],"version-history":[{"count":2,"href":"https:\/\/memoriadaculturaesportebsb.com.br\/index.php\/wp-json\/wp\/v2\/posts\/2370\/revisions"}],"predecessor-version":[{"id":2378,"href":"https:\/\/memoriadaculturaesportebsb.com.br\/index.php\/wp-json\/wp\/v2\/posts\/2370\/revisions\/2378"}],"wp:featuredmedia":[{"embeddable":true,"href":"https:\/\/memoriadaculturaesportebsb.com.br\/index.php\/wp-json\/wp\/v2\/media\/2373"}],"wp:attachment":[{"href":"https:\/\/memoriadaculturaesportebsb.com.br\/index.php\/wp-json\/wp\/v2\/media?parent=2370"}],"wp:term":[{"taxonomy":"category","embeddable":true,"href":"https:\/\/memoriadaculturaesportebsb.com.br\/index.php\/wp-json\/wp\/v2\/categories?post=2370"},{"taxonomy":"post_tag","embeddable":true,"href":"https:\/\/memoriadaculturaesportebsb.com.br\/index.php\/wp-json\/wp\/v2\/tags?post=2370"}],"curies":[{"name":"wp","href":"https:\/\/api.w.org\/{rel}","templated":true}]}}