{"id":2352,"date":"2024-03-04T08:39:35","date_gmt":"2024-03-04T11:39:35","guid":{"rendered":"https:\/\/memoriadaculturaesportebsb.com.br\/?p=2352"},"modified":"2024-03-04T08:51:55","modified_gmt":"2024-03-04T11:51:55","slug":"marreta-um-candango-com-muitas-historias","status":"publish","type":"post","link":"https:\/\/memoriadaculturaesportebsb.com.br\/index.php\/2024\/03\/04\/marreta-um-candango-com-muitas-historias\/","title":{"rendered":"MARRETA, um Candango com muitas hist\u00f3rias"},"content":{"rendered":"<p><strong>Por Jos\u00e9 Cruz<\/strong><\/p>\n<p><strong><em>Na festa de seus 84 anos, Marreta, incentivador das peladas em Bras\u00edlia, relembra \u201caqueles tempos\u201d, \u00e9 homenageado pela fam\u00edlia e amigos e promete abrir os seus arquivos de sessenta e tantos ano sobre a hist\u00f3ria do futebol na capital da Rep\u00fablica<\/em><\/strong><\/p>\n<figure id=\"attachment_2353\" aria-describedby=\"caption-attachment-2353\" style=\"width: 618px\" class=\"wp-caption aligncenter\"><a href=\"https:\/\/memoriadaculturaesportebsb.com.br\/wp-content\/uploads\/2024\/03\/m1.jpg\"><img loading=\"lazy\" decoding=\"async\" class=\"size-large wp-image-2353\" src=\"https:\/\/memoriadaculturaesportebsb.com.br\/wp-content\/uploads\/2024\/03\/m1-781x1024.jpg\" alt=\"\" width=\"618\" height=\"810\" srcset=\"https:\/\/memoriadaculturaesportebsb.com.br\/wp-content\/uploads\/2024\/03\/m1-781x1024.jpg 781w, https:\/\/memoriadaculturaesportebsb.com.br\/wp-content\/uploads\/2024\/03\/m1-229x300.jpg 229w, https:\/\/memoriadaculturaesportebsb.com.br\/wp-content\/uploads\/2024\/03\/m1-768x1007.jpg 768w, https:\/\/memoriadaculturaesportebsb.com.br\/wp-content\/uploads\/2024\/03\/m1.jpg 878w\" sizes=\"auto, (max-width: 618px) 100vw, 618px\" \/><\/a><figcaption id=\"caption-attachment-2353\" class=\"wp-caption-text\">Marreta, com sua Mulher, Cleide, organizadora da festa para o hist\u00f3rico candango<\/figcaption><\/figure>\n<p>O cearense Raimundo Ribeiro Campos desembarcou em Bras\u00edlia em 1960, quando estava com 20 anos. Seu pai, Manoel, j\u00e1 estava por aqui, aonde chegou com mais 100 candangos para construir pr\u00e9dios residenciais nas quadras 400 da Asa Sul.<\/p>\n<p>\u201cViciado\u201d em futebol, bom de bola e com a fama de que era \u201co rei da praia\u201d, em Fortaleza, onde morava, logo se vinculou ao Defel\u00ea \u2013 Departamento de For\u00e7a e Luz \u2013 um dos clubes de destaques daqueles tempos. Depois, jogou no Rabello, outra \u201cpot\u00eancia\u201d no futebol dos primeiros anos da nova capital.<\/p>\n<p>Certo dia, num dos jogos que disputava, Raimundo foi reconhecido por um conterr\u00e2neo, que indagou aos demais se aquele jogador forte e de jogo pesado era o \u201cMarreta\u201d.<\/p>\n<p>Pronto! Nunca mais Raimundo foi chamado pelo nome pr\u00f3prio. E Marreta ficou at\u00e9 hoje, sessenta e tantos anos depois. Mas, por que Marreta? \u2013 quis saber.<\/p>\n<blockquote><p><strong><em>\u201cMe apelidaram de Marreta pela forma \u2018delicada\u2019 como eu enfrentava e desarmava os advers\u00e1rios, em campo\u201d<\/em><\/strong><\/p><\/blockquote>\n<p>A risada foi larga e incentivou o papo, que rolou por uma hora, com lembran\u00e7as maravilhosas que ele contou, antes de os convidados chegarem para o almo\u00e7o de seus 84 anos, na AABB de Bras\u00edlia, seu reduto de trabalho e muito futebol por longos anos.<\/p>\n<figure id=\"attachment_2354\" aria-describedby=\"caption-attachment-2354\" style=\"width: 300px\" class=\"wp-caption aligncenter\"><a href=\"https:\/\/memoriadaculturaesportebsb.com.br\/wp-content\/uploads\/2024\/03\/m2.jpg\"><img loading=\"lazy\" decoding=\"async\" class=\"size-medium wp-image-2354\" src=\"https:\/\/memoriadaculturaesportebsb.com.br\/wp-content\/uploads\/2024\/03\/m2-300x215.jpg\" alt=\"\" width=\"300\" height=\"215\" srcset=\"https:\/\/memoriadaculturaesportebsb.com.br\/wp-content\/uploads\/2024\/03\/m2-300x215.jpg 300w, https:\/\/memoriadaculturaesportebsb.com.br\/wp-content\/uploads\/2024\/03\/m2-768x551.jpg 768w, https:\/\/memoriadaculturaesportebsb.com.br\/wp-content\/uploads\/2024\/03\/m2.jpg 961w\" sizes=\"auto, (max-width: 300px) 100vw, 300px\" \/><\/a><figcaption id=\"caption-attachment-2354\" class=\"wp-caption-text\">Com Sandra Reis, amiga de longa data: \u201cEle \u00e9 uma pessoa maravilhosa\u201d<\/figcaption><\/figure>\n<p>No meio da conversa Marreta refor\u00e7ou que o apelido foi por isso mesmo, pois quando se aproximava para desarmar um advers\u00e1rio \u201cera como uma marreta, batia forte\u201d&#8230; Mais risos desse simp\u00e1tico personagem, que se emociona ao lembrar de sua juventude.<\/p>\n<p><strong>A Pelada<\/strong><\/p>\n<p>Marreta n\u00e3o se convencia de que o futebol parasse a cada final de ano. \u201cEm vez de jogar bola, a turma ia pros bares tomar pinga e cerveja\u201d, recorda. Aquilo o incomodava.<\/p>\n<p>Assim, com os campeonatos encerrados, ele decidiu preencher os s\u00e1bados e domingos com peladas, times que se formavam entre amigos, \u201cs\u00f3 para bater uma bolinha\u201d.<\/p>\n<p>A primeira pelada foi na pr\u00f3pria AABB. Marreta conversou com o presidente da \u00e9poca que gostou da ideia e desafiou: \u201cFaz o teu time que eu vou fazer o meu\u201d. A turma come\u00e7ou a se organizar para jogar a \u201cPelada do Marreta\u201d, jogo que pegou fama e passou a integrar o calend\u00e1rio de encerramento de temporada do futebol, repetindo-se por d\u00e9cadas.<\/p>\n<blockquote><p><strong><em>\u201cA festa era boa. Depois do jogo tinha bebida e comida. Era coisa pra confraternizar, mesmo\u201d. A Pelada do Marreta ganhou fama e a imprensa esportiva sempre dava boa cobertura, pois as novidades vinham de fora e rendiam boas reportagens\u201d.<\/em><\/strong><\/p><\/blockquote>\n<p><strong>Refor\u00e7os de luxo<\/strong><\/p>\n<p>Com as festas de final de ano, muitos jogadores da cidade que atuavam em outros clubes vinham visitar os seus familiares. \u201cE aproveitavam para refor\u00e7ar os times de peladeiros daquele ano\u201d, relembra Marreta, citando o goleiro Paulo Victor e o lateral L\u00facio como ass\u00edduos nas \u201cpeladas\u201d que promovia.<\/p>\n<p>Marreta contou que at\u00e9 o bicampe\u00e3o mundial, Nilton Santos, logo que veio morar em Bras\u00edlia, refor\u00e7ou o time dos peladeiros. \u00a0Os rep\u00f3rteres Z\u00e9 Natal e Paulo Rossi, tamb\u00e9m foram \u201cconvocados\u201d e jogaram algumas peladas.<\/p>\n<p>\u201cMarreta \u00e9 uma pessoa maravilhosa\u201d, resumiu Lind\u00e1rio, um ex-meio-campista que foi abra\u00e7ar o amigo na festa de seu anivers\u00e1rio.<\/p>\n<figure id=\"attachment_2355\" aria-describedby=\"caption-attachment-2355\" style=\"width: 618px\" class=\"wp-caption aligncenter\"><a href=\"https:\/\/memoriadaculturaesportebsb.com.br\/wp-content\/uploads\/2024\/03\/m3.jpg\"><img loading=\"lazy\" decoding=\"async\" class=\"size-large wp-image-2355\" src=\"https:\/\/memoriadaculturaesportebsb.com.br\/wp-content\/uploads\/2024\/03\/m3-1024x694.jpg\" alt=\"\" width=\"618\" height=\"419\" srcset=\"https:\/\/memoriadaculturaesportebsb.com.br\/wp-content\/uploads\/2024\/03\/m3-1024x694.jpg 1024w, https:\/\/memoriadaculturaesportebsb.com.br\/wp-content\/uploads\/2024\/03\/m3-300x203.jpg 300w, https:\/\/memoriadaculturaesportebsb.com.br\/wp-content\/uploads\/2024\/03\/m3-768x521.jpg 768w, https:\/\/memoriadaculturaesportebsb.com.br\/wp-content\/uploads\/2024\/03\/m3-110x75.jpg 110w, https:\/\/memoriadaculturaesportebsb.com.br\/wp-content\/uploads\/2024\/03\/m3.jpg 1053w\" sizes=\"auto, (max-width: 618px) 100vw, 618px\" \/><\/a><figcaption id=\"caption-attachment-2355\" class=\"wp-caption-text\">Marreta, com a fam\u00edlia, na tradicional foto de anivers\u00e1rio<\/figcaption><\/figure>\n<p><strong><em>O neto<\/em><\/strong><\/p>\n<p>Marreta estava emotivo no dia de sua festa. Mas um desses personagens mudava esse semblante e sempre faz a diferen\u00e7a quando chega: \u00e9 o seu netinho, Felipe, de tr\u00eas aninhos.<\/p>\n<p>Simp\u00e1tico e falante, Felipe respondeu \u00e0 curiosidade de rep\u00f3rter: \u201cO Vov\u00f4 \u00e9 mesmo legal\u201d?<\/p>\n<p>&#8211; \u00c9 sim. Ele faz tudo o que eu quiser\u201d&#8230; respondeu o garotinho, provocando em Marreta uma emo\u00e7\u00e3o bonita de se ver.<\/p>\n<p><strong>\u00a0<\/strong><\/p>\n<figure id=\"attachment_2356\" aria-describedby=\"caption-attachment-2356\" style=\"width: 618px\" class=\"wp-caption aligncenter\"><a href=\"https:\/\/memoriadaculturaesportebsb.com.br\/wp-content\/uploads\/2024\/03\/m4.jpg\"><img loading=\"lazy\" decoding=\"async\" class=\"size-large wp-image-2356\" src=\"https:\/\/memoriadaculturaesportebsb.com.br\/wp-content\/uploads\/2024\/03\/m4-810x1024.jpg\" alt=\"\" width=\"618\" height=\"781\" \/><\/a><figcaption id=\"caption-attachment-2356\" class=\"wp-caption-text\">O Vov\u00f4 e o netinho: parceirinhos, como manda a regra<\/figcaption><\/figure>\n<p>A festa de anivers\u00e1rio de Marreta foi organizada por sua mulher, Cleide, com o apoio de amigas e amigos. Eles criaram, inclusive, uma camiseta comemorativa com uma charge simbolizando o aniversariante. E na parte de tr\u00e1s da camiseta manaram gravarar um sugestivo pensamento do consagrado ator e escritor ingl\u00eas, William Shakespeare:<\/p>\n<figure id=\"attachment_2357\" aria-describedby=\"caption-attachment-2357\" style=\"width: 618px\" class=\"wp-caption aligncenter\"><a href=\"https:\/\/memoriadaculturaesportebsb.com.br\/wp-content\/uploads\/2024\/03\/m5.jpg\"><img loading=\"lazy\" decoding=\"async\" class=\"size-large wp-image-2357\" src=\"https:\/\/memoriadaculturaesportebsb.com.br\/wp-content\/uploads\/2024\/03\/m5-1024x921.jpg\" alt=\"\" width=\"618\" height=\"556\" srcset=\"https:\/\/memoriadaculturaesportebsb.com.br\/wp-content\/uploads\/2024\/03\/m5-1024x921.jpg 1024w, https:\/\/memoriadaculturaesportebsb.com.br\/wp-content\/uploads\/2024\/03\/m5-300x270.jpg 300w, https:\/\/memoriadaculturaesportebsb.com.br\/wp-content\/uploads\/2024\/03\/m5-768x690.jpg 768w, https:\/\/memoriadaculturaesportebsb.com.br\/wp-content\/uploads\/2024\/03\/m5.jpg 1118w\" sizes=\"auto, (max-width: 618px) 100vw, 618px\" \/><\/a><figcaption id=\"caption-attachment-2357\" class=\"wp-caption-text\">Marreta, de costas, com o amigo e ex-peladeiro Carlos Ant\u00f4nio Rodrigues<\/figcaption><\/figure>\n<p><strong><a href=\"https:\/\/memoriadaculturaesportebsb.com.br\/wp-content\/uploads\/2024\/03\/m6.jpg\"><img loading=\"lazy\" decoding=\"async\" class=\"alignleft size-thumbnail wp-image-2358\" src=\"https:\/\/memoriadaculturaesportebsb.com.br\/wp-content\/uploads\/2024\/03\/m6-149x150.jpg\" alt=\"\" width=\"149\" height=\"150\" srcset=\"https:\/\/memoriadaculturaesportebsb.com.br\/wp-content\/uploads\/2024\/03\/m6-149x150.jpg 149w, https:\/\/memoriadaculturaesportebsb.com.br\/wp-content\/uploads\/2024\/03\/m6-70x70.jpg 70w, https:\/\/memoriadaculturaesportebsb.com.br\/wp-content\/uploads\/2024\/03\/m6-120x120.jpg 120w\" sizes=\"auto, (max-width: 149px) 100vw, 149px\" \/><\/a>Aos leitores:<\/strong><\/p>\n<p>O Massagista An\u00edsio, que completou 90 anos em janeiro, j\u00e1 foi entrevistado por este site. Agora ser\u00e1 a vez de Marreta, seis mais novo, por\u00e9m contempor\u00e2neo de An\u00edsio. Ele tamb\u00e9m se disp\u00f4s contar sobre a sua viv\u00eancia desde as origens do futebol de Bras\u00edlia, do qual \u00e9, personagem de destaque, quer como atleta, massagista e promotor de eventos.<\/p>\n<p><em>\u00a0<\/em><\/p>\n","protected":false},"excerpt":{"rendered":"<p>Por Jos\u00e9 Cruz Na festa de seus 84 anos, Marreta, incentivador das peladas em Bras\u00edlia, relembra \u201caqueles tempos\u201d, \u00e9 homenageado pela fam\u00edlia e amigos e promete abrir os seus arquivos de sessenta e tantos ano sobre a hist\u00f3ria do futebol na capital da Rep\u00fablica O cearense Raimundo Ribeiro Campos desembarcou em Bras\u00edlia em 1960, quando &hellip;<\/p>\n","protected":false},"author":2,"featured_media":2356,"comment_status":"closed","ping_status":"closed","sticky":false,"template":"","format":"standard","meta":{"footnotes":""},"categories":[13,6,4,14],"tags":[],"class_list":["post-2352","post","type-post","status-publish","format-standard","has-post-thumbnail","","category-colunistas","category-entrevistas","category-esporte","category-jose-cruz"],"_links":{"self":[{"href":"https:\/\/memoriadaculturaesportebsb.com.br\/index.php\/wp-json\/wp\/v2\/posts\/2352","targetHints":{"allow":["GET"]}}],"collection":[{"href":"https:\/\/memoriadaculturaesportebsb.com.br\/index.php\/wp-json\/wp\/v2\/posts"}],"about":[{"href":"https:\/\/memoriadaculturaesportebsb.com.br\/index.php\/wp-json\/wp\/v2\/types\/post"}],"author":[{"embeddable":true,"href":"https:\/\/memoriadaculturaesportebsb.com.br\/index.php\/wp-json\/wp\/v2\/users\/2"}],"replies":[{"embeddable":true,"href":"https:\/\/memoriadaculturaesportebsb.com.br\/index.php\/wp-json\/wp\/v2\/comments?post=2352"}],"version-history":[{"count":1,"href":"https:\/\/memoriadaculturaesportebsb.com.br\/index.php\/wp-json\/wp\/v2\/posts\/2352\/revisions"}],"predecessor-version":[{"id":2359,"href":"https:\/\/memoriadaculturaesportebsb.com.br\/index.php\/wp-json\/wp\/v2\/posts\/2352\/revisions\/2359"}],"wp:featuredmedia":[{"embeddable":true,"href":"https:\/\/memoriadaculturaesportebsb.com.br\/index.php\/wp-json\/wp\/v2\/media\/2356"}],"wp:attachment":[{"href":"https:\/\/memoriadaculturaesportebsb.com.br\/index.php\/wp-json\/wp\/v2\/media?parent=2352"}],"wp:term":[{"taxonomy":"category","embeddable":true,"href":"https:\/\/memoriadaculturaesportebsb.com.br\/index.php\/wp-json\/wp\/v2\/categories?post=2352"},{"taxonomy":"post_tag","embeddable":true,"href":"https:\/\/memoriadaculturaesportebsb.com.br\/index.php\/wp-json\/wp\/v2\/tags?post=2352"}],"curies":[{"name":"wp","href":"https:\/\/api.w.org\/{rel}","templated":true}]}}