{"id":2290,"date":"2024-02-20T18:27:32","date_gmt":"2024-02-20T21:27:32","guid":{"rendered":"https:\/\/memoriadaculturaesportebsb.com.br\/?p=2290"},"modified":"2024-02-20T18:27:32","modified_gmt":"2024-02-20T21:27:32","slug":"o-feitico-acabou-sera","status":"publish","type":"post","link":"https:\/\/memoriadaculturaesportebsb.com.br\/index.php\/2024\/02\/20\/o-feitico-acabou-sera\/","title":{"rendered":"O \u201cFeiti\u00e7o\u201d acabou. Ser\u00e1?"},"content":{"rendered":"<p>Por\u00a0Jos\u00e9 Cruz<\/p>\n<p>O fechamento do Feiti\u00e7o das Artes \u2013 Feiti\u00e7o Mineiro, na origem \u2013 \u00e9 mais um ambiente de refer\u00eancia da cultura e da boemia da cidade que se vai. Marca registrada da boa m\u00fasica, agora vazio e silencioso, o Feiti\u00e7o encerra 34 anos de noitadas de grandes apresenta\u00e7\u00f5es.<\/p>\n<figure id=\"attachment_2291\" aria-describedby=\"caption-attachment-2291\" style=\"width: 505px\" class=\"wp-caption aligncenter\"><a href=\"https:\/\/memoriadaculturaesportebsb.com.br\/wp-content\/uploads\/2024\/02\/feitico1.jpg\"><img loading=\"lazy\" decoding=\"async\" class=\"wp-image-2291 size-large\" src=\"https:\/\/memoriadaculturaesportebsb.com.br\/wp-content\/uploads\/2024\/02\/feitico1-505x1024.jpg\" alt=\"\" width=\"505\" height=\"1024\" srcset=\"https:\/\/memoriadaculturaesportebsb.com.br\/wp-content\/uploads\/2024\/02\/feitico1-505x1024.jpg 505w, https:\/\/memoriadaculturaesportebsb.com.br\/wp-content\/uploads\/2024\/02\/feitico1-148x300.jpg 148w, https:\/\/memoriadaculturaesportebsb.com.br\/wp-content\/uploads\/2024\/02\/feitico1.jpg 676w\" sizes=\"auto, (max-width: 505px) 100vw, 505px\" \/><\/a><figcaption id=\"caption-attachment-2291\" class=\"wp-caption-text\">Foto: Jos\u00e9 Cruz<\/figcaption><\/figure>\n<p><strong>\u00daltimo show<\/strong><\/p>\n<p>Dois encontros marcaram esse final. O primeiro em 30 de dezembro passado, com o bandolinista Ian Coury ocupando o tradicional palco do espa\u00e7o interno.<\/p>\n<p>A segunda despedida foi no \u00faltimo s\u00e1bado de janeiro, quando a paulista de Santo Andr\u00e9, Kathiely Santos, desde 2016 em Bras\u00edlia, promoveu um \u201cAbra\u00e7o ao Feiti\u00e7o\u201d, reunindo no espa\u00e7o externo \u201cfrequentadores, entusiastas, artistas, cujas hist\u00f3rias se entrela\u00e7aram \u00e0 do Feiti\u00e7o\u201d.<\/p>\n<p>Ali compareceram os artistas que todas as segundas-feiras se revezavam no programa \u201cM\u00fasica e Poesia para Todos\u201d, espa\u00e7o aberto para os talentos da cidade e arredores.<\/p>\n<figure id=\"attachment_2292\" aria-describedby=\"caption-attachment-2292\" style=\"width: 618px\" class=\"wp-caption aligncenter\"><a href=\"https:\/\/memoriadaculturaesportebsb.com.br\/wp-content\/uploads\/2024\/02\/feitico-2.jpg\"><img loading=\"lazy\" decoding=\"async\" class=\"wp-image-2292 size-large\" src=\"https:\/\/memoriadaculturaesportebsb.com.br\/wp-content\/uploads\/2024\/02\/feitico-2-1024x989.jpg\" alt=\"\" width=\"618\" height=\"597\" srcset=\"https:\/\/memoriadaculturaesportebsb.com.br\/wp-content\/uploads\/2024\/02\/feitico-2-1024x989.jpg 1024w, https:\/\/memoriadaculturaesportebsb.com.br\/wp-content\/uploads\/2024\/02\/feitico-2-300x290.jpg 300w, https:\/\/memoriadaculturaesportebsb.com.br\/wp-content\/uploads\/2024\/02\/feitico-2-768x742.jpg 768w, https:\/\/memoriadaculturaesportebsb.com.br\/wp-content\/uploads\/2024\/02\/feitico-2-1536x1484.jpg 1536w, https:\/\/memoriadaculturaesportebsb.com.br\/wp-content\/uploads\/2024\/02\/feitico-2.jpg 1600w\" sizes=\"auto, (max-width: 618px) 100vw, 618px\" \/><\/a><figcaption id=\"caption-attachment-2292\" class=\"wp-caption-text\">O \u00faltimo show no Feiti\u00e7o das Artes: saudade<\/figcaption><\/figure>\n<p><strong><em>\u00a0<\/em><\/strong>\u201cEra um projeto muito querido que se unia pela arte e, agora, se uniu para a despedida\u201d, disse Kathiely.<\/p>\n<p>\u201cEla me fez essa surpresa musical\u201d, afirmou Joel de Oliveira, um dos tr\u00eas s\u00f3cios do Feiti\u00e7o das Artes; os outros dois eram Jerson Alvim e Djalma Queiroz.<\/p>\n<figure id=\"attachment_2293\" aria-describedby=\"caption-attachment-2293\" style=\"width: 566px\" class=\"wp-caption aligncenter\"><a href=\"https:\/\/memoriadaculturaesportebsb.com.br\/wp-content\/uploads\/2024\/02\/feitico-3.jpg\"><img loading=\"lazy\" decoding=\"async\" class=\"size-full wp-image-2293\" src=\"https:\/\/memoriadaculturaesportebsb.com.br\/wp-content\/uploads\/2024\/02\/feitico-3.jpg\" alt=\"\" width=\"566\" height=\"546\" srcset=\"https:\/\/memoriadaculturaesportebsb.com.br\/wp-content\/uploads\/2024\/02\/feitico-3.jpg 566w, https:\/\/memoriadaculturaesportebsb.com.br\/wp-content\/uploads\/2024\/02\/feitico-3-300x289.jpg 300w\" sizes=\"auto, (max-width: 566px) 100vw, 566px\" \/><\/a><figcaption id=\"caption-attachment-2293\" class=\"wp-caption-text\">Joel, sambista que quer dar continuidade ao \u201cFeiti\u00e7o\u201d, recebe o abra\u00e7o de Kathiely (Foto: Matheus Alves)<\/figcaption><\/figure>\n<p>Sem d\u00favidas, a Comercial da 306 Norte ficou culturalmente mais escura, sem as luzes daquele reduto de sambistas, intelectuais, jornalistas, pol\u00edticos, bo\u00eamios, amantes da MPB, do bom samba, do blues, da m\u00fasica latina, enfim. E fica, tamb\u00e9m, a saudade do tempo em que Jaguar e Ziraldo faziam daquele espa\u00e7o o reduto de lazer nas suas vindas a Bras\u00edlia.<\/p>\n<p><strong>O in\u00edcio<\/strong><\/p>\n<figure id=\"attachment_2294\" aria-describedby=\"caption-attachment-2294\" style=\"width: 180px\" class=\"wp-caption alignleft\"><a href=\"https:\/\/memoriadaculturaesportebsb.com.br\/wp-content\/uploads\/2024\/02\/jorge-ferreira.jpg\"><img loading=\"lazy\" decoding=\"async\" class=\"size-full wp-image-2294\" src=\"https:\/\/memoriadaculturaesportebsb.com.br\/wp-content\/uploads\/2024\/02\/jorge-ferreira.jpg\" alt=\"\" width=\"180\" height=\"164\" \/><\/a><figcaption id=\"caption-attachment-2294\" class=\"wp-caption-text\">JORGE FERREIRA,<br \/>O EMPREENDEDOR MUSICAL E CRIADOR DO \u201cFEITI\u00c7O MINEIRO\u201d<\/figcaption><\/figure>\n<p>O Feiti\u00e7o foi criado em 1989, por Jorge Ferreira. Mineiro, professor, poeta, soci\u00f3logo, m\u00fasico e amante do Clube da Esquina, Jorge tamb\u00e9m criou o Bar Brasil, o Bar Bras\u00edlia, o Armaz\u00e9m do Ferreira, Mercado Central, Bar Brahma e o Feiti\u00e7o Mineiro. O Feiti\u00e7o, em especial, fazia parte dessa rede voltada para a gastronomia, o incentivo e a difus\u00e3o da cultural musical.<\/p>\n<p>De tal forma, que nos anos 2000 o melhor da Velha Guarda e estrelas maiores do samba nacional desfilaram naquele pequeno, mas embalado palco, em programa\u00e7\u00f5es de Jerson Alvim: Jorge Arag\u00e3o, Baden Powell, Nelson Sargento, Elton Medeiros, Monarco, Nei Lopes, Wilson das Neves, Wilson Moreira, Jo\u00e3o Bosco, Dona Ivone Lara&#8230;<\/p>\n<p>Em outras \u00e9pocas foram Paulinho Tapaj\u00f3s, Clodo Ferreira, Mart\u00b4n\u00e1lia, Claudete Soares, Maria Alcina, Cl\u00e1udia Telles&#8230;<\/p>\n<p>Quando o Feiti\u00e7o completou 25 anos, em 2014, Jerson tamb\u00e9m produziu shows tamb\u00e9m inesquec\u00edveis: L\u00f4 Borges, Beto Guedes, Toninho Horta, Wagner Tiso e Fl\u00e1vio Venturini. Tavinho Moura e Fernando Brant e por a\u00ed vai&#8230;<\/p>\n<p>Jerson, agora com 83 anos, pediu um tempo para conversar sobre esse assunto triste do seu ambiente por d\u00e9cadas. Mas, o profissional que comandou o Canec\u00e3o por 27 anos, em duas etapas, antecipa que, para ele, a \u201cEra Feiti\u00e7o\u201d acabou.<\/p>\n<p>Joel, por sua vez, vai insistir no projeto e afirma que poder\u00e1 haver \u201csurpresas\u201d, pois est\u00e1 procurando novo local para que o Feiti\u00e7o das Artes ressurja.<\/p>\n<figure id=\"attachment_2295\" aria-describedby=\"caption-attachment-2295\" style=\"width: 191px\" class=\"wp-caption alignleft\"><a href=\"https:\/\/memoriadaculturaesportebsb.com.br\/wp-content\/uploads\/2024\/02\/jerson.jpg\"><img loading=\"lazy\" decoding=\"async\" class=\"size-medium wp-image-2295\" src=\"https:\/\/memoriadaculturaesportebsb.com.br\/wp-content\/uploads\/2024\/02\/jerson-191x300.jpg\" alt=\"\" width=\"191\" height=\"300\" srcset=\"https:\/\/memoriadaculturaesportebsb.com.br\/wp-content\/uploads\/2024\/02\/jerson-191x300.jpg 191w, https:\/\/memoriadaculturaesportebsb.com.br\/wp-content\/uploads\/2024\/02\/jerson.jpg 501w\" sizes=\"auto, (max-width: 191px) 100vw, 191px\" \/><\/a><figcaption id=\"caption-attachment-2295\" class=\"wp-caption-text\">Jerson Alvin<\/figcaption><\/figure>\n<p><strong>Entrevista<\/strong><\/p>\n<p>H\u00e1 um ano e pouco, entrevistei Jerson Alvim sobre os tempos em que ele dirigiu o Canec\u00e3o, por 27 anos, a mais famosa casa de espet\u00e1culos musicais do pa\u00eds, fechado em 2008, no Rio de Janeiro. O papo foi refor\u00e7ado com a presen\u00e7a do companheiro H\u00e9lio Tremendani, carnavalesco, ex-presidente da ARUC e grande conhecedor do roteiro hist\u00f3rico, musical e art\u00edstico de Bras\u00edlia. Naquela ocasi\u00e3o, Gerson terminou a entrevista com a seguinte declara\u00e7\u00e3o:<\/p>\n<p><strong>\u201c<em>Vou viver o meu dia a dia. Eu gosto \u00e9 de samba<\/em>\u201d<\/strong><\/p>\n<p><strong><em>Jerson, em entrevista ao Mem\u00f3ria da Cultura e do Esporte em Bras\u00edlia<\/em><\/strong><\/p>\n<p>Naquela conversa, j\u00e1 ficava claro que os tempos do Feiti\u00e7o eram outros e surpresas n\u00e3o seriam novidades. A Covid foi o ponto de partida para esvaziar os espa\u00e7os musicais em geral e, no caso, quem sofreu o preju\u00edzo foi, tamb\u00e9m, a cultura brasiliense.<\/p>\n<p><strong>\u00a0<\/strong><strong>A entrevista com Jerson Alvim para o\u00a0 \u00a0<\/strong><strong><em>\u201cMem\u00f3ria da Cultura e do Esporte em Bras\u00edlia\u201d\u00a0<\/em><\/strong><strong>est\u00e1 neste <a href=\"https:\/\/memoriadaculturaesportebsb.com.br\/index.php\/2023\/05\/03\/um-charme-de-feitico-em-ritmo-de-samba\/\">link.<\/a><\/strong><\/p>\n<p>&nbsp;<\/p>\n<figure id=\"attachment_2296\" aria-describedby=\"caption-attachment-2296\" style=\"width: 618px\" class=\"wp-caption aligncenter\"><a href=\"https:\/\/memoriadaculturaesportebsb.com.br\/wp-content\/uploads\/2024\/02\/jerson2.jpg\"><img loading=\"lazy\" decoding=\"async\" class=\"wp-image-2296 size-large\" src=\"https:\/\/memoriadaculturaesportebsb.com.br\/wp-content\/uploads\/2024\/02\/jerson2-766x1024.jpg\" alt=\"\" width=\"618\" height=\"826\" srcset=\"https:\/\/memoriadaculturaesportebsb.com.br\/wp-content\/uploads\/2024\/02\/jerson2-766x1024.jpg 766w, https:\/\/memoriadaculturaesportebsb.com.br\/wp-content\/uploads\/2024\/02\/jerson2-225x300.jpg 225w, https:\/\/memoriadaculturaesportebsb.com.br\/wp-content\/uploads\/2024\/02\/jerson2-768x1026.jpg 768w, https:\/\/memoriadaculturaesportebsb.com.br\/wp-content\/uploads\/2024\/02\/jerson2.jpg 958w\" sizes=\"auto, (max-width: 618px) 100vw, 618px\" \/><\/a><figcaption id=\"caption-attachment-2296\" class=\"wp-caption-text\">Jerson Alvin, desde 1962 no mundo das produ\u00e7\u00f5es musicais (Foto: Matheus Alves)<\/figcaption><\/figure>\n","protected":false},"excerpt":{"rendered":"<p>Por\u00a0Jos\u00e9 Cruz O fechamento do Feiti\u00e7o das Artes \u2013 Feiti\u00e7o Mineiro, na origem \u2013 \u00e9 mais um ambiente de refer\u00eancia da cultura e da boemia da cidade que se vai. Marca registrada da boa m\u00fasica, agora vazio e silencioso, o Feiti\u00e7o encerra 34 anos de noitadas de grandes apresenta\u00e7\u00f5es. \u00daltimo show Dois encontros marcaram esse &hellip;<\/p>\n","protected":false},"author":2,"featured_media":1887,"comment_status":"closed","ping_status":"closed","sticky":false,"template":"","format":"standard","meta":{"footnotes":""},"categories":[13,2,14],"tags":[],"class_list":["post-2290","post","type-post","status-publish","format-standard","has-post-thumbnail","","category-colunistas","category-cultura","category-jose-cruz"],"_links":{"self":[{"href":"https:\/\/memoriadaculturaesportebsb.com.br\/index.php\/wp-json\/wp\/v2\/posts\/2290","targetHints":{"allow":["GET"]}}],"collection":[{"href":"https:\/\/memoriadaculturaesportebsb.com.br\/index.php\/wp-json\/wp\/v2\/posts"}],"about":[{"href":"https:\/\/memoriadaculturaesportebsb.com.br\/index.php\/wp-json\/wp\/v2\/types\/post"}],"author":[{"embeddable":true,"href":"https:\/\/memoriadaculturaesportebsb.com.br\/index.php\/wp-json\/wp\/v2\/users\/2"}],"replies":[{"embeddable":true,"href":"https:\/\/memoriadaculturaesportebsb.com.br\/index.php\/wp-json\/wp\/v2\/comments?post=2290"}],"version-history":[{"count":1,"href":"https:\/\/memoriadaculturaesportebsb.com.br\/index.php\/wp-json\/wp\/v2\/posts\/2290\/revisions"}],"predecessor-version":[{"id":2297,"href":"https:\/\/memoriadaculturaesportebsb.com.br\/index.php\/wp-json\/wp\/v2\/posts\/2290\/revisions\/2297"}],"wp:featuredmedia":[{"embeddable":true,"href":"https:\/\/memoriadaculturaesportebsb.com.br\/index.php\/wp-json\/wp\/v2\/media\/1887"}],"wp:attachment":[{"href":"https:\/\/memoriadaculturaesportebsb.com.br\/index.php\/wp-json\/wp\/v2\/media?parent=2290"}],"wp:term":[{"taxonomy":"category","embeddable":true,"href":"https:\/\/memoriadaculturaesportebsb.com.br\/index.php\/wp-json\/wp\/v2\/categories?post=2290"},{"taxonomy":"post_tag","embeddable":true,"href":"https:\/\/memoriadaculturaesportebsb.com.br\/index.php\/wp-json\/wp\/v2\/tags?post=2290"}],"curies":[{"name":"wp","href":"https:\/\/api.w.org\/{rel}","templated":true}]}}