{"id":2273,"date":"2024-02-01T21:02:04","date_gmt":"2024-02-02T00:02:04","guid":{"rendered":"https:\/\/memoriadaculturaesportebsb.com.br\/?p=2273"},"modified":"2024-02-01T22:03:28","modified_gmt":"2024-02-02T01:03:28","slug":"um-patrimonio-que-deixou-saudade","status":"publish","type":"post","link":"https:\/\/memoriadaculturaesportebsb.com.br\/index.php\/2024\/02\/01\/um-patrimonio-que-deixou-saudade\/","title":{"rendered":"Um \u201cpatrim\u00f4nio\u201d que deixou saudade"},"content":{"rendered":"<p>Em 9 de fevereiro de 2020, Bras\u00edlia perdia um \u00edcone do basquete, Geraldo Concei\u00e7\u00e3o. Foram sete d\u00e9cadas dedicadas a esse esporte, boa parte desse tempo voltada para a forma\u00e7\u00e3o de atletas. Quando essa reportagem foi produzida, em 2003, ele estava com 82 anos, mas ainda demonstrava entusiasmo com o que fazia pela garotada. \u201cSeu Geraldo\u201d merece destaque na galeria dos patrim\u00f4nios do esporte da capital da Rep\u00fablica.<\/p>\n<p><a href=\"https:\/\/memoriadaculturaesportebsb.com.br\/wp-content\/uploads\/2024\/02\/WhatsApp-Image-2024-01-31-at-16.07.21.jpeg\"><img loading=\"lazy\" decoding=\"async\" class=\"aligncenter size-full wp-image-2274\" src=\"https:\/\/memoriadaculturaesportebsb.com.br\/wp-content\/uploads\/2024\/02\/WhatsApp-Image-2024-01-31-at-16.07.21.jpeg\" alt=\"\" width=\"1066\" height=\"1600\" srcset=\"https:\/\/memoriadaculturaesportebsb.com.br\/wp-content\/uploads\/2024\/02\/WhatsApp-Image-2024-01-31-at-16.07.21.jpeg 1066w, https:\/\/memoriadaculturaesportebsb.com.br\/wp-content\/uploads\/2024\/02\/WhatsApp-Image-2024-01-31-at-16.07.21-200x300.jpeg 200w, https:\/\/memoriadaculturaesportebsb.com.br\/wp-content\/uploads\/2024\/02\/WhatsApp-Image-2024-01-31-at-16.07.21-682x1024.jpeg 682w, https:\/\/memoriadaculturaesportebsb.com.br\/wp-content\/uploads\/2024\/02\/WhatsApp-Image-2024-01-31-at-16.07.21-768x1153.jpeg 768w, https:\/\/memoriadaculturaesportebsb.com.br\/wp-content\/uploads\/2024\/02\/WhatsApp-Image-2024-01-31-at-16.07.21-1023x1536.jpeg 1023w\" sizes=\"auto, (max-width: 1066px) 100vw, 1066px\" \/><\/a><\/p>\n","protected":false},"excerpt":{"rendered":"<p>Em 9 de fevereiro de 2020, Bras\u00edlia perdia um \u00edcone do basquete, Geraldo Concei\u00e7\u00e3o. Foram sete d\u00e9cadas dedicadas a esse esporte, boa parte desse tempo voltada para a forma\u00e7\u00e3o de atletas. Quando essa reportagem foi produzida, em 2003, ele estava com 82 anos, mas ainda demonstrava entusiasmo com o que fazia pela garotada. \u201cSeu Geraldo\u201d &hellip;<\/p>\n","protected":false},"author":2,"featured_media":0,"comment_status":"closed","ping_status":"closed","sticky":false,"template":"","format":"standard","meta":{"footnotes":""},"categories":[13,4,14],"tags":[],"class_list":["post-2273","post","type-post","status-publish","format-standard","","category-colunistas","category-esporte","category-jose-cruz"],"_links":{"self":[{"href":"https:\/\/memoriadaculturaesportebsb.com.br\/index.php\/wp-json\/wp\/v2\/posts\/2273","targetHints":{"allow":["GET"]}}],"collection":[{"href":"https:\/\/memoriadaculturaesportebsb.com.br\/index.php\/wp-json\/wp\/v2\/posts"}],"about":[{"href":"https:\/\/memoriadaculturaesportebsb.com.br\/index.php\/wp-json\/wp\/v2\/types\/post"}],"author":[{"embeddable":true,"href":"https:\/\/memoriadaculturaesportebsb.com.br\/index.php\/wp-json\/wp\/v2\/users\/2"}],"replies":[{"embeddable":true,"href":"https:\/\/memoriadaculturaesportebsb.com.br\/index.php\/wp-json\/wp\/v2\/comments?post=2273"}],"version-history":[{"count":1,"href":"https:\/\/memoriadaculturaesportebsb.com.br\/index.php\/wp-json\/wp\/v2\/posts\/2273\/revisions"}],"predecessor-version":[{"id":2275,"href":"https:\/\/memoriadaculturaesportebsb.com.br\/index.php\/wp-json\/wp\/v2\/posts\/2273\/revisions\/2275"}],"wp:attachment":[{"href":"https:\/\/memoriadaculturaesportebsb.com.br\/index.php\/wp-json\/wp\/v2\/media?parent=2273"}],"wp:term":[{"taxonomy":"category","embeddable":true,"href":"https:\/\/memoriadaculturaesportebsb.com.br\/index.php\/wp-json\/wp\/v2\/categories?post=2273"},{"taxonomy":"post_tag","embeddable":true,"href":"https:\/\/memoriadaculturaesportebsb.com.br\/index.php\/wp-json\/wp\/v2\/tags?post=2273"}],"curies":[{"name":"wp","href":"https:\/\/api.w.org\/{rel}","templated":true}]}}