{"id":2261,"date":"2024-01-14T18:29:22","date_gmt":"2024-01-14T21:29:22","guid":{"rendered":"https:\/\/memoriadaculturaesportebsb.com.br\/?p=2261"},"modified":"2024-01-14T18:29:22","modified_gmt":"2024-01-14T21:29:22","slug":"bons-tempos-pesadelo-em-paracatu","status":"publish","type":"post","link":"https:\/\/memoriadaculturaesportebsb.com.br\/index.php\/2024\/01\/14\/bons-tempos-pesadelo-em-paracatu\/","title":{"rendered":"BONS TEMPOS:\u00a0Pesadelo em Paracatu"},"content":{"rendered":"<p><strong>Por H\u00e9lio Tremendami<\/strong><\/p>\n<p>Na d\u00e9cada de 1960, ainda muito novo, fui convidado pelo time Cruzeiro do Sul, aqui de Bras\u00edlia para disputar um amistoso de futebol contra o Paracatu, no campo do advers\u00e1rio, l\u00e1 na cidade de mesmo nome, interior de Minas Gerais.<\/p>\n<p>O inusitado \u00e9 que o est\u00e1dio era adaptado de um hip\u00f3dromo, isto \u00e9, onde tamb\u00e9m havia corridas de cavalo.<\/p>\n<p>O jogo foi muito equilibrado. Na defesa, Zez\u00e9 Abadio fazia uma partida primorosa, n\u00e3o dando chances aos advers\u00e1rios. Ainda no primeiro tempo, o atacante Mois\u00e9s fez 1 x 0 para o nosso time. Mas, no segundo tempo, ele cometeu um ato de indisciplina contra seu marcador e criou um tumulto generalizado, com amea\u00e7a de forra do advers\u00e1rio.<\/p>\n<p>Era a primeira vez que eu participava de um jogo com adultos. Estava no banco de reservas quando o treinador, Z\u00e9 Maria, que por sinal era o meu cunhado, mandou eu me preparar para entrar. Eu tremia horrores, mas precisava substituir o lateral Z\u00e9, que saiu machucado. Fiz o poss\u00edvel para protelar a entrada em campo e at\u00e9 fui repreendido pelo treinador.<\/p>\n<p>Mas, obediente \u00e0s ordens do cunhado, ops, do treinador, entrei. Muito nervoso, mal toquei na bola e logo surgiu outro tumulto, muito maior que o anterior. Naquela hora, tive a certeza de que era melhor ter ficado em casa&#8230; O jogo terminou mesmo 1 x 0.<\/p>\n<p><a href=\"https:\/\/memoriadaculturaesportebsb.com.br\/wp-content\/uploads\/2024\/01\/WhatsApp-Image-2024-01-13-at-09.55.18.jpeg\"><img loading=\"lazy\" decoding=\"async\" class=\"aligncenter size-large wp-image-2262\" src=\"https:\/\/memoriadaculturaesportebsb.com.br\/wp-content\/uploads\/2024\/01\/WhatsApp-Image-2024-01-13-at-09.55.18-848x1024.jpeg\" alt=\"\" width=\"618\" height=\"746\" srcset=\"https:\/\/memoriadaculturaesportebsb.com.br\/wp-content\/uploads\/2024\/01\/WhatsApp-Image-2024-01-13-at-09.55.18-848x1024.jpeg 848w, https:\/\/memoriadaculturaesportebsb.com.br\/wp-content\/uploads\/2024\/01\/WhatsApp-Image-2024-01-13-at-09.55.18-248x300.jpeg 248w, https:\/\/memoriadaculturaesportebsb.com.br\/wp-content\/uploads\/2024\/01\/WhatsApp-Image-2024-01-13-at-09.55.18-768x927.jpeg 768w, https:\/\/memoriadaculturaesportebsb.com.br\/wp-content\/uploads\/2024\/01\/WhatsApp-Image-2024-01-13-at-09.55.18.jpeg 1080w\" sizes=\"auto, (max-width: 618px) 100vw, 618px\" \/><\/a><\/p>\n<p><strong>Na foto<\/strong>: Eu e Zez\u00e9 Abadio<\/p>\n","protected":false},"excerpt":{"rendered":"<p>Por H\u00e9lio Tremendami Na d\u00e9cada de 1960, ainda muito novo, fui convidado pelo time Cruzeiro do Sul, aqui de Bras\u00edlia para disputar um amistoso de futebol contra o Paracatu, no campo do advers\u00e1rio, l\u00e1 na cidade de mesmo nome, interior de Minas Gerais. O inusitado \u00e9 que o est\u00e1dio era adaptado de um hip\u00f3dromo, isto &hellip;<\/p>\n","protected":false},"author":2,"featured_media":0,"comment_status":"closed","ping_status":"closed","sticky":false,"template":"","format":"standard","meta":{"footnotes":""},"categories":[13,4,16],"tags":[],"class_list":["post-2261","post","type-post","status-publish","format-standard","","category-colunistas","category-esporte","category-helio-tremendani"],"_links":{"self":[{"href":"https:\/\/memoriadaculturaesportebsb.com.br\/index.php\/wp-json\/wp\/v2\/posts\/2261","targetHints":{"allow":["GET"]}}],"collection":[{"href":"https:\/\/memoriadaculturaesportebsb.com.br\/index.php\/wp-json\/wp\/v2\/posts"}],"about":[{"href":"https:\/\/memoriadaculturaesportebsb.com.br\/index.php\/wp-json\/wp\/v2\/types\/post"}],"author":[{"embeddable":true,"href":"https:\/\/memoriadaculturaesportebsb.com.br\/index.php\/wp-json\/wp\/v2\/users\/2"}],"replies":[{"embeddable":true,"href":"https:\/\/memoriadaculturaesportebsb.com.br\/index.php\/wp-json\/wp\/v2\/comments?post=2261"}],"version-history":[{"count":1,"href":"https:\/\/memoriadaculturaesportebsb.com.br\/index.php\/wp-json\/wp\/v2\/posts\/2261\/revisions"}],"predecessor-version":[{"id":2263,"href":"https:\/\/memoriadaculturaesportebsb.com.br\/index.php\/wp-json\/wp\/v2\/posts\/2261\/revisions\/2263"}],"wp:attachment":[{"href":"https:\/\/memoriadaculturaesportebsb.com.br\/index.php\/wp-json\/wp\/v2\/media?parent=2261"}],"wp:term":[{"taxonomy":"category","embeddable":true,"href":"https:\/\/memoriadaculturaesportebsb.com.br\/index.php\/wp-json\/wp\/v2\/categories?post=2261"},{"taxonomy":"post_tag","embeddable":true,"href":"https:\/\/memoriadaculturaesportebsb.com.br\/index.php\/wp-json\/wp\/v2\/tags?post=2261"}],"curies":[{"name":"wp","href":"https:\/\/api.w.org\/{rel}","templated":true}]}}