{"id":2251,"date":"2024-01-12T17:24:38","date_gmt":"2024-01-12T20:24:38","guid":{"rendered":"https:\/\/memoriadaculturaesportebsb.com.br\/?p=2251"},"modified":"2024-01-12T17:24:38","modified_gmt":"2024-01-12T20:24:38","slug":"bons-tempos-a-ousadia-do-patinho-feio","status":"publish","type":"post","link":"https:\/\/memoriadaculturaesportebsb.com.br\/index.php\/2024\/01\/12\/bons-tempos-a-ousadia-do-patinho-feio\/","title":{"rendered":"BONS TEMPOS: A ousadia do Patinho Feio"},"content":{"rendered":"<p>Por Jos\u00e9 Cruz<\/p>\n<p>Capital com tradi\u00e7\u00e3o para o automobilismo de velocidade, Bras\u00edlia sediou desde cedo competi\u00e7\u00f5es com carros de passeio adaptados para corrida e motores cuidadosamente preparados.<\/p>\n<p><a href=\"https:\/\/memoriadaculturaesportebsb.com.br\/wp-content\/uploads\/2024\/01\/WhatsApp-Image-2024-01-12-at-17.21.51-1.jpeg\"><img loading=\"lazy\" decoding=\"async\" class=\"aligncenter size-full wp-image-2252\" src=\"https:\/\/memoriadaculturaesportebsb.com.br\/wp-content\/uploads\/2024\/01\/WhatsApp-Image-2024-01-12-at-17.21.51-1.jpeg\" alt=\"\" width=\"548\" height=\"200\" srcset=\"https:\/\/memoriadaculturaesportebsb.com.br\/wp-content\/uploads\/2024\/01\/WhatsApp-Image-2024-01-12-at-17.21.51-1.jpeg 548w, https:\/\/memoriadaculturaesportebsb.com.br\/wp-content\/uploads\/2024\/01\/WhatsApp-Image-2024-01-12-at-17.21.51-1-300x109.jpeg 300w\" sizes=\"auto, (max-width: 548px) 100vw, 548px\" \/><\/a><\/p>\n<p>Sem aut\u00f3dromo, que viria a ser inaugurado em 1974, as competi\u00e7\u00f5es de velocidade eram nos largos Eixos de Bras\u00edlia, com passagem pela Rodovi\u00e1ria do Plano Piloto e Avenida W3.<\/p>\n<p><strong>Idealismo<\/strong><\/p>\n<p>Em 1967 na prova dos \u201c500 km de Bras\u00edlia\u201d, apresentou-se na largada um carrinho vermelho, nada elegante, como os concorrentes. Por\u00e9m, era extremamente simp\u00e1tico e foi logo apelidado de \u201cPatinho Feio\u201d.<\/p>\n<p>O carro foi criado por quatro jovens entusiastas do automobilismo. Eles haviam completado 18 anos, j\u00e1 tinham as suas carteiras de motoristas e queriam viver emo\u00e7\u00f5es muito fortes.<\/p>\n<p>Jean Louis da Fonseca, Alex Dias Ribeiro, Hell\u00e1dio Toledo e Zeca Vassalo eram os \u201cmoleques\u201d sem dinheiro para realizarem o sonho. Para isso, eles contaram com a doa\u00e7\u00e3o de um fusca batido, que pertencia ao pai de Alex Dias Ribeiro, e da mec\u00e2nica Camber, onde constru\u00edram o carrinho, em 22 dias.<\/p>\n<p>No dia da prova, Patinho Feio conquistou o p\u00fablico, superando modelos mais competitivos da \u00e9poca e terminou a longa prova em um excelente segundo lugar. Abusado, n\u00e3o? Por isso mesmo, o carrinho ganhou document\u00e1rio, \u201cO Fant\u00e1stico Patinho Feio\u201d, dirigido \u00a0pelo cineasta Denilson F\u00e9lix, j\u00e1 lan\u00e7ado nacionalmente.<\/p>\n","protected":false},"excerpt":{"rendered":"<p>Por Jos\u00e9 Cruz Capital com tradi\u00e7\u00e3o para o automobilismo de velocidade, Bras\u00edlia sediou desde cedo competi\u00e7\u00f5es com carros de passeio adaptados para corrida e motores cuidadosamente preparados. Sem aut\u00f3dromo, que viria a ser inaugurado em 1974, as competi\u00e7\u00f5es de velocidade eram nos largos Eixos de Bras\u00edlia, com passagem pela Rodovi\u00e1ria do Plano Piloto e Avenida &hellip;<\/p>\n","protected":false},"author":2,"featured_media":0,"comment_status":"closed","ping_status":"closed","sticky":false,"template":"","format":"standard","meta":{"footnotes":""},"categories":[13,4,14],"tags":[],"class_list":["post-2251","post","type-post","status-publish","format-standard","","category-colunistas","category-esporte","category-jose-cruz"],"_links":{"self":[{"href":"https:\/\/memoriadaculturaesportebsb.com.br\/index.php\/wp-json\/wp\/v2\/posts\/2251","targetHints":{"allow":["GET"]}}],"collection":[{"href":"https:\/\/memoriadaculturaesportebsb.com.br\/index.php\/wp-json\/wp\/v2\/posts"}],"about":[{"href":"https:\/\/memoriadaculturaesportebsb.com.br\/index.php\/wp-json\/wp\/v2\/types\/post"}],"author":[{"embeddable":true,"href":"https:\/\/memoriadaculturaesportebsb.com.br\/index.php\/wp-json\/wp\/v2\/users\/2"}],"replies":[{"embeddable":true,"href":"https:\/\/memoriadaculturaesportebsb.com.br\/index.php\/wp-json\/wp\/v2\/comments?post=2251"}],"version-history":[{"count":1,"href":"https:\/\/memoriadaculturaesportebsb.com.br\/index.php\/wp-json\/wp\/v2\/posts\/2251\/revisions"}],"predecessor-version":[{"id":2253,"href":"https:\/\/memoriadaculturaesportebsb.com.br\/index.php\/wp-json\/wp\/v2\/posts\/2251\/revisions\/2253"}],"wp:attachment":[{"href":"https:\/\/memoriadaculturaesportebsb.com.br\/index.php\/wp-json\/wp\/v2\/media?parent=2251"}],"wp:term":[{"taxonomy":"category","embeddable":true,"href":"https:\/\/memoriadaculturaesportebsb.com.br\/index.php\/wp-json\/wp\/v2\/categories?post=2251"},{"taxonomy":"post_tag","embeddable":true,"href":"https:\/\/memoriadaculturaesportebsb.com.br\/index.php\/wp-json\/wp\/v2\/tags?post=2251"}],"curies":[{"name":"wp","href":"https:\/\/api.w.org\/{rel}","templated":true}]}}