{"id":2242,"date":"2024-01-12T10:08:40","date_gmt":"2024-01-12T13:08:40","guid":{"rendered":"https:\/\/memoriadaculturaesportebsb.com.br\/?p=2242"},"modified":"2024-01-12T10:10:12","modified_gmt":"2024-01-12T13:10:12","slug":"a-determinacao-de-um-homem-de-ferro","status":"publish","type":"post","link":"https:\/\/memoriadaculturaesportebsb.com.br\/index.php\/2024\/01\/12\/a-determinacao-de-um-homem-de-ferro\/","title":{"rendered":"A DETERMINA\u00c7\u00c3O DE UM HOMEM DE FERRO\u00a0"},"content":{"rendered":"<p><span data-contrast=\"auto\">Em outubro de 1986, aos 26 anos, o santista Rivaldo Martins estava na elite dos triatletas nacionais quando precisou amputar a perna, logo abaixo do joelho esquerdo. Ele foi v\u00edtima de um acidente de \u00f4nibus, numa viagem para Bahia, onde iria competir.\u00a0<\/span><span data-ccp-props=\"{&quot;201341983&quot;:0,&quot;335551550&quot;:6,&quot;335551620&quot;:6,&quot;335559739&quot;:160,&quot;335559740&quot;:259}\">\u00a0<\/span><\/p>\n<p><span data-contrast=\"auto\"><a href=\"https:\/\/memoriadaculturaesportebsb.com.br\/wp-content\/uploads\/2024\/01\/WhatsApp-Image-2024-01-12-at-09.59.30.jpeg\"><img loading=\"lazy\" decoding=\"async\" class=\"alignleft size-medium wp-image-2243\" src=\"https:\/\/memoriadaculturaesportebsb.com.br\/wp-content\/uploads\/2024\/01\/WhatsApp-Image-2024-01-12-at-09.59.30-235x300.jpeg\" alt=\"\" width=\"235\" height=\"300\" srcset=\"https:\/\/memoriadaculturaesportebsb.com.br\/wp-content\/uploads\/2024\/01\/WhatsApp-Image-2024-01-12-at-09.59.30-235x300.jpeg 235w, https:\/\/memoriadaculturaesportebsb.com.br\/wp-content\/uploads\/2024\/01\/WhatsApp-Image-2024-01-12-at-09.59.30.jpeg 601w\" sizes=\"auto, (max-width: 235px) 100vw, 235px\" \/><\/a>Durante o tratamento, em Bras\u00edlia, Rivaldo inspirou-se na determina\u00e7\u00e3o do norte-americano Pat Griskus, que se tornou o primeiro atleta com perna mec\u00e2nica a concluir o Ironman do Havai.\u00a0<\/span><span data-ccp-props=\"{&quot;201341983&quot;:0,&quot;335551550&quot;:6,&quot;335551620&quot;:6,&quot;335559731&quot;:708,&quot;335559739&quot;:160,&quot;335559740&quot;:259}\">\u00a0<\/span><\/p>\n<p><span data-contrast=\"auto\">Ao ver um filme sobre esse assunto, Rivaldo decidiu que voltaria a nadar, a correr e a pedalar, assim que estivesse adaptado \u00e0 pr\u00f3tese, que seria a sua parceira de vida. Atleta disciplinado, sabia que seria tudo ao seu tempo, mas a meta estava tra\u00e7ada.\u00a0<\/span><span data-ccp-props=\"{&quot;201341983&quot;:0,&quot;335551550&quot;:6,&quot;335551620&quot;:6,&quot;335559731&quot;:708,&quot;335559739&quot;:160,&quot;335559740&quot;:259}\">\u00a0<\/span><\/p>\n<p><span data-contrast=\"auto\">O acidente tornou-se um marco na vida de Rivaldo, atleta desde os 7 anos, quando nadava em Santos, sua terra natal.<\/span><span data-ccp-props=\"{&quot;201341983&quot;:0,&quot;335551550&quot;:6,&quot;335551620&quot;:6,&quot;335559739&quot;:160,&quot;335559740&quot;:259}\">\u00a0<\/span><\/p>\n<p><span data-contrast=\"auto\">Depois da alta do hospital, o que ele mais queria \u00e9 sair para \u201cbater perna, por a\u00ed&#8230;\u201d, como chegou a dizer, em reportagens da \u00e9poca. Ironia e deboche, claro, pois ele andava amparado por muletas, mas j\u00e1 pensando longe. Pouco depois, vieram as primeiras pr\u00f3teses, e mais outras, melhores, at\u00e9 a mais moderna, leves e velozes.<\/span><span data-ccp-props=\"{&quot;201341983&quot;:0,&quot;335551550&quot;:6,&quot;335551620&quot;:6,&quot;335559731&quot;:708,&quot;335559739&quot;:160,&quot;335559740&quot;:259}\">\u00a0<\/span><\/p>\n<p><b><span data-contrast=\"auto\">Primeira prova<\/span><\/b><span data-ccp-props=\"{&quot;201341983&quot;:0,&quot;335551550&quot;:6,&quot;335551620&quot;:6,&quot;335559739&quot;:160,&quot;335559740&quot;:259}\">\u00a0<\/span><\/p>\n<p><span data-contrast=\"auto\">A carreira profissional de Rivaldo Martins come\u00e7ou em novembro de 1984, quando ele disputou uma prova nacional do Corpo de Bombeiros, em Bras\u00edlia. Ficou em nono lugar e o primeiro entre os atletas da capital da Rep\u00fablica. Ele e Cl\u00e1udio Savati foram os primeiros a disputar a modalidade na cidade. Em seguida vieram mais dois expoentes, Leandro Macedo e Alexandre Manzan, o triatlo se fortaleceu com um \u00f3timo calend\u00e1rio de provas e cresceu muito em Bras\u00edlia.\u00a0<\/span><span data-ccp-props=\"{&quot;201341983&quot;:0,&quot;335551550&quot;:6,&quot;335551620&quot;:6,&quot;335559731&quot;:708,&quot;335559739&quot;:160,&quot;335559740&quot;:259}\">\u00a0<\/span><\/p>\n<p><span data-contrast=\"auto\">Em maio de 1985, aos 26 anos, Rivaldo sagrou-se campe\u00e3o brasiliense e nessa condi\u00e7\u00e3o foi disputar uma prova internacional de triatlo, no Guaruj\u00e1 (SP). Depois, foi para outra competi\u00e7\u00e3o, no Rio de Janeiro, onde surgiram os primeiros grandes atletas nacionais.\u00a0<\/span><span data-ccp-props=\"{&quot;201341983&quot;:0,&quot;335551550&quot;:6,&quot;335551620&quot;:6,&quot;335559731&quot;:708,&quot;335559739&quot;:160,&quot;335559740&quot;:259}\">\u00a0<\/span><\/p>\n<p><span data-contrast=\"auto\">\u201cFoi quando comecei a despontar, j\u00e1 ficava entre os cinco primeiros. Em 1986 entrei pra rachar&#8230;\u201d Mas, em outubro, o acidente&#8230;<\/span><span data-ccp-props=\"{&quot;201341983&quot;:0,&quot;335551550&quot;:6,&quot;335551620&quot;:6,&quot;335559731&quot;:708,&quot;335559739&quot;:160,&quot;335559740&quot;:259}\">\u00a0<\/span><\/p>\n<p><b><span data-contrast=\"auto\">Adapta\u00e7\u00e3o e provas<\/span><\/b><span data-ccp-props=\"{&quot;201341983&quot;:0,&quot;335551550&quot;:6,&quot;335551620&quot;:6,&quot;335559739&quot;:160,&quot;335559740&quot;:259}\">\u00a0<\/span><\/p>\n<p><span data-contrast=\"auto\">A recupera\u00e7\u00e3o da cirurgia, adapta\u00e7\u00e3o \u00e0 pr\u00f3tese e retorno aos exerc\u00edcios f\u00edsicos foram cumpridos com rigor. A adapta\u00e7\u00e3o \u00e0 pr\u00f3tese durou dois anos. No terceiro, em 1989, Rivaldo, finalmente, competiu numa prova de short triatlo, em Bras\u00edlia.<\/span><span data-ccp-props=\"{&quot;201341983&quot;:0,&quot;335551550&quot;:6,&quot;335551620&quot;:6,&quot;335559739&quot;:160,&quot;335559740&quot;:259}\">\u00a0<\/span><\/p>\n<blockquote><p><span data-ccp-props=\"{&quot;201341983&quot;:0,&quot;335551550&quot;:6,&quot;335551620&quot;:6,&quot;335559739&quot;:160,&quot;335559740&quot;:259}\">\u00a0<\/span><b><i><span data-contrast=\"auto\">\u201cChegar ao fim da prova foi emocionante. A partir daquele momento eu tinha a certeza de que poderia seguir o exemplo de Pat Griskus\u201d<\/span><\/i><\/b><span data-ccp-props=\"{&quot;201341983&quot;:0,&quot;335551550&quot;:2,&quot;335551620&quot;:2,&quot;335559739&quot;:160,&quot;335559740&quot;:259}\">\u00a0<\/span><\/p><\/blockquote>\n<p><span data-ccp-props=\"{&quot;201341983&quot;:0,&quot;335551550&quot;:6,&quot;335551620&quot;:6,&quot;335559731&quot;:708,&quot;335559739&quot;:160,&quot;335559740&quot;:259}\">\u00a0<\/span><b><span data-contrast=\"auto\">Olho no rel\u00f3gio<\/span><\/b><span data-ccp-props=\"{&quot;201341983&quot;:0,&quot;335551550&quot;:6,&quot;335551620&quot;:6,&quot;335559739&quot;:160,&quot;335559740&quot;:259}\">\u00a0<\/span><\/p>\n<p><span data-contrast=\"auto\">Rivaldo sempre esteve de olho no rel\u00f3gio. Para que se tenha ideia de sua determina\u00e7\u00e3o, basta lembrar que entre 1997 e 2001, j\u00e1 competindo com pr\u00f3tese, ele melhorou o seu tempo no Ironman em 1h05min. E o Ironman s\u00e3o 3,8km de nata\u00e7\u00e3o, 180km de ciclismo e desafiante maratona (42,195km) encerrando. Que tal?<\/span><span data-ccp-props=\"{&quot;201341983&quot;:0,&quot;335551550&quot;:6,&quot;335551620&quot;:6,&quot;335559739&quot;:160,&quot;335559740&quot;:259}\">\u00a0<\/span><\/p>\n<p><b><span data-contrast=\"auto\">Bicampe\u00e3o<\/span><\/b><span data-ccp-props=\"{&quot;201341983&quot;:0,&quot;335551550&quot;:6,&quot;335551620&quot;:6,&quot;335559739&quot;:160,&quot;335559740&quot;:259}\">\u00a0<\/span><\/p>\n<p><span data-contrast=\"auto\">Os resultados se sucediam, principalmente com evolu\u00e7\u00f5es nas suas marcas. Mas, em outubro de 2003, veio novo feito, quando Rivaldo se sagrou bicampe\u00e3o do prestigiad\u00edssimo Ironman do Hava\u00ed, com a marca de 10h33min, contra 10h42min registrados dois anos antes. Dois anos depois, nova vit\u00f3ria, dessa vez no Ironman de Florian\u00f3polis.\u00a0<\/span><span data-ccp-props=\"{&quot;201341983&quot;:0,&quot;335551550&quot;:6,&quot;335551620&quot;:6,&quot;335559731&quot;:708,&quot;335559739&quot;:160,&quot;335559740&quot;:259}\">\u00a0<\/span><\/p>\n<p><span data-ccp-props=\"{&quot;201341983&quot;:0,&quot;335551550&quot;:6,&quot;335551620&quot;:6,&quot;335559731&quot;:708,&quot;335559739&quot;:160,&quot;335559740&quot;:259}\"><a href=\"https:\/\/memoriadaculturaesportebsb.com.br\/wp-content\/uploads\/2024\/01\/WhatsApp-Image-2024-01-12-at-09.59.30-1.jpeg\"><img loading=\"lazy\" decoding=\"async\" class=\"aligncenter wp-image-2244 size-full\" src=\"https:\/\/memoriadaculturaesportebsb.com.br\/wp-content\/uploads\/2024\/01\/WhatsApp-Image-2024-01-12-at-09.59.30-1.jpeg\" alt=\"\" width=\"533\" height=\"800\" srcset=\"https:\/\/memoriadaculturaesportebsb.com.br\/wp-content\/uploads\/2024\/01\/WhatsApp-Image-2024-01-12-at-09.59.30-1.jpeg 533w, https:\/\/memoriadaculturaesportebsb.com.br\/wp-content\/uploads\/2024\/01\/WhatsApp-Image-2024-01-12-at-09.59.30-1-200x300.jpeg 200w\" sizes=\"auto, (max-width: 533px) 100vw, 533px\" \/><\/a>\u00a0<\/span><\/p>\n<p><b><i><span data-contrast=\"auto\">E assim foi, at\u00e9 julho de 2005, quando se tornou o primeiro triatleta adaptado no mundo a completar o Ironman abaixo das 10h de ininterrupta competi\u00e7\u00e3o.<\/span><\/i><\/b><span data-ccp-props=\"{&quot;201341983&quot;:0,&quot;335551550&quot;:2,&quot;335551620&quot;:2,&quot;335559731&quot;:708,&quot;335559739&quot;:160,&quot;335559740&quot;:259}\">\u00a0<\/span><\/p>\n<p><span data-ccp-props=\"{&quot;201341983&quot;:0,&quot;335551550&quot;:6,&quot;335551620&quot;:6,&quot;335559731&quot;:708,&quot;335559739&quot;:160,&quot;335559740&quot;:259}\">\u00a0<\/span><span data-contrast=\"none\">Foi em Roth, na Alemanha, quando ele baixou <\/span><span data-contrast=\"none\">o seu at\u00e9 ent\u00e3o melhor tempo de 10h10m, naquela mesma prova, para 9h57min48. Foi uma <\/span><span data-contrast=\"none\">diferen\u00e7a de treze minutos e mais um espetacular feito, o de quebrar as 10 horas de competi\u00e7\u00e3o que ele perseguia a cada evento.\u00a0\u00a0<\/span><span data-ccp-props=\"{&quot;201341983&quot;:0,&quot;335551550&quot;:6,&quot;335551620&quot;:6,&quot;335559731&quot;:708,&quot;335559739&quot;:160,&quot;335559740&quot;:259}\">\u00a0<\/span><\/p>\n<p><a href=\"https:\/\/memoriadaculturaesportebsb.com.br\/wp-content\/uploads\/2024\/01\/WhatsApp-Image-2024-01-12-at-09.59.30-2.jpeg\"><img loading=\"lazy\" decoding=\"async\" class=\"aligncenter wp-image-2245 size-full\" src=\"https:\/\/memoriadaculturaesportebsb.com.br\/wp-content\/uploads\/2024\/01\/WhatsApp-Image-2024-01-12-at-09.59.30-2.jpeg\" alt=\"\" width=\"736\" height=\"1024\" srcset=\"https:\/\/memoriadaculturaesportebsb.com.br\/wp-content\/uploads\/2024\/01\/WhatsApp-Image-2024-01-12-at-09.59.30-2.jpeg 736w, https:\/\/memoriadaculturaesportebsb.com.br\/wp-content\/uploads\/2024\/01\/WhatsApp-Image-2024-01-12-at-09.59.30-2-216x300.jpeg 216w\" sizes=\"auto, (max-width: 736px) 100vw, 736px\" \/><\/a><\/p>\n<p><span data-ccp-props=\"{&quot;201341983&quot;:0,&quot;335559739&quot;:160,&quot;335559740&quot;:259}\">\u00a0<\/span><span data-contrast=\"auto\">Ao falar sobre esse feito, Rivaldo lembra do amigo <\/span><span data-contrast=\"auto\">Vanilton Senatore que o incentivou muito a disputar o Ironman. Vanilton, que morreu em setembro de 2018, aos 71 anos, foi um exemplar professor de Educa\u00e7\u00e3o F\u00edsica, uma das refer\u00eancias nacionais no esporte paral\u00edmpico.\u00a0<\/span><span data-ccp-props=\"{&quot;201341983&quot;:0,&quot;335551550&quot;:6,&quot;335551620&quot;:6,&quot;335559731&quot;:708,&quot;335559739&quot;:160,&quot;335559740&quot;:259}\">\u00a0<\/span><\/p>\n<p><span data-contrast=\"auto\">\u00a0\u201cVanilton era amigo do professor Azauri Berezowski, que foi meu t\u00e9cnico, e via no meu desempenho uma \u00f3tima condi\u00e7\u00e3o para entrar no Ironman. Ele foi um grande incentivador para que eu chegasse a essa prova\u201d, disse Rivaldo.\u00a0<\/span><span data-ccp-props=\"{&quot;201341983&quot;:0,&quot;335551550&quot;:6,&quot;335551620&quot;:6,&quot;335559731&quot;:708,&quot;335559739&quot;:160,&quot;335559740&quot;:259}\">\u00a0<\/span><\/p>\n<p><span data-ccp-props=\"{&quot;201341983&quot;:0,&quot;335551550&quot;:6,&quot;335551620&quot;:6,&quot;335559731&quot;:708,&quot;335559739&quot;:160,&quot;335559740&quot;:259}\">\u00a0<\/span><b><span data-contrast=\"auto\">Em Bras\u00edlia<\/span><\/b><span data-ccp-props=\"{&quot;201341983&quot;:0,&quot;335551550&quot;:6,&quot;335551620&quot;:6,&quot;335559739&quot;:160,&quot;335559740&quot;:259}\">\u00a0<\/span><\/p>\n<p><span data-contrast=\"auto\">Mesmo sendo de Santos, no litoral de S\u00e3o Paulo, Rivaldo Martins tem em seu DNA de atleta um tanto de brasiliense.\u00a0<\/span><span data-ccp-props=\"{&quot;201341983&quot;:0,&quot;335551550&quot;:6,&quot;335551620&quot;:6,&quot;335559739&quot;:160,&quot;335559740&quot;:259}\">\u00a0<\/span><\/p>\n<p><span data-contrast=\"auto\">\u201cCheguei em Bras\u00edlia quando tinha 18 anos. Ganhei Bolsa e alojamento no CO (Centro Ol\u00edmpico), para estudar Geologia na UnB, mas mudei para Arquitetura e acabei me formando em Educa\u00e7\u00e3o F\u00edsica. Mantive o meu ritmo de treinamento e fiz a faculdade de Educa\u00e7\u00e3o F\u00edsica tamb\u00e9m por conta do meu trabalho com Azauri, no Clube Asbac, onde havia um projeto de nata\u00e7\u00e3o e eu jogava polo aqu\u00e1tico\u201d, conta Rivaldo.\u00a0<\/span><span data-ccp-props=\"{&quot;201341983&quot;:0,&quot;335551550&quot;:6,&quot;335551620&quot;:6,&quot;335559731&quot;:708,&quot;335559739&quot;:160,&quot;335559740&quot;:259}\">\u00a0<\/span><\/p>\n<p><span data-contrast=\"auto\">O professor<\/span> <span data-contrast=\"auto\">Azauri Berezowski foi um ex-atleta de nata\u00e7\u00e3o e polo aqu\u00e1tico e renomado t\u00e9cnico em Bras\u00edlia, refer\u00eancia pela seriedade de seu trabalho e resultados obtidos.\u00a0\u00a0<\/span><span data-ccp-props=\"{&quot;201341983&quot;:0,&quot;335551550&quot;:6,&quot;335551620&quot;:6,&quot;335559731&quot;:708,&quot;335559739&quot;:160,&quot;335559740&quot;:259}\">\u00a0<\/span><\/p>\n<p><span data-contrast=\"auto\">Segue o depoimento de Rivaldo:\u00a0<\/span><span data-ccp-props=\"{&quot;201341983&quot;:0,&quot;335551550&quot;:6,&quot;335551620&quot;:6,&quot;335559731&quot;:708,&quot;335559739&quot;:160,&quot;335559740&quot;:259}\">\u00a0<\/span><\/p>\n<p><span data-contrast=\"auto\">\u201cAzauri me acompanhou durante anos, n\u00e3o s\u00f3 como t\u00e9cnico, mas foi quase um Paiz\u00e3o, me recebendo e me orientando muito bem. Tenho um carinho muito grande por ele e por Bras\u00edlia, porque a cidade me proporcionou continuar na Educa\u00e7\u00e3o F\u00edsica e praticando esporte\u201d.<\/span><span data-ccp-props=\"{&quot;201341983&quot;:0,&quot;335551550&quot;:6,&quot;335551620&quot;:6,&quot;335559731&quot;:708,&quot;335559739&quot;:160,&quot;335559740&quot;:259}\">\u00a0<\/span><\/p>\n<p><span data-contrast=\"auto\">\u201cEu gostava de Bras\u00edlia e fui me adaptando a ela. Era uma cidade ainda vazia, f\u00e1cil para se deslocar. Eu ia de bicicleta da UnB para a Asbac. Foi quando soube da exist\u00eancia do triatlo e conclui que eu j\u00e1 fazia isso, nadava, pedalava e corria\u201d.\u00a0<\/span><span data-ccp-props=\"{&quot;201341983&quot;:0,&quot;335551550&quot;:6,&quot;335551620&quot;:6,&quot;335559731&quot;:708,&quot;335559739&quot;:160,&quot;335559740&quot;:259}\">\u00a0<\/span><\/p>\n<p><span data-ccp-props=\"{&quot;201341983&quot;:0,&quot;335551550&quot;:6,&quot;335551620&quot;:6,&quot;335559739&quot;:160,&quot;335559740&quot;:259}\">\u00a0<\/span><b><span data-contrast=\"auto\">Gostei\u00a0<\/span><\/b><span data-ccp-props=\"{&quot;201341983&quot;:0,&quot;335551550&quot;:6,&quot;335551620&quot;:6,&quot;335559739&quot;:160,&quot;335559740&quot;:259}\">\u00a0<\/span><\/p>\n<p><span data-contrast=\"auto\">Rivaldo sorri quando conta sobre aqueles tempos.\u00a0<\/span><span data-ccp-props=\"{&quot;201341983&quot;:0,&quot;335551550&quot;:6,&quot;335551620&quot;:6,&quot;335559731&quot;:708,&quot;335559739&quot;:160,&quot;335559740&quot;:259}\">\u00a0<\/span><\/p>\n<p><span data-contrast=\"auto\">\u201cGostei da primeira prova e comprei outra bicicleta. Meu pai, Manoel Martins, era ciclista, dos bons. Era da equipe Jabaquara (SP) e representava a cidade de Santos. Ele n\u00e3o queria que eu pedalasse, pois sofreu um acidente e achava que a modalidade, na rua, era perigosa. Mas eu gostava daquilo e fui em frente\u201d.\u00a0<\/span><span data-ccp-props=\"{&quot;201341983&quot;:0,&quot;335551550&quot;:6,&quot;335551620&quot;:6,&quot;335559731&quot;:708,&quot;335559739&quot;:160,&quot;335559740&quot;:259}\">\u00a0<\/span><\/p>\n<p><a href=\"https:\/\/memoriadaculturaesportebsb.com.br\/wp-content\/uploads\/2024\/01\/WhatsApp-Image-2024-01-12-at-09.59.31.jpeg\"><img loading=\"lazy\" decoding=\"async\" class=\"aligncenter wp-image-2246 size-full\" src=\"https:\/\/memoriadaculturaesportebsb.com.br\/wp-content\/uploads\/2024\/01\/WhatsApp-Image-2024-01-12-at-09.59.31.jpeg\" alt=\"\" width=\"1024\" height=\"680\" srcset=\"https:\/\/memoriadaculturaesportebsb.com.br\/wp-content\/uploads\/2024\/01\/WhatsApp-Image-2024-01-12-at-09.59.31.jpeg 1024w, https:\/\/memoriadaculturaesportebsb.com.br\/wp-content\/uploads\/2024\/01\/WhatsApp-Image-2024-01-12-at-09.59.31-300x199.jpeg 300w, https:\/\/memoriadaculturaesportebsb.com.br\/wp-content\/uploads\/2024\/01\/WhatsApp-Image-2024-01-12-at-09.59.31-768x510.jpeg 768w, https:\/\/memoriadaculturaesportebsb.com.br\/wp-content\/uploads\/2024\/01\/WhatsApp-Image-2024-01-12-at-09.59.31-310x205.jpeg 310w\" sizes=\"auto, (max-width: 1024px) 100vw, 1024px\" \/><\/a><\/p>\n<p><span data-ccp-props=\"{&quot;201341983&quot;:0,&quot;335551550&quot;:6,&quot;335551620&quot;:6,&quot;335559739&quot;:160,&quot;335559740&quot;:259}\">\u00a0<\/span><span data-contrast=\"auto\">De ponta a ponta, desde as primeiras bra\u00e7adas nas praias e piscinas de Santos, a rotina de atleta de alto rendimento de Rivaldo Martins durou 42 anos, dos 8 aos 50 anos.\u00a0<\/span><span data-contrast=\"none\">\u00a0<\/span><span data-ccp-props=\"{&quot;201341983&quot;:0,&quot;335551550&quot;:6,&quot;335551620&quot;:6,&quot;335559731&quot;:708,&quot;335559739&quot;:160,&quot;335559740&quot;:259}\">\u00a0<\/span><\/p>\n<p><span data-ccp-props=\"{&quot;201341983&quot;:0,&quot;335551550&quot;:6,&quot;335551620&quot;:6,&quot;335559731&quot;:708,&quot;335559739&quot;:160,&quot;335559740&quot;:259}\">\u00a0<\/span><span data-contrast=\"auto\">Em 2006, Rivaldo disputou o Triatlo Internacional de Santos, onde correu 21 edi\u00e7\u00f5es, largando no pelot\u00e3o de elite. Ao final, encerrou a sua vitoriosa carreira como competidor, justamente no ano em que o seu patrocinador, Brasil Telecon, tamb\u00e9m encerrava as suas atividades.\u00a0<\/span><span data-ccp-props=\"{&quot;201341983&quot;:0,&quot;335551550&quot;:6,&quot;335551620&quot;:6,&quot;335559731&quot;:708,&quot;335559739&quot;:160,&quot;335559740&quot;:259}\">\u00a0<\/span><\/p>\n<p><span data-contrast=\"auto\">A partir de ent\u00e3o, passou a correr \u201cs\u00f3 para se manter\u201d, e isso aconteceu at\u00e9 2010, quando come\u00e7ou a sua carreira de gestor, no comando da equipe de triatlo do Comit\u00ea Paral\u00edmpico Brasileiro.\u00a0<\/span><span data-ccp-props=\"{&quot;201341983&quot;:0,&quot;335551550&quot;:6,&quot;335551620&quot;:6,&quot;335559731&quot;:708,&quot;335559739&quot;:160,&quot;335559740&quot;:259}\">\u00a0<\/span><\/p>\n<p><b><span data-contrast=\"auto\">E agora?<\/span><\/b><span data-ccp-props=\"{&quot;201341983&quot;:0,&quot;335551550&quot;:6,&quot;335551620&quot;:6,&quot;335559739&quot;:160,&quot;335559740&quot;:259}\">\u00a0<\/span><\/p>\n<p><span data-contrast=\"auto\">Agora, aos 63 anos, j\u00e1 sem compromisso rigoroso com o rel\u00f3gio, Rivaldo pedala ter\u00e7a, quinta, s\u00e1bado e domingo&#8230; Ter\u00e7a e quinta faz mountain bike, na trilha do Parque Nacional de Bras\u00edlia, uma privilegiada \u00e1rea de pura natureza conhecida por \u201c\u00c1gua Mineral\u201d.\u00a0<\/span><span data-ccp-props=\"{&quot;201341983&quot;:0,&quot;335551550&quot;:6,&quot;335551620&quot;:6,&quot;335559739&quot;:160,&quot;335559740&quot;:259}\">\u00a0<\/span><\/p>\n<p><span data-contrast=\"auto\">No s\u00e1bado e no domingo, ele pedala no percurso que circunda o Lago Parano\u00e1, tipo \u201cpasseio\u201d, logo cedo, quando tem pouco movimento de carros. \u201cNo domingo, fa\u00e7o uma volta ao Lago. S\u00e3o 65 quil\u00f4metros, mas o percurso \u00e9 super vazio, mais seguro. Bras\u00edlia \u00e9 \u00f3tima para praticar esportes. Tem muitos clubes, piscinas, o Lago Parano\u00e1, pistas de atletismo, excelentes espa\u00e7os para pedalar, enfim\u201d.<\/span><span data-ccp-props=\"{&quot;201341983&quot;:0,&quot;335551550&quot;:6,&quot;335551620&quot;:6,&quot;335559731&quot;:708,&quot;335559739&quot;:160,&quot;335559740&quot;:259}\">\u00a0<\/span><\/p>\n<p><span data-ccp-props=\"{&quot;201341983&quot;:0,&quot;335551550&quot;:6,&quot;335551620&quot;:6,&quot;335559739&quot;:160,&quot;335559740&quot;:259}\">\u00a0<\/span><b><span data-contrast=\"auto\">Evolu\u00e7\u00e3o\u00a0<\/span><\/b><span data-ccp-props=\"{&quot;201341983&quot;:0,&quot;335559739&quot;:160,&quot;335559740&quot;:259}\">\u00a0<\/span><\/p>\n<p><span data-contrast=\"auto\">\u201cH\u00e1 uma evolu\u00e7\u00e3o constante nos equipamentos para atletas e paratletas. Nas bicicletas, por exemplo, mudou aerodin\u00e2mica e o conforto \u00e9 bem melhor. Antes eram muito r\u00edgidas, hoje se sai muito mais inteiro da prova de bike para entrar na corrida. A vida \u00fatil do atleta fica mais longa. Os dez primeiros colocados no iroman, dos 35 aos 39 anos, est\u00e1 no auge da resist\u00eancia.\u00a0<\/span><span data-ccp-props=\"{&quot;201341983&quot;:0,&quot;335559731&quot;:708,&quot;335559739&quot;:160,&quot;335559740&quot;:259}\">\u00a0<\/span><\/p>\n<p><span data-ccp-props=\"{&quot;201341983&quot;:0,&quot;335559739&quot;:160,&quot;335559740&quot;:259}\">\u00a0<\/span><b><span data-contrast=\"auto\">PRINCIPAIS TROF\u00c9US DO CAMPE\u00c3O<\/span><\/b><span data-ccp-props=\"{&quot;201341983&quot;:0,&quot;335559739&quot;:160,&quot;335559740&quot;:259}\">\u00a0<\/span><\/p>\n<ul>\n<li><span data-contrast=\"auto\">Tetracampe\u00e3o Mundial de Triathlon Ol\u00edmpico &#8211; Categoria amputado com pr\u00f3tese: M\u00e9xico\/1997, Austr\u00e1lia\/1999, Canad\u00e1\/2000 e M\u00e9xico\/2002;<\/span><span data-ccp-props=\"{&quot;134233117&quot;:true,&quot;134233118&quot;:true,&quot;201341983&quot;:0,&quot;335559685&quot;:708,&quot;335559740&quot;:240}\">\u00a0<\/span><\/li>\n<li><span data-ccp-props=\"{&quot;134233117&quot;:true,&quot;134233118&quot;:true,&quot;201341983&quot;:0,&quot;335559685&quot;:708,&quot;335559740&quot;:240}\">\u00a0<\/span><span data-contrast=\"auto\">Campe\u00e3o no Mundial de Ironman do Hava\u00ed \u2013 categoria amputado com pr\u00f3tese (2001);<\/span><\/li>\n<li>\u00a0<span data-contrast=\"auto\">Campe\u00e3o no Mundial de Ironman no Hava\u00ed \u2013 outubro de 2003, quando quebrou o recorde da categoria;\u00a0<\/span><\/li>\n<li>Campe\u00e3o no Ironman Brasil Telecom 2004 e 2005 \u2013 categoria amputados com pr\u00f3tese<\/li>\n<li>Campe\u00e3o no Ironman da Cor\u00e9ia do Sul \u2013 agosto\/2003<\/li>\n<li>Campe\u00e3o no Pan-Americano de Triathlon Brasil Telecom \u2013 amputados com pr\u00f3tese e amador 40\/44 anos (2002)<\/li>\n<li>Campe\u00e3o no Trof\u00e9u Brasil de Triathlon \u2013 deficientes f\u00edsicos\/amputados com pr\u00f3tese (2002)<\/li>\n<li>Campe\u00e3o no Carlton Cold Ironman New Zealand \u2013 categoria Challenger \u2013 Nova Zel\u00e2ndia\/2003<\/li>\n<li>Campe\u00e3o no Triathlon Internacional de Santos 2005 \u2013 categoria amputado com pr\u00f3tese<span data-ccp-props=\"{&quot;134233117&quot;:true,&quot;134233118&quot;:true,&quot;201341983&quot;:0,&quot;335559685&quot;:708,&quot;335559740&quot;:240}\">\u00a0<\/span><\/li>\n<\/ul>\n<p><span data-ccp-props=\"{&quot;201341983&quot;:0,&quot;335559739&quot;:160,&quot;335559740&quot;:259}\">\u00a0Fotos: Arquivo pessoal\u00a0<\/span><\/p>\n","protected":false},"excerpt":{"rendered":"<p>Em outubro de 1986, aos 26 anos, o santista Rivaldo Martins estava na elite dos triatletas nacionais quando precisou amputar a perna, logo abaixo do joelho esquerdo. Ele foi v\u00edtima de um acidente de \u00f4nibus, numa viagem para Bahia, onde iria competir.\u00a0\u00a0 Durante o tratamento, em Bras\u00edlia, Rivaldo inspirou-se na determina\u00e7\u00e3o do norte-americano Pat Griskus, &hellip;<\/p>\n","protected":false},"author":2,"featured_media":2246,"comment_status":"closed","ping_status":"closed","sticky":false,"template":"","format":"standard","meta":{"footnotes":""},"categories":[13,3,6,4,14],"tags":[],"class_list":["post-2242","post","type-post","status-publish","format-standard","has-post-thumbnail","","category-colunistas","category-destaque","category-entrevistas","category-esporte","category-jose-cruz"],"_links":{"self":[{"href":"https:\/\/memoriadaculturaesportebsb.com.br\/index.php\/wp-json\/wp\/v2\/posts\/2242","targetHints":{"allow":["GET"]}}],"collection":[{"href":"https:\/\/memoriadaculturaesportebsb.com.br\/index.php\/wp-json\/wp\/v2\/posts"}],"about":[{"href":"https:\/\/memoriadaculturaesportebsb.com.br\/index.php\/wp-json\/wp\/v2\/types\/post"}],"author":[{"embeddable":true,"href":"https:\/\/memoriadaculturaesportebsb.com.br\/index.php\/wp-json\/wp\/v2\/users\/2"}],"replies":[{"embeddable":true,"href":"https:\/\/memoriadaculturaesportebsb.com.br\/index.php\/wp-json\/wp\/v2\/comments?post=2242"}],"version-history":[{"count":2,"href":"https:\/\/memoriadaculturaesportebsb.com.br\/index.php\/wp-json\/wp\/v2\/posts\/2242\/revisions"}],"predecessor-version":[{"id":2248,"href":"https:\/\/memoriadaculturaesportebsb.com.br\/index.php\/wp-json\/wp\/v2\/posts\/2242\/revisions\/2248"}],"wp:featuredmedia":[{"embeddable":true,"href":"https:\/\/memoriadaculturaesportebsb.com.br\/index.php\/wp-json\/wp\/v2\/media\/2246"}],"wp:attachment":[{"href":"https:\/\/memoriadaculturaesportebsb.com.br\/index.php\/wp-json\/wp\/v2\/media?parent=2242"}],"wp:term":[{"taxonomy":"category","embeddable":true,"href":"https:\/\/memoriadaculturaesportebsb.com.br\/index.php\/wp-json\/wp\/v2\/categories?post=2242"},{"taxonomy":"post_tag","embeddable":true,"href":"https:\/\/memoriadaculturaesportebsb.com.br\/index.php\/wp-json\/wp\/v2\/tags?post=2242"}],"curies":[{"name":"wp","href":"https:\/\/api.w.org\/{rel}","templated":true}]}}