{"id":2230,"date":"2023-12-15T10:47:41","date_gmt":"2023-12-15T13:47:41","guid":{"rendered":"https:\/\/memoriadaculturaesportebsb.com.br\/?p=2230"},"modified":"2023-12-15T10:48:15","modified_gmt":"2023-12-15T13:48:15","slug":"o-craque-das-maratonas-miguel-jabour","status":"publish","type":"post","link":"https:\/\/memoriadaculturaesportebsb.com.br\/index.php\/2023\/12\/15\/o-craque-das-maratonas-miguel-jabour\/","title":{"rendered":"O Craque das Maratonas: Miguel Jabour"},"content":{"rendered":"<p>Por Jos\u00e9 Cruz<\/p>\n<p><b>Al\u00e9m dos personagens das artes e do esporte, tamb\u00e9m eventos que marcaram \u00e9poca fazem parte do patrim\u00f4nio cultural da Capital da Rep\u00fablica.\u00a0<\/b><\/p>\n<p><b>A \u201cMaratona Bras\u00edlia\u201d, do Correio Braziliense, est\u00e1 entre essas promo\u00e7\u00f5es. \u00c9 sobre ela e outras provas que Miguel Jabour lembra como a hist\u00f3rica corrida tornou-se uma das marcas registradas do calend\u00e1rio esportivo de Bras\u00edlia e do Brasil.<\/b><\/p>\n<p><b>Ponto de partida<\/b><\/p>\n<p><span style=\"font-weight: 400;\">As centenas de maratonas anualmente promovidas no Brasil tiveram o ano de 1980 como ponto de partida, h\u00e1 quase meio s\u00e9culo. E foi o extinto Jornal do Brasil, um dos grandes di\u00e1rios da imprensa nacional, conhecido pela sigla \u201cJB\u201d, o \u201cpadrinho\u201d daquela corrida que anualmente ocorria na orla do Rio de Janeiro.\u00a0<\/span><\/p>\n<p><span style=\"font-weight: 400;\">A ideia de o Rio ter a sua maratona partiu do jornalista Jos\u00e9 In\u00e1cio Werneck, hoje com 86 anos. Naquela \u00e9poca, ele era colunista esportivo do jornal, quando tinha como companheiros de reda\u00e7\u00e3o duas feras da cr\u00f4nica esportiva, Armando Nogueira e Jo\u00e3o Saldanha.\u00a0<\/span><\/p>\n<p><span style=\"font-weight: 400;\">Apaixonado por corridas de rua, Werneck participava, anualmente, da Maratona de Nova Iorque. Foi quando surgiu a ideia de promover uma prova dessas na Cidade Maravilhosa. A proposta foi levada ao diretor do JB, Jos\u00e9 Ant\u00f4nio do Nascimento Brito, que topou a parada j\u00e1 na primeira reuni\u00e3o. At\u00e9 ent\u00e3o, o Brasil n\u00e3o tinha tradi\u00e7\u00e3o em maratonas. Historicamente, a primeira organizada no pa\u00eds foi em 1921, pelas ruas de S\u00e3o Paulo.<\/span><\/p>\n<p><b>Na orla carioca\u00a0<\/b><\/p>\n<figure id=\"attachment_2232\" aria-describedby=\"caption-attachment-2232\" style=\"width: 211px\" class=\"wp-caption alignleft\"><a href=\"https:\/\/memoriadaculturaesportebsb.com.br\/wp-content\/uploads\/2023\/12\/WhatsApp-Image-2023-12-12-at-08.28.39.jpeg\"><img loading=\"lazy\" decoding=\"async\" class=\"wp-image-2232 size-medium\" src=\"https:\/\/memoriadaculturaesportebsb.com.br\/wp-content\/uploads\/2023\/12\/WhatsApp-Image-2023-12-12-at-08.28.39-211x300.jpeg\" alt=\"\" width=\"211\" height=\"300\" srcset=\"https:\/\/memoriadaculturaesportebsb.com.br\/wp-content\/uploads\/2023\/12\/WhatsApp-Image-2023-12-12-at-08.28.39-211x300.jpeg 211w, https:\/\/memoriadaculturaesportebsb.com.br\/wp-content\/uploads\/2023\/12\/WhatsApp-Image-2023-12-12-at-08.28.39.jpeg 339w\" sizes=\"auto, (max-width: 211px) 100vw, 211px\" \/><\/a><figcaption id=\"caption-attachment-2232\" class=\"wp-caption-text\">Corredores na 1\u00aa Maratona do Rio, j\u00e1 nos moldes da prova de Nova York<\/figcaption><\/figure>\n<p><span style=\"font-weight: 400;\">Assim, a primeira Maratona do Rio, inspirada nos moldes, da de Nova Iorque, ocorreu em 15 de novembro de 1980. Com 1.098 participantes, a prova foi adaptada \u00e0 realidade brasileira, pois a novaiorquina \u00e9 disputada, ainda hoje, em pleno inverno, enquanto a dos cariocas tinha como desafio a umidade e o escaldante calor do Rio de Janeiro.\u00a0<\/span><\/p>\n<p><b><i>Por\u00e9m, as dificuldades do clima eram compensadas, pois ao longo do 42,195km do percurso os corredores desfrutavam do espetacular visual da orla das praias cariocas, al\u00e9m de passagem pela Lagoa Rodrigo de Freitas, com chegada da prova no Forte do Leme.<\/i><\/b><\/p>\n<p><b>Ambiente oportuno<\/b><\/p>\n<p><span style=\"font-weight: 400;\">Naquela ocasi\u00e3o, o Brasil j\u00e1 vivia o movimento das corridas de rua, nas dist\u00e2ncias de 5km e 10km. Essa pr\u00e1tica foi implantada pelo capit\u00e3o do Ex\u00e9rcito Cl\u00e1udio Coutinho (1939 \u2013 1981), que era o preparador f\u00edsico da Sele\u00e7\u00e3o Brasileira.\u00a0<\/span><\/p>\n<p><span style=\"font-weight: 400;\">Ga\u00facho com alma carioca, Coutinho, que tamb\u00e9m chegou a comandar a Sele\u00e7\u00e3o, foi o introdutor no pa\u00eds do famoso \u201cTeste de Cooper\u201d, que mede o consumo de oxig\u00eanio pelo corpo para estabelecer par\u00e2metros de condicionamento f\u00edsico dos atletas.\u00a0<\/span><\/p>\n<p><span style=\"font-weight: 400;\">Segundo Miguel Jabour, era esse, em resumo, o ambiente das corridas de rua naquela \u00e9poca, totalmente incentivador para que os atletas enfrentassem o desafio de uma maratona, projeto que ganhou corpo com a promo\u00e7\u00e3o do Jornal do Brasil.\u00a0\u00a0<\/span><\/p>\n<p><span style=\"font-weight: 400;\">Al\u00e9m disso, em 1980 as principais cidades do mundo, as capitais, principalmente, tinham em seus calend\u00e1rios esportivos uma maratona, come\u00e7ando por Boston, a mais antiga, que este ano chegou \u00e0 sua 126\u00aa edi\u00e7\u00e3o; Maratona de Paris, Berlin, T\u00f3quio&#8230; O Rio de Janeiro, um dos destinos mais procurados pelos turistas, carecia dessa prova, que enriquecesse o cart\u00e3o de visita da Cidade Maravilhosa. E, assim, o Rio entrou no calend\u00e1rio dessa hist\u00f3rica prova de rua, com v\u00e1rios apelos promocionais, como um dos slogans, \u201cLinda de Correr\u201d. Com toda raz\u00e3o.<\/span><\/p>\n<p><span style=\"font-weight: 400;\">N\u00e3o bastassem esses argumentos promocionais, mais um fortalecia a campanha carioca. Naquela \u00e9poca, o filme \u201cCarruagens de Fogo\u201d, estava nas telas brasileiras. O filme, com uma trilha sonora de fort\u00edssimo apelo, contava a hist\u00f3ria de dois corredores escoceses, filhos de imigrantes judeus, que representaram a Inglaterra nos Jogos Ol\u00edmpicos de 1924. E isso contribuiu, com certeza, para a ades\u00e3o de muitos corredores \u00e0s provas de maratona.\u00a0<\/span><\/p>\n<p><span style=\"font-weight: 400;\">Pela experi\u00eancia que adquiriu na Maratona do Rio, Jabour, personagem desta entrevista, viria a ser, a partir dos anos 1990, o coordenador da Maratona Bras\u00edlia. O evento, interrompido em 1997, voltou \u00e0s ruas da capital da Rep\u00fablica em 21 de abril de 2023. E, em 2024, ser\u00e1 novamente promovida, sempre com a chancela do jornal Correio Braziliense, idealizador da prova.\u00a0<\/span><\/p>\n<p><b>Curiosidade<\/b><\/p>\n<p><span style=\"font-weight: 400;\">Carioca desportista e flamenguista, Jabour entrou no \u201cmundo das maratonas\u201d atra\u00eddo pela curiosidade. Numa noite de novembro, ele foi levado at\u00e9 o Forte Duque de Caxias, em Copacabana, que estava bem mais iluminado. Curioso, investigou o motivo de tanta luz e acabou batendo justamente com a chegada da 1\u00aa Maratona do Rio de Janeiro.<\/span><\/p>\n<p><span style=\"font-weight: 400;\">O papo com o staff rendeu e Jabour acabou ganhando uma camiseta da Maratona. Em seguida, passou a ajudar no desmonte da estrutura do evento, carregando grades, trocando informa\u00e7\u00f5es e outros afazeres. Ao final de tudo, entusiasmado com o que vira, fez o devido preparo e, no ano seguinte, 1981, l\u00e1 estava Miguel Jabour estreando na dist\u00e2ncia da hist\u00f3rica e milenar competi\u00e7\u00e3o. (42.195km).\u00a0<\/span><\/p>\n<p><b>Surpresa<\/b><\/p>\n<p><span style=\"font-weight: 400;\">Naquela sua primeira prova, Jabour foi surpreendido por um gesto carinhoso e de apoio de sua esposa, Suzana: ela desceu do apartamento onde o casal morava, na rua Princesa Isabel, com o seu primeiro filho, Miguel, no colo, para entregar \u00e1gua ao marido maratonista que por ali passava. Era o km 28 do percurso e ainda faltava correr toda a orla de Copacabana, Ipanema, Leblon, at\u00e9 a chegada, no Leme.\u00a0<\/span><\/p>\n<p><span style=\"font-weight: 400;\">\u201cCom aquele gesto de minha mulher e correndo diante do meu pequeno filho, senti a obriga\u00e7\u00e3o moral de chegar ao final. Ganhei f\u00f4lego e cheguei, claro. A satisfa\u00e7\u00e3o e o prazer daquele feito \u00e9 indescrit\u00edvel\u201d.<\/span><\/p>\n<p><span style=\"font-weight: 400;\">A participa\u00e7\u00e3o de Jabour naquela maratona foi o ponto de partida para v\u00e1rias mudan\u00e7as na sua vida.<\/span><\/p>\n<blockquote><p><b><i>\u201cPeguei gosto pela corrida de longa dist\u00e2ncia. Mas, al\u00e9m da prova, em 1984 acabei trabalhando na equipe de Fl\u00e1vio Behring, que era o diretor da Viva Promo\u00e7\u00f5es, uma revista criada pelo Jornal do Brasil para organizar e apoiar os eventos esportivos da empresa, como a Maratona do Rio\u201d<\/i><\/b><\/p><\/blockquote>\n<p><span style=\"font-weight: 400;\">Pela experi\u00eancia que adquiriu na Maratona do Rio, Jabour, personagem desta entrevista, viria a ser, a partir dos anos 1990, o coordenador da Maratona Bras\u00edlia. O evento, interrompido em 1997, voltou \u00e0s ruas da capital da Rep\u00fablica em 21 de abril de 2023. E, em 2024, ser\u00e1 novamente promovida, sempre com a chancela do jornal Correio Braziliense, idealizador da prova.\u00a0<\/span><\/p>\n<p><b>Estrutura\u00a0\u00a0<\/b><\/p>\n<p><span style=\"font-weight: 400;\">Depois da prova, o v\u00ednculo de Jabour com <\/span><i><span style=\"font-weight: 400;\">Behring<\/span><\/i><span style=\"font-weight: 400;\"> continuou. Advogado, ele passou a cuidar dos contratos das maratonas seguintes.\u00a0<\/span><\/p>\n<p><span style=\"font-weight: 400;\">\u201cUma corrida para 10 mil pessoas exige grande prepara\u00e7\u00e3o e muitos cuidados, como inscri\u00e7\u00f5es, distribui\u00e7\u00e3o dos kits, cronometragem, seguran\u00e7a, atendimento m\u00e9dico, hidrata\u00e7\u00e3o, enfim\u201d, discorre Jabour. \u201cO aparato \u00e9 enorme e <\/span><i><span style=\"font-weight: 400;\">Behring<\/span><\/i><span style=\"font-weight: 400;\"> precisava de um advogado para cuidar dos contratos com as empresas que prestavam esses servi\u00e7os especializados \u00e0 maratona. Foi assim que me envolvi com esse segmento do esporte\u201d.<\/span><\/p>\n<figure id=\"attachment_2233\" aria-describedby=\"caption-attachment-2233\" style=\"width: 286px\" class=\"wp-caption aligncenter\"><a href=\"https:\/\/memoriadaculturaesportebsb.com.br\/wp-content\/uploads\/2023\/12\/WhatsApp-Image-2023-12-12-at-08.28.41.jpeg\"><img loading=\"lazy\" decoding=\"async\" class=\"wp-image-2233 size-full\" src=\"https:\/\/memoriadaculturaesportebsb.com.br\/wp-content\/uploads\/2023\/12\/WhatsApp-Image-2023-12-12-at-08.28.41.jpeg\" alt=\"\" width=\"286\" height=\"176\" \/><\/a><figcaption id=\"caption-attachment-2233\" class=\"wp-caption-text\">Corredores tem vista maravilhosa dos principais cart\u00f5es postais do Rio de Janeiro<\/figcaption><\/figure>\n<p><b>Internacional<\/b><\/p>\n<p><span style=\"font-weight: 400;\">O tempo passou e a Maratona do Rio de Janeiro ganhou fama e charme. Passou a ser \u201cinternacional\u201d, com premia\u00e7\u00f5es alt\u00edssimas, em d\u00f3lar, inclusive. A entrega dos kits era no hist\u00f3rico Copacabana Palace, o hotel oficial da prova, onde se hospedavam os corredores do pelot\u00e3o de elite. O evento cresceu, mas em 1989 Jos\u00e9 In\u00e1cio deixou o Jornal do Brasil e foi trabalhar no concorrente O Dia. Jabour recorda:<\/span><\/p>\n<blockquote><p><b><i>\u201cCom a sa\u00edda de Werneck, o Jornal do Brasil reformulou a sua equipe de promo\u00e7\u00e3o do esporte e colocou Fl\u00e1vio Behring \u00e0 frente. Eu fui promovido e subi para um cargo do segundo escal\u00e3o, quando adquiri mais conhecimentos sobre a organiza\u00e7\u00e3o de maratonas\u201d<\/i><\/b><\/p><\/blockquote>\n<p><b>Maratona Bras\u00edlia<\/b><\/p>\n<p><span style=\"font-weight: 400;\">Foi gra\u00e7as a esses conhecimentos que Miguel Jabour tornou-se um especialista nesse segmento e acabou sendo convidado para vir organizar a Maratona Bras\u00edlia.\u00a0<\/span><\/p>\n<p><span style=\"font-weight: 400;\">\u201cEm fevereiro de 1991 recebi um telefonema de Joaquim Pires. A dire\u00e7\u00e3o do Correio promoveria uma maratona em 21 de abril \u2013 data da funda\u00e7\u00e3o da cidade \u2013 e me queria como o organizador da prova\u201d, conta Jabour.\u00a0<\/span><\/p>\n<p><span style=\"font-weight: 400;\">Joaquim Pires era um portugu\u00eas que sabia muito sobre corridas de rua em geral e de maratonas em particular. Havia corrido v\u00e1rias dessas provas no mundo. Em Bras\u00edlia, onde morava, Pires criou o COBRA \u2013 Corredores de Rua de Bras\u00edlia \u2013 um bem estruturado clube que reunia a nata dos atletas da cidade.\u00a0<\/span><\/p>\n<figure id=\"attachment_2234\" aria-describedby=\"caption-attachment-2234\" style=\"width: 206px\" class=\"wp-caption alignleft\"><a href=\"https:\/\/memoriadaculturaesportebsb.com.br\/wp-content\/uploads\/2023\/12\/WhatsApp-Image-2023-12-12-at-08.28.42.jpeg\"><img loading=\"lazy\" decoding=\"async\" class=\"size-full wp-image-2234\" src=\"https:\/\/memoriadaculturaesportebsb.com.br\/wp-content\/uploads\/2023\/12\/WhatsApp-Image-2023-12-12-at-08.28.42.jpeg\" alt=\"\" width=\"206\" height=\"190\" \/><\/a><figcaption id=\"caption-attachment-2234\" class=\"wp-caption-text\">Maratona do Rio, uma das 14 provas de 41,195km que Miguel Jabour concluiu<\/figcaption><\/figure>\n<p><span style=\"font-weight: 400;\">Jabour, por sua vez, j\u00e1 havia participado de sete maratonas em Nova Iorque, onde encontrava Joaquim Pires, do qual se tornou amigo. Em cada uma dessas idas aos Estados Unidos, Jabour aproveitava para aumentar os conhecimentos sobre a famosa corrida, conhecer as novidades em cada edi\u00e7\u00e3o, os avan\u00e7os tecnol\u00f3gicos, a crescente melhoria no atendimento aos atletas, fazer novas amizades, etc.<\/span><\/p>\n<p><span style=\"font-weight: 400;\">\u201cNo total, corri tr\u00eas provas da S\u00e3o Silvestre e 14 maratonas, sendo sete em Nova Iorque, cinco no Rio de janeiro, uma em S\u00e3o Paulo e outra em Blumenau, essa \u00faltima a que considero com o melhor percurso\u201d, disse Jabour.\u00a0<\/span><\/p>\n<p><b>A partida<\/b><\/p>\n<p><span style=\"font-weight: 400;\">A reuni\u00e3o de Jabour no Correio Braziliense foi com o alto comando do jornal, comandada pelo ent\u00e3o presidente da empresa, o advogado Paulo Cabral, tamb\u00e9m jornalista de \u00f3tima orat\u00f3ria.\u00a0<\/span><\/p>\n<p><span style=\"font-weight: 400;\">Indo direto ao assunto, o di\u00e1logo foi mais ou menos assim:<\/span><\/p>\n<p><span style=\"font-weight: 400;\">&#8211; Vamos fazer uma maratona em Bras\u00edlia e queremos que voc\u00ea organize e coordene essa corrida! \u2013 disse Paulo Cabral<\/span><\/p>\n<p><span style=\"font-weight: 400;\">&#8211; Mas o custo dessa prova \u00e9 muito alto \u2013 reagiu Jabour.<\/span><\/p>\n<p><span style=\"font-weight: 400;\">&#8211; N\u00e3o tem problema. Vamos fazer. E vamos come\u00e7ar agora. Quanto voc\u00ea quer ganhar? \u2013 insistiu Cabral, demonstrando determina\u00e7\u00e3o sobre o tema.\u00a0<\/span><\/p>\n<p><span style=\"font-weight: 400;\">Feitos os acertos, mais uma hora de conversa e a parceria foi fechada.\u00a0<\/span><\/p>\n<p><span style=\"font-weight: 400;\">Nesse encontro estavam expoentes da empresa, como os diretores Mauricio Dineppi, Luiz Adolpho Pinheiro, Evaristo de Oliveira, o articulador e grande incentivador do evento, Joaquim Pires e o jornalista Marcondes Brito, editor de Esportes do jornal, \u00e0 \u00e9poca.\u00a0<\/span><\/p>\n<p><b>A equipe<\/b><\/p>\n<p><span style=\"font-weight: 400;\">Quando veio para a reuni\u00e3o, Jabour imaginava retornar no fim de tarde para o Rio de Janeiro. Acabou ficando quatro dias. Era preciso agir logo, pois tinha s\u00f3 dois meses para preparar a corrida.\u00a0<\/span><\/p>\n<p><span style=\"font-weight: 400;\">Al\u00e9m de j\u00e1 conhecer alguns personagens que sabiam sobre corridas de rua, Jabour endossou sugest\u00f5es de Joaquim Pires e o time para o grande evento foi se formando para as diferentes frentes de trabalho: Daso Coimbra, S\u00e9rgio Lima da Gra\u00e7a, Ant\u00f4nio Augusto Pinheiro, Coronel Lima Verde, Hideamo Bonif\u00e1cio de Oliveira, que era doutor em Ci\u00eancias da Sa\u00fade e Mestre em atividade f\u00edsica e o m\u00e9dico Pedro Carrusca. \u201cS\u00f3 tinha especialista\u201d, lembra Jabour.<\/span><\/p>\n<blockquote><p><b><i>\u201cOrganizar uma maratona \u00e9 como organizar uma escola de samba, tudo setorizado: partes t\u00e9cnicas, m\u00e9dica, promocional, inscri\u00e7\u00f5es, largada da prova, computa\u00e7\u00e3o de resultados&#8230; cada setor entrando no momento oportuno fixado no cronograma.<\/i><\/b><\/p><\/blockquote>\n<p><span style=\"font-weight: 400;\">Jabour observou que tinha \u201cgente competente\u201d na equipe e isso lhe dava tranquilidade para pensar numa grande organiza\u00e7\u00e3o. Mais: pelo prest\u00edgio do jornal na cidade, houve apoio de \u00f3rg\u00e3os importantes na estrutura da prova, como o Comando Militar do Planalto, Pol\u00edcia Militar, Bombeiros etc.\u00a0<\/span><b>\u00a0\u00a0<\/b><\/p>\n<p><a href=\"https:\/\/memoriadaculturaesportebsb.com.br\/wp-content\/uploads\/2023\/12\/WhatsApp-Image-2023-12-12-at-08.28.42-1.jpeg\"><img loading=\"lazy\" decoding=\"async\" class=\"aligncenter wp-image-2235 size-full\" src=\"https:\/\/memoriadaculturaesportebsb.com.br\/wp-content\/uploads\/2023\/12\/WhatsApp-Image-2023-12-12-at-08.28.42-1.jpeg\" alt=\"\" width=\"675\" height=\"450\" srcset=\"https:\/\/memoriadaculturaesportebsb.com.br\/wp-content\/uploads\/2023\/12\/WhatsApp-Image-2023-12-12-at-08.28.42-1.jpeg 675w, https:\/\/memoriadaculturaesportebsb.com.br\/wp-content\/uploads\/2023\/12\/WhatsApp-Image-2023-12-12-at-08.28.42-1-300x200.jpeg 300w\" sizes=\"auto, (max-width: 675px) 100vw, 675px\" \/><\/a><\/p>\n<p><span style=\"font-weight: 400;\">Foi gra\u00e7as a essas parcerias que a largada da Corrida, no dia 21 de abril, data da funda\u00e7\u00e3o da cidade e do jornal Correio Braziliense, foi dada pelo ent\u00e3o governador Joaquim Roriz com tiro de festim de um hist\u00f3rico canh\u00e3o, cedido pelo Ex\u00e9rcito.\u00a0<\/span><\/p>\n<blockquote><p><b><i>\u201cChegou o dia 21 de abril. A cidade parou. A corrida foi uma grande festa, um espet\u00e1culo \u00e0 altura do anivers\u00e1rio da Capital da Rep\u00fablica. Depois da Maratona, o ent\u00e3o presidente, Fernando Collor de Mello, que tamb\u00e9m tinha o h\u00e1bito de correr, nos recebeu com os atletas e subimos a rampa do Pal\u00e1cio do Planalto. O mineiro Jo\u00e3o Batista Pacau ganhou, no masculino, e a brasiliense Carmem de Oliveira. no feminino\u201d<\/i><\/b><\/p><\/blockquote>\n<p><b>Parceria<\/b><\/p>\n<p><span style=\"font-weight: 400;\">No dia seguinte ao da hist\u00f3rica Maratona de Bras\u00edlia, Jabour foi ao gabinete de Paulo Cabral, no Correio Braziliense, para agradecer e se despedir. O diretor financeiro, Evaristo, estava presente.\u00a0<\/span><\/p>\n<p><span style=\"font-weight: 400;\">&#8211; N\u00e3o tem despedida \u2013 disse Cabral. Ano que vem tem mais!<\/span><\/p>\n<p><span style=\"font-weight: 400;\">A previs\u00e3o de Jabour se confirmara, a Maratona Bras\u00edlia n\u00e3o se restringiria a apenas uma edi\u00e7\u00e3o, veio para ficar.<\/span><\/p>\n<p><span style=\"font-weight: 400;\">Diante de outra realidade que enfrentava no Rio de Janeiro, Jabour decidiu se mudar para Bras\u00edlia. Conversou com Paulo Cabral, pois para essa mudan\u00e7a era preciso uma garantia de emprego.\u00a0<\/span><\/p>\n<p><span style=\"font-weight: 400;\">&#8211; Pode vir. Voc\u00ea est\u00e1 empregado \u2013 decretou Cabral.\u00a0\u00a0<\/span><\/p>\n<p><span style=\"font-weight: 400;\">Em decorr\u00eancia da confian\u00e7a m\u00fatua, foi criada uma empresa, a Correio Promo\u00e7\u00f5es e Eventos (CORPE), da qual Jabour era um dos acionistas, sendo que o jornal detinha 70% das cotas.\u00a0<\/span><\/p>\n<figure id=\"attachment_2236\" aria-describedby=\"caption-attachment-2236\" style=\"width: 618px\" class=\"wp-caption aligncenter\"><a href=\"https:\/\/memoriadaculturaesportebsb.com.br\/wp-content\/uploads\/2023\/12\/WhatsApp-Image-2023-12-12-at-08.28.43-1.jpeg\"><img loading=\"lazy\" decoding=\"async\" class=\"wp-image-2236 size-large\" src=\"https:\/\/memoriadaculturaesportebsb.com.br\/wp-content\/uploads\/2023\/12\/WhatsApp-Image-2023-12-12-at-08.28.43-1-1024x909.jpeg\" alt=\"\" width=\"618\" height=\"549\" srcset=\"https:\/\/memoriadaculturaesportebsb.com.br\/wp-content\/uploads\/2023\/12\/WhatsApp-Image-2023-12-12-at-08.28.43-1-1024x909.jpeg 1024w, https:\/\/memoriadaculturaesportebsb.com.br\/wp-content\/uploads\/2023\/12\/WhatsApp-Image-2023-12-12-at-08.28.43-1-300x266.jpeg 300w, https:\/\/memoriadaculturaesportebsb.com.br\/wp-content\/uploads\/2023\/12\/WhatsApp-Image-2023-12-12-at-08.28.43-1-768x682.jpeg 768w, https:\/\/memoriadaculturaesportebsb.com.br\/wp-content\/uploads\/2023\/12\/WhatsApp-Image-2023-12-12-at-08.28.43-1-1536x1364.jpeg 1536w, https:\/\/memoriadaculturaesportebsb.com.br\/wp-content\/uploads\/2023\/12\/WhatsApp-Image-2023-12-12-at-08.28.43-1.jpeg 1600w\" sizes=\"auto, (max-width: 618px) 100vw, 618px\" \/><\/a><figcaption id=\"caption-attachment-2236\" class=\"wp-caption-text\">Carmem de Oliveira de Jo\u00e3o Batista Pacau recebem o cheque de R$ 350 mil, cada um, na vit\u00f3ria da 1\u00aa Maratona Bras\u00edlia (R$ 50 mil, em moeda atualizada)<\/figcaption><\/figure>\n<p><b>Mudan\u00e7as<\/b><\/p>\n<p><span style=\"font-weight: 400;\">Diante desse novo quadro, Miguel Jabour precisou alterar a sua rota profissional.\u00a0<\/span><\/p>\n<p><span style=\"font-weight: 400;\">Numa de suas viagens ao Rio para rever a fam\u00edlia Jabour concluiu que n\u00e3o era mais poss\u00edvel tratar como \u201cbico\u201d a organiza\u00e7\u00e3o de uma maratona gigantesca, como a que ele estava envolvido. Foi quando tomou a decis\u00e3o extrema: depois de 16 anos atuando em diferentes causas e frequentando o F\u00f3rum do Rio de Janeiro ele, enfim, \u201cpendurou a toga\u201d e passou a se dedicar exclusivamente daquela atividade que tamb\u00e9m gostava muito, organizar corridas de rua.\u00a0<\/span><\/p>\n<p><b>Seletiva<\/b><\/p>\n<p><span style=\"font-weight: 400;\">Depois, j\u00e1 instalado em Bras\u00edlia e com a situa\u00e7\u00e3o funcional resolvida, a Correio Promo\u00e7\u00f5es partiu para novos eventos, al\u00e9m de ter repetido a Maratona Bras\u00edlia, em 1992, com o mesmo sucesso. As provas foram se sucedendo e ganhando em prest\u00edgio, gra\u00e7as \u00e0 impec\u00e1vel organiza\u00e7\u00e3o, que evolu\u00eda.\u00a0<\/span><\/p>\n<p><span style=\"font-weight: 400;\">A cada nova edi\u00e7\u00e3o da maratona crescia a participa\u00e7\u00e3o de brasileiros de todos os estados nacionais. A prova ganhou o aval da Confedera\u00e7\u00e3o Brasileira de Atletismo e se tornou seletiva para o Campeonato Sul-Americano. Isso fez com que os atletas com melhores tempos, no masculino e no feminino, aqui viessem correr, valorizando o pelot\u00e3o de elite e atraindo mais p\u00fablico \u00e0s ruas.\u00a0\u00a0<\/span><\/p>\n<p><b>Inova\u00e7\u00f5es<\/b><\/p>\n<p><span style=\"font-weight: 400;\">Em 1997, por\u00e9m, com a mudan\u00e7as na c\u00fapula do Correio Braziliense, a nova dire\u00e7\u00e3o descontinuou a tradicional corrida. Por\u00e9m, em 2007, a Maratona ressurgiu, mas com uma novidade: Maratona de Revezamento.\u00a0<\/span><\/p>\n<p><span style=\"font-weight: 400;\">A nova estrutura na prova tinha boas justificavas, entre elas a falta de competi\u00e7\u00f5es de longa dist\u00e2ncia, como a maratona. Ou seja, os corredores de maratona estavam desacostumados e sem treinos para a dist\u00e2ncia \u00fanica de 42,195km.<\/span><\/p>\n<p><span style=\"font-weight: 400;\">Em segundo lugar, a maratona de revezamento estava na moda no Brasil. Al\u00e9m disso permitia a corrida em equipes de academias, de clubes, etc, o que aumentava a rivalidade. E, principalmente, era uma corrida mais democr\u00e1tica, pois, na pr\u00e1tica, ao se revezar nos 5km ou nos 10km pode-se dizer que \u201cparticipou da maratona\u201d.<\/span><\/p>\n<p><span style=\"font-weight: 400;\">A Maratona de Revezamento tinha tr\u00eas categorias: revezamentos de 5km, de 10km e de 21km. Ou seja, nessa \u00faltima, participavam dois por equipe; na de 10km eram quatro por time. \u201cIsso mostra porque tivemos cinco mil inscritos s\u00f3 nas equipes de revezamento dos 5km e dos 10km\u201d, explica Miguel Jabour.\u00a0<\/span><\/p>\n<p><b>Marotinha<\/b><\/p>\n<p><span style=\"font-weight: 400;\">Al\u00e9m da Maratona de Revezamento, o Correio Promo\u00e7\u00f5es voltou a inovar com prova \u201cMarotinha\u201d, corrida infantil de curtas dist\u00e2ncias comemorativa ao Dia das Crian\u00e7as. Com quatro mil inscritos, a Marotinha revelou-se novo sucesso na cidade.\u00a0<\/span><\/p>\n<p><span style=\"font-weight: 400;\">Jabour lembra que o campe\u00e3o de uma das baterias \u2013 por faixa et\u00e1ria \u2013 da 1\u00aa Marotinha, foi o brasiliense, de Ceil\u00e2ndia, Marilson Gomes dos Santos, que anos depois se tornaria bicampe\u00e3o da tradicional Maratona de Nova Iorque.\u00a0<\/span><\/p>\n<figure id=\"attachment_2237\" aria-describedby=\"caption-attachment-2237\" style=\"width: 618px\" class=\"wp-caption aligncenter\"><a href=\"https:\/\/memoriadaculturaesportebsb.com.br\/wp-content\/uploads\/2023\/12\/WhatsApp-Image-2023-12-12-at-08.28.44.jpeg\"><img loading=\"lazy\" decoding=\"async\" class=\"wp-image-2237 size-large\" src=\"https:\/\/memoriadaculturaesportebsb.com.br\/wp-content\/uploads\/2023\/12\/WhatsApp-Image-2023-12-12-at-08.28.44-1024x683.jpeg\" alt=\"\" width=\"618\" height=\"412\" srcset=\"https:\/\/memoriadaculturaesportebsb.com.br\/wp-content\/uploads\/2023\/12\/WhatsApp-Image-2023-12-12-at-08.28.44-1024x683.jpeg 1024w, https:\/\/memoriadaculturaesportebsb.com.br\/wp-content\/uploads\/2023\/12\/WhatsApp-Image-2023-12-12-at-08.28.44-300x200.jpeg 300w, https:\/\/memoriadaculturaesportebsb.com.br\/wp-content\/uploads\/2023\/12\/WhatsApp-Image-2023-12-12-at-08.28.44-768x512.jpeg 768w, https:\/\/memoriadaculturaesportebsb.com.br\/wp-content\/uploads\/2023\/12\/WhatsApp-Image-2023-12-12-at-08.28.44.jpeg 1080w\" sizes=\"auto, (max-width: 618px) 100vw, 618px\" \/><\/a><figcaption id=\"caption-attachment-2237\" class=\"wp-caption-text\">Marilson Gomes dos Santos venceu a 1\u00aa Marotinha de Bras\u00edlia. Anos depois, se tornaria bicampe\u00e3o da Maratona de Nova Iorque<\/figcaption><\/figure>\n<p><span style=\"font-weight: 400;\">Al\u00e9m dessas provas, a CORPE aproveitou as f\u00e9rias escolares e promoveu o \u201cTaref\u00e3o\u201d, que era a super gincana de Bas\u00edlia, e o Aberto de Truco, com a participa\u00e7\u00e3o de 5 mil jogadores. Na pr\u00e1tica, era uma forma l\u00fadica de o jornal tamb\u00e9m se relacionar com o seu p\u00fablico.<\/span><\/p>\n<p><b>Volta \u00e0s origens<\/b><\/p>\n<p><span style=\"font-weight: 400;\">Dezesseis anos depois da \u00faltima prova, o Correio Braziliense j\u00e1 prepara a Maratona Bras\u00edlia 2024. Quem conta a novidade \u00e9 o mesmo organizador da primeira prova, Miguel Jabour, hoje com 67 anos, mas ainda se mantendo em atividades de corridas.\u00a0<\/span><\/p>\n<p><span style=\"font-weight: 400;\">\u201cO Correio Braziliense est\u00e1 sob a presid\u00eancia de Guilherme Machado. Ele decidiu promover mais uma corrida festiva e com o mesmo objetivo, festejar o anivers\u00e1rio de Bras\u00edlia com boa parte de sua popula\u00e7\u00e3o na rua\u201d, disse Jabour.\u00a0<\/span><\/p>\n<blockquote><p><b><i>\u201cA largada da Maratona Bras\u00edlia de 2024 ser\u00e1 \u00e0s 7h em frente ao Museu da Rep\u00fablica, mesmo local da chegada. E teremos mais de uma dist\u00e2ncia para permitir a participa\u00e7\u00e3o do maior n\u00famero der corredores. Assim, as inscri\u00e7\u00f5es poder\u00e3o ser feitas para as provas de 3km, 5km, 10km, meia maratona e maratona\u201d.<\/i><\/b><\/p><\/blockquote>\n<p><b>Muito f\u00f4lego<\/b><\/p>\n<p><span style=\"font-weight: 400;\">Ativo na rotina di\u00e1ria de trabalho, Miguel Jabour revela que, aos 67 anos, ainda corre \u201cpequenas dist\u00e2ncias\u201d e faz \u201clongas caminhadas\u201d. Faz sentido, pois o preparo f\u00edsico e bom f\u00f4lego s\u00e3o indispens\u00e1veis para quem se envolve com a organiza\u00e7\u00e3o de uma grande prova, como a Maratona Bras\u00edlia. Para esses, a corrida come\u00e7a bem mais cedo.<\/span><\/p>\n","protected":false},"excerpt":{"rendered":"<p>Por Jos\u00e9 Cruz Al\u00e9m dos personagens das artes e do esporte, tamb\u00e9m eventos que marcaram \u00e9poca fazem parte do patrim\u00f4nio cultural da Capital da Rep\u00fablica.\u00a0 A \u201cMaratona Bras\u00edlia\u201d, do Correio Braziliense, est\u00e1 entre essas promo\u00e7\u00f5es. \u00c9 sobre ela e outras provas que Miguel Jabour lembra como a hist\u00f3rica corrida tornou-se uma das marcas registradas do &hellip;<\/p>\n","protected":false},"author":2,"featured_media":2231,"comment_status":"closed","ping_status":"closed","sticky":false,"template":"","format":"standard","meta":{"footnotes":""},"categories":[13,3,6,4,14],"tags":[],"class_list":["post-2230","post","type-post","status-publish","format-standard","has-post-thumbnail","","category-colunistas","category-destaque","category-entrevistas","category-esporte","category-jose-cruz"],"_links":{"self":[{"href":"https:\/\/memoriadaculturaesportebsb.com.br\/index.php\/wp-json\/wp\/v2\/posts\/2230","targetHints":{"allow":["GET"]}}],"collection":[{"href":"https:\/\/memoriadaculturaesportebsb.com.br\/index.php\/wp-json\/wp\/v2\/posts"}],"about":[{"href":"https:\/\/memoriadaculturaesportebsb.com.br\/index.php\/wp-json\/wp\/v2\/types\/post"}],"author":[{"embeddable":true,"href":"https:\/\/memoriadaculturaesportebsb.com.br\/index.php\/wp-json\/wp\/v2\/users\/2"}],"replies":[{"embeddable":true,"href":"https:\/\/memoriadaculturaesportebsb.com.br\/index.php\/wp-json\/wp\/v2\/comments?post=2230"}],"version-history":[{"count":2,"href":"https:\/\/memoriadaculturaesportebsb.com.br\/index.php\/wp-json\/wp\/v2\/posts\/2230\/revisions"}],"predecessor-version":[{"id":2239,"href":"https:\/\/memoriadaculturaesportebsb.com.br\/index.php\/wp-json\/wp\/v2\/posts\/2230\/revisions\/2239"}],"wp:featuredmedia":[{"embeddable":true,"href":"https:\/\/memoriadaculturaesportebsb.com.br\/index.php\/wp-json\/wp\/v2\/media\/2231"}],"wp:attachment":[{"href":"https:\/\/memoriadaculturaesportebsb.com.br\/index.php\/wp-json\/wp\/v2\/media?parent=2230"}],"wp:term":[{"taxonomy":"category","embeddable":true,"href":"https:\/\/memoriadaculturaesportebsb.com.br\/index.php\/wp-json\/wp\/v2\/categories?post=2230"},{"taxonomy":"post_tag","embeddable":true,"href":"https:\/\/memoriadaculturaesportebsb.com.br\/index.php\/wp-json\/wp\/v2\/tags?post=2230"}],"curies":[{"name":"wp","href":"https:\/\/api.w.org\/{rel}","templated":true}]}}