{"id":2225,"date":"2023-12-10T09:18:52","date_gmt":"2023-12-10T12:18:52","guid":{"rendered":"https:\/\/memoriadaculturaesportebsb.com.br\/?p=2225"},"modified":"2024-01-12T17:14:08","modified_gmt":"2024-01-12T20:14:08","slug":"entrevista-naci-ribeiro","status":"publish","type":"post","link":"https:\/\/memoriadaculturaesportebsb.com.br\/index.php\/2023\/12\/10\/entrevista-naci-ribeiro\/","title":{"rendered":"Entrevista: Nanci Ribeiro"},"content":{"rendered":"<p>Em entrevista exclusiva ao Portal da Mem\u00f3ria da Cultura e do Esporte de Bras\u00edlia, Nanci Ribeiro, m\u00e3e da saudosa C\u00e1ssia Eller conta hist\u00f3rias da filha e sua trajet\u00f3ria como um dos grande \u00edcones da m\u00fasica popular brasileira. Confira:<\/p>\n<p><iframe loading=\"lazy\" title=\"Entrevista Nanci Ribeiro 10nov2023\" width=\"618\" height=\"348\" src=\"https:\/\/www.youtube.com\/embed\/QQxMCmc4SlM?feature=oembed\" frameborder=\"0\" allow=\"accelerometer; autoplay; clipboard-write; encrypted-media; gyroscope; picture-in-picture; web-share\" referrerpolicy=\"strict-origin-when-cross-origin\" allowfullscreen><\/iframe><\/p>\n<p>Com apoio t\u00e9cnico de Ronaldo Pereira Filmagens.<\/p>\n","protected":false},"excerpt":{"rendered":"<p>Em entrevista exclusiva ao Portal da Mem\u00f3ria da Cultura e do Esporte de Bras\u00edlia, Nanci Ribeiro, m\u00e3e da saudosa C\u00e1ssia Eller conta hist\u00f3rias da filha e sua trajet\u00f3ria como um dos grande \u00edcones da m\u00fasica popular brasileira. Confira: Com apoio t\u00e9cnico de Ronaldo Pereira Filmagens.<\/p>\n","protected":false},"author":2,"featured_media":2227,"comment_status":"closed","ping_status":"closed","sticky":false,"template":"","format":"standard","meta":{"footnotes":""},"categories":[13,3,6,14],"tags":[],"class_list":["post-2225","post","type-post","status-publish","format-standard","has-post-thumbnail","","category-colunistas","category-destaque","category-entrevistas","category-jose-cruz"],"_links":{"self":[{"href":"https:\/\/memoriadaculturaesportebsb.com.br\/index.php\/wp-json\/wp\/v2\/posts\/2225","targetHints":{"allow":["GET"]}}],"collection":[{"href":"https:\/\/memoriadaculturaesportebsb.com.br\/index.php\/wp-json\/wp\/v2\/posts"}],"about":[{"href":"https:\/\/memoriadaculturaesportebsb.com.br\/index.php\/wp-json\/wp\/v2\/types\/post"}],"author":[{"embeddable":true,"href":"https:\/\/memoriadaculturaesportebsb.com.br\/index.php\/wp-json\/wp\/v2\/users\/2"}],"replies":[{"embeddable":true,"href":"https:\/\/memoriadaculturaesportebsb.com.br\/index.php\/wp-json\/wp\/v2\/comments?post=2225"}],"version-history":[{"count":3,"href":"https:\/\/memoriadaculturaesportebsb.com.br\/index.php\/wp-json\/wp\/v2\/posts\/2225\/revisions"}],"predecessor-version":[{"id":2250,"href":"https:\/\/memoriadaculturaesportebsb.com.br\/index.php\/wp-json\/wp\/v2\/posts\/2225\/revisions\/2250"}],"wp:featuredmedia":[{"embeddable":true,"href":"https:\/\/memoriadaculturaesportebsb.com.br\/index.php\/wp-json\/wp\/v2\/media\/2227"}],"wp:attachment":[{"href":"https:\/\/memoriadaculturaesportebsb.com.br\/index.php\/wp-json\/wp\/v2\/media?parent=2225"}],"wp:term":[{"taxonomy":"category","embeddable":true,"href":"https:\/\/memoriadaculturaesportebsb.com.br\/index.php\/wp-json\/wp\/v2\/categories?post=2225"},{"taxonomy":"post_tag","embeddable":true,"href":"https:\/\/memoriadaculturaesportebsb.com.br\/index.php\/wp-json\/wp\/v2\/tags?post=2225"}],"curies":[{"name":"wp","href":"https:\/\/api.w.org\/{rel}","templated":true}]}}