{"id":2223,"date":"2023-12-07T19:23:24","date_gmt":"2023-12-07T22:23:24","guid":{"rendered":"https:\/\/memoriadaculturaesportebsb.com.br\/?p=2223"},"modified":"2023-12-07T19:23:24","modified_gmt":"2023-12-07T22:23:24","slug":"a-missao-esta-sendo-cumprida","status":"publish","type":"post","link":"https:\/\/memoriadaculturaesportebsb.com.br\/index.php\/2023\/12\/07\/a-missao-esta-sendo-cumprida\/","title":{"rendered":"A miss\u00e3o est\u00e1 sendo cumprida"},"content":{"rendered":"<p class=\"s3\"><a href=\"https:\/\/memoriadaculturaesportebsb.com.br\/wp-content\/uploads\/2023\/03\/Paesevinhos2.jpg\"><img loading=\"lazy\" decoding=\"async\" class=\"aligncenter wp-image-1798 size-full\" src=\"https:\/\/memoriadaculturaesportebsb.com.br\/wp-content\/uploads\/2023\/03\/Paesevinhos2.jpg\" alt=\"\" width=\"1600\" height=\"847\" srcset=\"https:\/\/memoriadaculturaesportebsb.com.br\/wp-content\/uploads\/2023\/03\/Paesevinhos2.jpg 1600w, https:\/\/memoriadaculturaesportebsb.com.br\/wp-content\/uploads\/2023\/03\/Paesevinhos2-300x159.jpg 300w, https:\/\/memoriadaculturaesportebsb.com.br\/wp-content\/uploads\/2023\/03\/Paesevinhos2-1024x542.jpg 1024w, https:\/\/memoriadaculturaesportebsb.com.br\/wp-content\/uploads\/2023\/03\/Paesevinhos2-768x407.jpg 768w, https:\/\/memoriadaculturaesportebsb.com.br\/wp-content\/uploads\/2023\/03\/Paesevinhos2-1536x813.jpg 1536w, https:\/\/memoriadaculturaesportebsb.com.br\/wp-content\/uploads\/2023\/03\/Paesevinhos2-310x165.jpg 310w\" sizes=\"auto, (max-width: 1600px) 100vw, 1600px\" \/><\/a>\u200b<span class=\"s4\"><span class=\"bumpedFont15\">E l\u00e1 vamos n\u00f3s para mais um ano vencido.<\/span><\/span><\/p>\n<p class=\"s3\">\u200b<span class=\"s4\"><span class=\"bumpedFont15\">De nossa parte, fazendo entrevistas, escrevendo reportagens e gravando lembran\u00e7as<\/span><\/span><span class=\"s4\"><span class=\"bumpedFont15\">,<\/span><\/span><span class=\"s4\"><span class=\"bumpedFont15\"> gra\u00e7as aos valiosos depoimentos que tivemos de mais de uma dezena de entrevistados. <\/span><\/span><\/p>\n<p class=\"s3\">\u200b<span class=\"s4\"><span class=\"bumpedFont15\">Com a participa\u00e7\u00e3o ativa e efetiva de tantos vamos recuperando hist\u00f3rias e bel\u00edssimas lembran\u00e7as <\/span><\/span><span class=\"s4\"><span class=\"bumpedFont15\">sobre a<\/span><\/span><span class=\"s4\"><span class=\"bumpedFont15\"> constru\u00e7\u00e3o cultural e esportiva de nossa querida Bras\u00edlia. <\/span><\/span><\/p>\n<p class=\"s3\">\u200b<span class=\"s4\"><span class=\"bumpedFont15\">A cidade \u00e9 nova, como sabem. E os que <\/span><\/span><span class=\"s4\"><span class=\"bumpedFont15\">a constru\u00edram, em v\u00e1rios segmentos, <\/span><\/span><span class=\"s4\"><span class=\"bumpedFont15\">ajudam<\/span><\/span><span class=\"s4\"><span class=\"bumpedFont15\"> a contar sobre as origens <\/span><\/span><span class=\"s4\"><span class=\"bumpedFont15\">da nossa <\/span><\/span><span class=\"s4\"><span class=\"bumpedFont15\">m\u00fasica, <\/span><\/span><span class=\"s4\"><span class=\"bumpedFont15\">d<\/span><\/span><span class=\"s4\"><span class=\"bumpedFont15\">a dan\u00e7a, <\/span><\/span><span class=\"s4\"><span class=\"bumpedFont15\">da literatura, das <\/span><\/span><span class=\"s4\"><span class=\"bumpedFont15\">artes, em geral, e <\/span><\/span><span class=\"s4\"><span class=\"bumpedFont15\">d<\/span><\/span><span class=\"s4\"><span class=\"bumpedFont15\">o esporte. <\/span><\/span><\/p>\n<p class=\"s5\"><span class=\"s4\"><span class=\"bumpedFont15\">Muito obrigado a todos que se tornaram parceiros neste trabalho<\/span><\/span><span class=\"s4\"><span class=\"bumpedFont15\"> e contribuem para que o site \u201cMem\u00f3ria da Cultura e do Esporte\u201d<\/span><\/span><span class=\"s4\"><span class=\"bumpedFont15\"> v\u00e1 cumprindo a miss\u00e3o para a qual foi criado. <\/span><\/span><\/p>\n<p class=\"s5\"><span class=\"s4\"><span class=\"bumpedFont15\">Desejamos um<\/span><\/span><span class=\"s4\"><span class=\"bumpedFont15\"> bel\u00edssimo Natal junto de suas fam\u00edlias, com as melhores b\u00ean\u00e7\u00e3os do Alto<\/span><\/span><span class=\"s4\"><span class=\"bumpedFont15\">. E <\/span><\/span><span class=\"s4\"><span class=\"bumpedFont15\">um 2024 com sa\u00fade e prosperidade<\/span><\/span><span class=\"s4\"><span class=\"bumpedFont15\">.<\/span><\/span><\/p>\n<p class=\"s5\"><span class=\"s4\"><span class=\"bumpedFont15\">M<\/span><\/span><span class=\"s4\"><span class=\"bumpedFont15\">uito obrigado!<\/span><\/span>\u200b\u200b\u200b\u200b<\/p>\n","protected":false},"excerpt":{"rendered":"<p>\u200bE l\u00e1 vamos n\u00f3s para mais um ano vencido. \u200bDe nossa parte, fazendo entrevistas, escrevendo reportagens e gravando lembran\u00e7as, gra\u00e7as aos valiosos depoimentos que tivemos de mais de uma dezena de entrevistados. \u200bCom a participa\u00e7\u00e3o ativa e efetiva de tantos vamos recuperando hist\u00f3rias e bel\u00edssimas lembran\u00e7as sobre a constru\u00e7\u00e3o cultural e esportiva de nossa querida &hellip;<\/p>\n","protected":false},"author":2,"featured_media":0,"comment_status":"closed","ping_status":"closed","sticky":false,"template":"","format":"standard","meta":{"footnotes":""},"categories":[1],"tags":[],"class_list":["post-2223","post","type-post","status-publish","format-standard","","category-sem-categoria"],"_links":{"self":[{"href":"https:\/\/memoriadaculturaesportebsb.com.br\/index.php\/wp-json\/wp\/v2\/posts\/2223","targetHints":{"allow":["GET"]}}],"collection":[{"href":"https:\/\/memoriadaculturaesportebsb.com.br\/index.php\/wp-json\/wp\/v2\/posts"}],"about":[{"href":"https:\/\/memoriadaculturaesportebsb.com.br\/index.php\/wp-json\/wp\/v2\/types\/post"}],"author":[{"embeddable":true,"href":"https:\/\/memoriadaculturaesportebsb.com.br\/index.php\/wp-json\/wp\/v2\/users\/2"}],"replies":[{"embeddable":true,"href":"https:\/\/memoriadaculturaesportebsb.com.br\/index.php\/wp-json\/wp\/v2\/comments?post=2223"}],"version-history":[{"count":1,"href":"https:\/\/memoriadaculturaesportebsb.com.br\/index.php\/wp-json\/wp\/v2\/posts\/2223\/revisions"}],"predecessor-version":[{"id":2224,"href":"https:\/\/memoriadaculturaesportebsb.com.br\/index.php\/wp-json\/wp\/v2\/posts\/2223\/revisions\/2224"}],"wp:attachment":[{"href":"https:\/\/memoriadaculturaesportebsb.com.br\/index.php\/wp-json\/wp\/v2\/media?parent=2223"}],"wp:term":[{"taxonomy":"category","embeddable":true,"href":"https:\/\/memoriadaculturaesportebsb.com.br\/index.php\/wp-json\/wp\/v2\/categories?post=2223"},{"taxonomy":"post_tag","embeddable":true,"href":"https:\/\/memoriadaculturaesportebsb.com.br\/index.php\/wp-json\/wp\/v2\/tags?post=2223"}],"curies":[{"name":"wp","href":"https:\/\/api.w.org\/{rel}","templated":true}]}}